{"id":2356,"date":"2021-05-21T19:41:24","date_gmt":"2021-05-22T00:41:24","guid":{"rendered":"https:\/\/www.aquilaguna.com\/?p=2356"},"modified":"2021-05-21T19:41:24","modified_gmt":"2021-05-22T00:41:24","slug":"gutierrez-jardon-reivincara-programas-sociales-que-funcionan","status":"publish","type":"post","link":"https:\/\/www.aquilaguna.com\/index.php\/2021\/05\/21\/gutierrez-jardon-reivincara-programas-sociales-que-funcionan\/","title":{"rendered":"Guti\u00e9rrez Jard\u00f3n reivincar\u00e1 programas sociales que funcionan."},"content":{"rendered":"\n<p>Torre\u00f3n, Coahuila.- &#8221;Reivindicar en los hechos, aquellos proyectos, programas e inversiones \u00a0 que operaban con recursos p\u00fablicos a trav\u00e9s de asignaciones espec\u00edficas en el Presupuesto\u00a0 Federal \u00a0 hoy vigente \u00a0 resultar\u00e1n eliminados, extintos, \u00a0 \u00a0 por decisi\u00f3n del grupo \u00a0 de legisladores\u00a0 de la\u00a0 mayor\u00eda\u00a0 partidista\u00a0 que artificiosamente \u00a0 constituye \u00a0 \u00a0 la C\u00e1mara de Diputados&#8221;, es el objetivo ultimo que pretende alcanzar, de resultar electo,\u00a0 el Licenciado Jos\u00e9 Antonio Guti\u00e9rrez Jard\u00f3n\u00a0 candidato en campa\u00f1a por \u00a0 el triunfo en el VI distrito Electoral Federal en Coahuila.<\/p>\n\n\n\n<p>Abordado\u00a0 tras\u00a0 reuni\u00f3n sostenida por el aspirante con grupos de ciudadanos\u00a0 convocados para escuchar sus propuestas, el\u00a0 candidato \u00a0 postulado por el Partido Revolucionario\u00a0 Institucional, argumenta\u00a0 para avalar su pretensi\u00f3n que, &#8221;en\u00a0 la eliminaci\u00f3n de otorgamiento de recursos p\u00fablicos,\u00a0 que quedaron como asunto del pasado para el presente r\u00e9gimen federal, hab\u00eda recursos que se destinaban a la promoci\u00f3n econ\u00f3mica de nuestro pa\u00eds, a la promoci\u00f3n de inversiones, no solo para el tema de inversi\u00f3n\u00a0 extranjera, sino tambi\u00e9n para los exportadores&#8221;.<\/p>\n\n\n\n<p>Conocedor de este \u00faltimo t,ma, luego de haber se desempe\u00f1ado como Secretario de Desarrollo Econ\u00f3mico en Coahuila apenas el r\u00e9gimen estatal anterior,\u00a0 agreg\u00f3 que, &#8221;desaparecieron a ProM\u00e9xico, desaparecen los fondos destinado\u00a0 Ciencias\u00a0 y Tecnolog\u00eda\u00a0 que se dispersaban a trav\u00e9s de Conacyt&#8221;.<\/p>\n\n\n\n<p>&#8216;Desaparecen\u00a0 los apoyos a los emprendedores, a las micro\u00a0 peque\u00f1as y medianas empresas, por un monto de mas de 4,500 millones de pesos que ten\u00edan este destino&#8221;.<\/p>\n\n\n\n<p>&#8221;Desaparecieron los\u00a0 fondos destinados al campo, en casi un 40%\u00a0 y adem\u00e1s, pulverizaron a los grandes productores, los cuales, ahora resulta que estos no tienen ning\u00fan beneficio, pero son los que aportan el equilibrio y la competitividad a los productos que se generan\u00a0 en el campo y con ello a la competitividad\u00a0 a nuestro pa\u00eds, en esos temas&#8221;.<\/p>\n\n\n\n<p>&#8221;Sin embargo, no se voltea a ver los da\u00f1os que se han generado por parte de tales decisiones de orden pol\u00edticas\u00a0 y que los mexicanos tenemos que retomar&#8221;.<\/p>\n\n\n\n<p>&#8221;Es un tema presupuestal, etiquetar de nueva cuenta un fondo para fortalecer a las micro, medianas y peque\u00f1as empresas y obvio apostarle a la ciencia, tecnolog\u00eda e investigaci\u00f3n que es lo que hacen los grandes pa\u00edses,\u00a0 pues\u00a0 aportan hasta el 55%\u00a0 de su Producto Interno Bruto para investigaci\u00f3n y desarrollo en tanto que M\u00e9xico, el nuestro que ya estaba alcanzando el !% para este tema, hoy registramos\u00a0 un retroceso en ese rubro&#8221;.<\/p>\n\n\n\n<p>A solo dos semanas de que concluya el periodo\u00a0 asignado por las leyes electorales para realizar campa\u00f1as\u00a0 de proselitismo, fue\u00a0 preguntada su\u00a0 propia evaluaci\u00f3n de tal trabajo, estimado el aspirante que \u00e9sta, &#8221;ha sido muy buena&#8221;.<\/p>\n\n\n\n<p>Agreg\u00f3 que, &#8221;estamos\u00a0 arriba en las encuestas, entre la gente hay una percepci\u00f3n que se ha ido\u00a0 complementando por muchos factores, el buen trabajo mostrado por el Gobierno Estatal, su responsabilidad ayuda mucho en los que estamos participando en esta contienda en el mismo partido, pues sabemos escuchar&#8221;.<\/p>\n\n\n\n<p>Adem\u00e1s, cita, &#8221;la fortaleza de nuestro partido, pues como se exhiben el resto, en su mayor\u00eda se encuentran fracturados,\u00a0 como es el caso de Acci\u00f3n nacional y MORENA&#8221;.<\/p>\n\n\n\n<p>Afirma luego que, &#8221;en el caso de Acci\u00f3n Nacional , \u00e9ste exhibe una fractura interna\u00a0 al momento que muchos de sus militantes, bueno,\u00a0 cuando su dirigente municipal, renuncia a tal encomienda en plena campa\u00f1a,\u00a0 siendo adem\u00e1s, como es el primer regidor de la actual administraci\u00f3n panista en Torre\u00f3n para irse a la campa\u00f1a del hoy fallido aspirante a la alcald\u00eda por MORENA&#8221;.<\/p>\n\n\n\n<p>&#8221;Tal caso exhibe de golpe la extensi\u00f3n y hondura de la fractura de ese organismo partidista en Torre\u00f3n&#8221;.<\/p>\n\n\n\n<p>Nosotros, dijo, &#8221;seguimos avanzando, llevado\u00a0 nuestra propuesta, sin desacreditar a nadie, como es el caso de otros, y\u00a0 la verdad, es que la gente se cansa de solo escuchar descalificaciones, pues mas bien desea escuchar propuestas y compromisos&#8221;.<\/p>\n\n\n\n<p>Adem\u00e1s, agrega,\u00a0 \u00a0 &#8221;el hecho es que a quienes les dieran el\u00a0 beneficio de representarlos \u00a0 en la C\u00e1mara de Diputados en la pasada elecci\u00f3n del 2018, pues tambi\u00e9n priorizaron\u00a0 sus intereses personales antes del inter\u00e9s com\u00fan&#8221;.<\/p>\n\n\n\n<p>&#8221;Hay una molestia no solo al interior de Acci\u00f3n Nacional&#8221;, considera, &#8221;sino tambi\u00e9n al interior de MORENA,\u00a0 pues al dictaminar\u00a0 rechaza el INE a \u00a0 su candidatura -al que es aun diputado federal con licencia-, por un error\u00a0 imputable a ellos mismos, que no subsanaron,\u00a0 buscan ahora involucrar a un familiar para que los represente&#8221;.\u00a0<\/p>\n\n\n\n<p>&#8221;Hay pues una molestia, tambi\u00e9n en el PT\u00a0 por haber\u00a0 apostado a tales personas\u00a0 que han dado tan pobres resultados&#8221;.<\/p>\n\n\n\n<p>&#8221;Nosotros, seguimos trabajando dice el Licenciado Guti\u00e9rrez\u00a0 Jard\u00f3n. No estamos confiados, seguimos escuchando a todos\u00a0 y llevando sin duda, la mejor propuesta\u00a0 electoral a nuestros ciudadanos&#8221;.<\/p>\n","protected":false},"excerpt":{"rendered":"<p>Torre\u00f3n, Coahuila.- &#8221;Reivindicar en los hechos, aquellos proyectos, programas e inversiones \u00a0 que operaban con recursos p\u00fablicos a trav\u00e9s de asignaciones espec\u00edficas en el Presupuesto\u00a0 Federal \u00a0 hoy vigente \u00a0 resultar\u00e1n eliminados, extintos, \u00a0 \u00a0 por decisi\u00f3n del grupo \u00a0 de legisladores\u00a0 de la\u00a0 mayor\u00eda\u00a0 partidista\u00a0 que artificiosamente \u00a0 constituye \u00a0 \u00a0 la C\u00e1mara de Diputados&#8221;, es el objetivo ultimo que pretende alcanzar, de resultar electo,\u00a0 el Licenciado Jos\u00e9 Antonio&#8230;<\/p>\n","protected":false},"author":2,"featured_media":0,"comment_status":"closed","ping_status":"","sticky":false,"template":"","format":"standard","meta":{"footnotes":""},"categories":[20,5,28,16,7],"tags":[],"class_list":["post-2356","post","type-post","status-publish","format-standard","hentry","category-campanas","category-coahuila","category-la-laguna","category-pri","category-torreon","wpcat-20-id","wpcat-5-id","wpcat-28-id","wpcat-16-id","wpcat-7-id"],"_links":{"self":[{"href":"https:\/\/www.aquilaguna.com\/index.php\/wp-json\/wp\/v2\/posts\/2356","targetHints":{"allow":["GET"]}}],"collection":[{"href":"https:\/\/www.aquilaguna.com\/index.php\/wp-json\/wp\/v2\/posts"}],"about":[{"href":"https:\/\/www.aquilaguna.com\/index.php\/wp-json\/wp\/v2\/types\/post"}],"author":[{"embeddable":true,"href":"https:\/\/www.aquilaguna.com\/index.php\/wp-json\/wp\/v2\/users\/2"}],"replies":[{"embeddable":true,"href":"https:\/\/www.aquilaguna.com\/index.php\/wp-json\/wp\/v2\/comments?post=2356"}],"version-history":[{"count":1,"href":"https:\/\/www.aquilaguna.com\/index.php\/wp-json\/wp\/v2\/posts\/2356\/revisions"}],"predecessor-version":[{"id":2357,"href":"https:\/\/www.aquilaguna.com\/index.php\/wp-json\/wp\/v2\/posts\/2356\/revisions\/2357"}],"wp:attachment":[{"href":"https:\/\/www.aquilaguna.com\/index.php\/wp-json\/wp\/v2\/media?parent=2356"}],"wp:term":[{"taxonomy":"category","embeddable":true,"href":"https:\/\/www.aquilaguna.com\/index.php\/wp-json\/wp\/v2\/categories?post=2356"},{"taxonomy":"post_tag","embeddable":true,"href":"https:\/\/www.aquilaguna.com\/index.php\/wp-json\/wp\/v2\/tags?post=2356"}],"curies":[{"name":"wp","href":"https:\/\/api.w.org\/{rel}","templated":true}]}}