{"id":23587,"date":"2024-11-25T21:38:59","date_gmt":"2024-11-26T03:38:59","guid":{"rendered":"https:\/\/www.aquilaguna.com\/?p=23587"},"modified":"2024-11-25T21:38:59","modified_gmt":"2024-11-26T03:38:59","slug":"firma-coahuila-acuerdo-nacional-por-el-derecho-al-agua-y-la-sustentabilidad","status":"publish","type":"post","link":"https:\/\/www.aquilaguna.com\/index.php\/2024\/11\/25\/firma-coahuila-acuerdo-nacional-por-el-derecho-al-agua-y-la-sustentabilidad\/","title":{"rendered":"FIRMA COAHUILA ACUERDO NACIONAL POR EL DERECHO AL AGUA Y LA SUSTENTABILIDAD."},"content":{"rendered":"\n<p>\u00b7&nbsp;&nbsp;&nbsp;&nbsp;&nbsp;&nbsp;<strong><em>En evento con la Presidenta Claudia Sheinbaum, se suma el gobernador Manolo Jim\u00e9nez para trabajar de manera coordinada en este tema&nbsp;<\/em><\/strong><\/p>\n\n\n\n<p>Ciudad de M\u00e9xico; a 25 de noviembre de 2024.- El gobernador Manolo Jim\u00e9nez Salinas acompa\u00f1\u00f3 a la presidenta Claudia Sheinbaum Pardo en la firma del Acuerdo Nacional por el Derecho Humano al Agua y la Sustentabilidad, el cual tiene como fin atender el estr\u00e9s h\u00eddrico que vive nuestro pa\u00eds.<\/p>\n\n\n\n<p>\u201cLos temas del agua son una prioridad para Coahuila, por ello nos sumamos al Acuerdo Nacional por el Derecho Humano al Agua y la Sustentabilidad impulsado por nuestra Presidenta de M\u00e9xico, Claudia Sheinbaum, a trav\u00e9s de la CONAGUA que dirige nuestro amigo Efra\u00edn Morales.&nbsp;&nbsp;Este acuerdo viene a fortalecer los planes h\u00eddricos que detonamos durante este a\u00f1o en nuestro Estado. Agradezco a nuestra Presidenta por su apoyo y me da gusto que pronto nos visitar\u00e1 en Coahuila. Trabajando en equipo siempre se logran mejores resultados\u201d, destac\u00f3 el mandatario coahuilense.&nbsp;<\/p>\n\n\n\n<p>Este documento lo firmaron entidades federativas, municipios, demarcaciones territoriales, usuarios industriales, agr\u00edcolas y pecuarios; Universidades y representantes del sector social.<\/p>\n\n\n\n<p>La Presidenta Claudia Sheinbaum destac\u00f3 que en 2025 se invertir\u00e1n al menos 9 mil millones de pesos en este proyecto, adem\u00e1s de se pondr\u00e1 en marcha un plan maestro en cada entidad de la Rep\u00fablica, que ser\u00e1n parte del Plan Nacional H\u00eddrico.<\/p>\n\n\n\n<p>De la misma manera, se\u00f1al\u00f3 que se realizar\u00e1 un plan de obras estrat\u00e9gicas que combine recursos federales y estatales, y coment\u00f3 que en el Norte del pa\u00eds se concentrar\u00e1n gran parte de estas obras ya que esta zona de M\u00e9xico sufre un gran estr\u00e9s h\u00eddrico, y resalt\u00f3 que todas estas acciones no descuidar\u00e1n el tema ambiental.<\/p>\n\n\n\n<p>El gobernador Manolo Jim\u00e9nez reiter\u00f3 que con la presidenta Claudia Sheinbaum se ha entablado una buena relaci\u00f3n y comunicaci\u00f3n, y que ha estado muy receptiva a los proyectos que se tienen en el tema del agua para Coahuila.<\/p>\n\n\n\n<p>Record\u00f3 que hace pocas semanas, junto al director de la CONAGUA, se revisaron los proyectos y obras del gran plan de agua para Coahuila que se llevar\u00e1 a cabo entre el Gobierno Federal y el Estatal. Coment\u00f3 que algunos de estos proyectos son el seguimiento de Agua Saludable para La Laguna, para las l\u00edneas de conducci\u00f3n y la rehabilitaci\u00f3n de redes de agua potable en las zonas urbanas, o el drenaje pluvial en Torre\u00f3n.<\/p>\n\n\n\n<p>Adem\u00e1s de la canalizaci\u00f3n del Arroyo del 4, en Saltillo; o las plantas de tratamiento de aguas residuales en la regi\u00f3n Carbon\u00edfera.<\/p>\n\n\n\n<p>\u201cA la Presidenta le reiteramos nuestro compromiso de trabajo coordinado para sacar adelante todos los proyectos, programas y obras que beneficien a las y los coahuilenses\u201d, manifest\u00f3 el gobernador Manolo Jim\u00e9nez.<\/p>\n\n\n\n<p>Los compromisos que contiene el Acuerdo Nacional por el Derecho Humano al Agua y la Sustentabilidad son:&nbsp;<\/p>\n\n\n\n<p>1. Garantizar el derecho humano al agua en cantidad y calidad.<\/p>\n\n\n\n<p>2. Hacer eficiente el uso del agua en los procesos productivos de las actividades industriales, agr\u00edcolas y pecuarias.<\/p>\n\n\n\n<p>3. Invertir, los tres \u00f3rdenes de gobierno, en materia de infraestructura en el marco del Programa Nacional H\u00eddrico.<\/p>\n\n\n\n<p>4. Colaboraci\u00f3n entre el sector p\u00fablico, privado y social para realizar acciones de mejora en los entornos locales para fortalecer el derecho humano al agua.<\/p>\n\n\n\n<p>5. Realizar una gesti\u00f3n eficaz, ordenada y sustentable en materia de concesiones.<\/p>\n\n\n\n<p>6. Desarrollar un programa de digitalizaci\u00f3n y simplificaci\u00f3n de tr\u00e1mites.<\/p>\n\n\n\n<p>7. Impulsar la innovaci\u00f3n tecnol\u00f3gica para el tratamiento, re\u00faso y potabilizaci\u00f3n del agua, con la inclusi\u00f3n de la biotecnolog\u00eda e infraestructura verde.<\/p>\n\n\n\n<p>8. Llevar a cabo medidas de adaptaci\u00f3n y mitigaci\u00f3n frente a los efectos del cambio clim\u00e1tico, incluida la reforestaci\u00f3n y la restauraci\u00f3n ambiental.<\/p>\n\n\n\n<p>9. Evitar la contaminaci\u00f3n de nuestros r\u00edos y cuerpos de agua, as\u00ed como contribuir a la restauraci\u00f3n y saneamiento de estos.<\/p>\n\n\n\n<p>10. Implementar una campa\u00f1a permanente de concientizaci\u00f3n, ahorro, uso, re\u00faso y cuidado del agua.<\/p>\n","protected":false},"excerpt":{"rendered":"<p>\u00b7&nbsp;&nbsp;&nbsp;&nbsp;&nbsp;&nbsp;En evento con la Presidenta Claudia Sheinbaum, se suma el gobernador Manolo Jim\u00e9nez para trabajar de manera coordinada en este tema&nbsp; Ciudad de M\u00e9xico; a 25 de noviembre de 2024.- El gobernador Manolo Jim\u00e9nez Salinas acompa\u00f1\u00f3 a la presidenta Claudia Sheinbaum Pardo en la firma del Acuerdo Nacional por el Derecho Humano al Agua y la Sustentabilidad, el cual tiene como fin atender el estr\u00e9s h\u00eddrico que vive nuestro pa\u00eds&#8230;.<\/p>\n","protected":false},"author":1,"featured_media":23588,"comment_status":"closed","ping_status":"","sticky":false,"template":"","format":"standard","meta":{"footnotes":""},"categories":[32,5,15],"tags":[],"class_list":["post-23587","post","type-post","status-publish","format-standard","has-post-thumbnail","hentry","category-agua","category-coahuila","category-gobierno-de-coahuila","wpcat-32-id","wpcat-5-id","wpcat-15-id"],"_links":{"self":[{"href":"https:\/\/www.aquilaguna.com\/index.php\/wp-json\/wp\/v2\/posts\/23587","targetHints":{"allow":["GET"]}}],"collection":[{"href":"https:\/\/www.aquilaguna.com\/index.php\/wp-json\/wp\/v2\/posts"}],"about":[{"href":"https:\/\/www.aquilaguna.com\/index.php\/wp-json\/wp\/v2\/types\/post"}],"author":[{"embeddable":true,"href":"https:\/\/www.aquilaguna.com\/index.php\/wp-json\/wp\/v2\/users\/1"}],"replies":[{"embeddable":true,"href":"https:\/\/www.aquilaguna.com\/index.php\/wp-json\/wp\/v2\/comments?post=23587"}],"version-history":[{"count":1,"href":"https:\/\/www.aquilaguna.com\/index.php\/wp-json\/wp\/v2\/posts\/23587\/revisions"}],"predecessor-version":[{"id":23589,"href":"https:\/\/www.aquilaguna.com\/index.php\/wp-json\/wp\/v2\/posts\/23587\/revisions\/23589"}],"wp:featuredmedia":[{"embeddable":true,"href":"https:\/\/www.aquilaguna.com\/index.php\/wp-json\/wp\/v2\/media\/23588"}],"wp:attachment":[{"href":"https:\/\/www.aquilaguna.com\/index.php\/wp-json\/wp\/v2\/media?parent=23587"}],"wp:term":[{"taxonomy":"category","embeddable":true,"href":"https:\/\/www.aquilaguna.com\/index.php\/wp-json\/wp\/v2\/categories?post=23587"},{"taxonomy":"post_tag","embeddable":true,"href":"https:\/\/www.aquilaguna.com\/index.php\/wp-json\/wp\/v2\/tags?post=23587"}],"curies":[{"name":"wp","href":"https:\/\/api.w.org\/{rel}","templated":true}]}}