{"id":23632,"date":"2024-11-27T21:24:22","date_gmt":"2024-11-28T03:24:22","guid":{"rendered":"https:\/\/www.aquilaguna.com\/?p=23632"},"modified":"2024-11-27T21:24:22","modified_gmt":"2024-11-28T03:24:22","slug":"aqui-laguna-367","status":"publish","type":"post","link":"https:\/\/www.aquilaguna.com\/index.php\/2024\/11\/27\/aqui-laguna-367\/","title":{"rendered":"Aqu\u00ed Laguna."},"content":{"rendered":"\n<p>\u00a1Optimismo \u00a0 y confianza!, son los elementos que exhuma en sus participaciones p\u00fablicas, el Gobernador Manolo Jim\u00e9nez Salinas, y con las que hace frente\u00a0 al alud de presagios, muchos de ellos\u00a0 no solo malos, sino mal\u00edsimos,\u00a0 p\u00e9simos, que se generan en estos d\u00edas en torno a los \u00e1mbitos econ\u00f3micos y pol\u00edticos\u00a0 del pa\u00eds, y a los que hay que a\u00f1adir, sin\u00a0 duda o menosprecios, al factor Donald Trump en el futuro inmediato, para ello \u00a0 obra no solo la juventud del mandatario y\u00a0 la que exhibe \u00a0 la casi mayor\u00eda de su gabinete \u00a0 y del que forman parte tambi\u00e9n dos que tres viejos, pero sabios sensei, dicen que lo aderezan, representativo del renuevo generacional, que\u00a0 el tiempo ya circunstancia impuso a Coahuila y del cual se espera, no solo capacidades t\u00e9cnicas y administrativas, sino capacidad para innovar y desechar viejas f\u00f3rmulas de gobernanza que al paso del tiempo agotaran su eficacia, si es que alguna vez la tuvieron. A esto a\u00f1ada,\u00a0 la problem\u00e1tica en puerta que genere la anunciada deportaci\u00f3n masiva de inmigrantes que ya en suelo americano\u00a0 deber\u00e1n regresar a sus pa\u00edses de origen, y que tocar\u00e1n suelo mexicano, fronterizo, am\u00e9n de\u00a0 las\u00a0 sanciones \u00a0 que ya anticipa Trump y sus voceros de\u00a0 imponer a las exportaciones mexicanas y que hace pensar en el destino que quepa al T-MEC.<\/p>\n\n\n\n<p>Al arribar al primer tramo de su gesti\u00f3n para la que fuera electo por los coahuilenses, por abrumadora mayor\u00eda, el joven Jim\u00e9nez Salinas, admite\u00a0 haber\u00a0 registrado en dicho tramo, generoso gasto de adrenalina, es\u00a0 que\u00a0 enfrent\u00f3 y super\u00f3, cual si fuera en algun hipot\u00e9tico tobog\u00e1n  casi al arribo de su mandato, elecciones federales y entre ellas\u00a0 la muy\u00a0 principal\u00a0 presidencial, que ratificaron, por \u00a0 expreso\u00a0 mandato\u00a0 del voto\u00a0la mayor\u00eda\u00a0 obtenida por MORENA y sus candidatos el cambio no de gobierno sino de r\u00e9gimen en marcha,\u00a0 y en la que Coahuila, qued\u00f3 junto con otras tres\u00a0 entidades \u00a0 de M\u00e9xico, como autentica \u00ednsula del priismo \u00a0 al retener el triunfo,\u00a0 cual\u00a0 \u00faltimo basti\u00f3n del antiguo r\u00e9gimen en el dominio\u00a0 del PRI, que a su t\u00e9rmino \u00a0 y cuyas consecuencias en el \u00e1mbito social y pol\u00edtico estamos apenas registrando.<\/p>\n\n\n\n<p>De ah\u00ed que ayer por la tarde en las populosas colonias del poniente de Torre\u00f3n entregando\u00a0 conclu\u00eddas\u00a0 las metas que en materia de pavimento y recarpeteo\u00a0 prometidas en sus primeros cien d\u00edas de gobierno prometi\u00f3 a los torreonenses y con ello tambi\u00e9n lo\u00a0 alcanzado en materia de salud, educaci\u00f3n y desarrollo econ\u00f3mico, por no mencionar\u00a0 el compromiso m\u00e1ximo de su gobierno, que es el mantenimento y fortalecimiento de la Seguridad, por ahora el bien m\u00e1s preciado\u00a0 ante \u00a0 la impotencia de muchos gobiernos estatales, por no decir la mayor\u00eda y del gobierno federal\u00a0 para garantizar\u00a0 vidas y patrimonios\u00a0 al resto de los mexicanos, que hoy enfrentan, casi desprotegidos, el embate\u00a0 feroz de la violencia\u00a0 generada por el crimen organizado,\u00a0 y la &#8220;otra expresi\u00f3n de violencia&#8221;  la que se gesta y ejecuta al\u00a0interior\u00a0 de los hogares, casi invisible otrora,\u00a0 hoy\u00a0 evidente\u00a0 en especial, en Torre\u00f3n donde el fen\u00f3meno de la violencia\u00a0 intrafamiliar es ya de llamar la atenci\u00f3n y la atenci\u00f3n obvia \u00a0no solo de la autoridad, sino de la poblaci\u00f3n misma, fen\u00f3meno en el cual, por \u00a0 la mujer y los hijos de esta llevan la peor parte.<\/p>\n\n\n\n<p>No basta pues con conmemorar, as\u00ed sea esto loable, el d\u00eda internacional contra la violencia contra las mujeres, hace falta la reflexi\u00f3n \u00a0 sobre sus causas, y con ello,\u00a0 elaborar la estrategia\u00a0 que\u00a0 se hace imperiosamente necesaria, y con todo y la presuaci\u00f3n que genere la creaci\u00f3n de\u00a0 instituciones punitivas, hace m\u00e1s falta las acciones preventivas insertas estas, en el modelo cultural y educativo que\u00a0 de\u00a0 gestarse\u00a0 o m\u00e1s bien imponerse\u00a0 en los planes de estudios iniciales\u00a0 para toda la poblaci\u00f3n, toda vez que ya se ha visto, la igualdad de g\u00e9nero y derechos no se da por decreto, toda vez que ya los tenemos, sino que las acciones deben alcanzar la ret\u00f3rica vigente, superarla y actuar en consecuencia, no solo por parte de los gobiernos, sino toda la sociedad en su conjunto. Ser\u00eda necesario contemplar empatar en ello,  a los hombres, y su luchar por eliminar su antisocial\u00a0 comportamiento, que al parecer ya no es solo es resultado de pol\u00edticas culturales en torno a un patriarcado, sino en\u00a0 la responsabilidad\u00a0 que alcanza a las mujeres en el fortalecimiento de este, a trav\u00e9s de la educaci\u00f3n emocional que gestamos en cada hogar, que en cada uno de\u00a0 estos, es un caso, para igualar pol\u00edticas p\u00fablicas que ayuden a su identificaci\u00f3n\u00a0 cuidado y prevenci\u00f3n.<\/p>\n\n\n\n<p>No basta\u00a0 con todo y lo ben\u00e9fico que puedan resultar acciones\u00a0 y sanciones solo punitivas a\u00a0 desbordadas\u00a0 situaciones \u00a0 no conteidas\u00a0 que desbordadas, alcanzan la consumaci\u00f3n de\u00a0 femenicidios, donde Coahuila y Torre\u00f3n ocupan singular sitio.\u00a0 Bien por\u00a0 la creaci\u00f3n de la nueva Fiscal\u00eda\u00a0 de delitos contra la mujer\u00a0 y las ni\u00f1as, que debe de ir\u00a0 acuerpada, con instituciones \u00a0 que luchen\u00a0 por\u00a0 una mejora sustancial\u00a0 en materia cultural y educativa  para que se alcance as\u00ed sea a largo plazo la aut\u00e9ntica igualdad de g\u00e9nero, no solo en el \u00e1rea pol\u00edtica, la lucha sea visible, tangible\u00a0 por ahora cual bandera\u00a0 de arribo a tales espacios y no m\u00e1s.<\/p>\n\n\n\n<p>Por cierto, m\u00e1s que\u00a0 reconozca las tareas que desde hace tiempo desarrolla la Licenciada Leticia Casta\u00f1os\u00a0 en operaci\u00f3n cotidiana,\u00a0 a favor de su partido\u00a0 el PRI, en la zona poniente de Torreon, \u00a0 y que le ha generado meritos suficientes para ser m\u00e1s que considerada como fuerte prospecto a la candidatura\u00a0 de su partido, a la diptuacion local pr\u00f3xima en reprentaci\u00f3n del Distrito que por tales rumbos se ubica.<\/p>\n\n\n\n<p>Y\u00a0 ser\u00e1\u00a0 en el mes de enero pr\u00f3ximo a m\u00e1s tardar, cuando\u00a0 se pueda conocer, quizas, la real situaci\u00f3n financiera que registra la operaci\u00f3n de SIMAS Rural,\u00a0 Torre\u00f3n-Matamoros, \u00a0 donde el caos era rey\u00a0 seg\u00fan lo dio a conocer el Gobernador Jim\u00e9nez Salinas en su reciente visita, dominada por un grupo\u00a0 politico\u00a0 y\u00a0 una familia por ahora al parecer,\u00a0 m\u00e1s que descobijada de alguna\u00a0 sombrilla de poder,\u00a0 y una vez que al final, despu\u00e9s de muchos muchos a\u00f1os,\u00a0 tal instituci\u00f3n\u00a0 cuenta con cabezas responsables, por la capacidad ejecutiva de la cual quedaron dotadas para ejercer mando y gobierno en dicha instituci\u00f3n que abastece la zona norte y rural del municipio torreonense\u00a0 y todo el municipio de Maamoros\u00a0 cuya\u00a0 responsabilidad\u00a0 sobre las cabezas de los alcaldes de Torre\u00f3n y Matamoros -ser\u00e1 de seis meses cada uno-,\u00a0 y \u00a0 con ello\u00a0 el ahora &#8220;resucitado&#8221; Raymundo Rodr\u00edguez\u00a0 se har\u00e1 cargo de la operaci\u00f3n t\u00e9cnica,\u00a0 que dicen domina, al conocer\u00a0 al dedillo\u00a0 y\u00a0 muy de cerca el intestino de las redes de distribuci\u00f3n del agua que generan\u00a0 los pozos\u00a0 operados por SIMAS Rural\u00a0 Torre\u00f3n Matamoros, y tambi\u00e9n, obvio,\u00a0 lo de los vol\u00famenes de aguas\u00a0 negras, que tambi\u00e9n\u00a0 se generan\u00a0 y circulan en redes alternas por\u00a0 el mismo y que dicen tienen destino desde en\u00a0 antes, y est\u00e1n en\u00a0 manos de un grupo de empresarios ganaderos\u00a0 que mantienen cultivos con tales aguas en el llamado &#8220;Cuadro\u00a0 de Matamoros&#8221;,\u00a0 del que\u00a0 mucho sabe tambi\u00e9n Carlos Fern\u00e1ndez, dicen, representante\u00a0 del rey del agua en la Laguna,\u00a0 el se\u00f1or\u00a0 Eduardo Tricio Haro,\u00a0 que se utilizan en el riego de terrenos de cultivo ubicados\u00a0 en especial en el &#8220;Cuadro de\u00a0 Matamoros&#8221; y que generan, o deben de generar ingresos\u00a0 importantes, que deben de ser conocidos, clarificados\u00a0 por ser parte, como son de los patrimonios p\u00fablicos de ambos municipios. <\/p>\n\n\n\n<p>Esto debe tener en cuenta el Secretario de Gobierno Oscar Pimentel\u00a0 adem\u00e1s del titular del CEAS, ingeniero Lauro Villarreal Navarro, para\u00a0 acercar recursos \u00a0 de tales ventas o &#8220;concesiones&#8221; que\u00a0 ayuden en algo a\u00a0 alivien algo o mucho la bancarrota en que se encuentra\u00a0 dicho sistema y que suma, dicen los rumores, mas de 700 millones de pesos, de los cuales solo 250 de estos se deben a la Comisi\u00f3n Federal de Electricidad&#8230; <\/p>\n\n\n\n<p>Y en Matamoros, se afirma, esta igual o peor la situaci\u00f3n. Si bien en el caso de Torre\u00f3n, se afirma que el principal escollo para realizar la limpia que ahora se realiza ha sido eliminado, tras a\u00f1os de opacidad\u00a0 que se imputa al dominio que sobre el personal y directivos de la instituci\u00f3n mantuvo el dirigente social Mario Cepeda y algunos miembros de su familia y que ahora est\u00e1 fuera de combate, y\u00a0 todo a consecuencia de haber tirado una silla.<\/p>\n\n\n\n<p>Y a partir\u00a0 de este mismo s\u00e1bado, la clase pol\u00edtica\u00a0 oficial y de oposici\u00f3n -se espera-, se har\u00e1 presente en el Parque Maravillas\u00a0 para\u00a0 escuchar y conocer de lo alcanzado en su primer a\u00f1o de gesti\u00f3n como gobernante de Coahuila, el Ingeniero Manolo Jim\u00e9nez Salinas para luego y en cascada estar\u00e1n haciendo lo propio el resto de los alcaldes del Estado, con\u00a0 Rom\u00e1n Cepeda Gonz\u00e1lez,\u00a0 de inicio \u00a0 y qui\u00e9n el dia 4 de diciembre hace lo mismo, pero\u00a0 en las instalaciones de la Casa Hogar del DIF-Torre\u00f3n, \u00a0 inaugurada \u00a0 la Casa Cuna, del\u00a0 DIF Torreon,\u00a0 seleccionada por ello, como\u00a0 recinto \u00a0 oficial de tal evento.\u00a0\u00a0<\/p>\n","protected":false},"excerpt":{"rendered":"<p>\u00a1Optimismo \u00a0 y confianza!, son los elementos que exhuma en sus participaciones p\u00fablicas, el Gobernador Manolo Jim\u00e9nez Salinas, y con las que hace frente\u00a0 al alud de presagios, muchos de ellos\u00a0 no solo malos, sino mal\u00edsimos,\u00a0 p\u00e9simos, que se generan en estos d\u00edas en torno a los \u00e1mbitos econ\u00f3micos y pol\u00edticos\u00a0 del pa\u00eds, y a los que hay que a\u00f1adir, sin\u00a0 duda o menosprecios, al factor Donald Trump en el&#8230;<\/p>\n","protected":false},"author":2,"featured_media":0,"comment_status":"closed","ping_status":"","sticky":false,"template":"","format":"standard","meta":{"footnotes":""},"categories":[8],"tags":[],"class_list":["post-23632","post","type-post","status-publish","format-standard","hentry","category-aqui-laguna","wpcat-8-id"],"_links":{"self":[{"href":"https:\/\/www.aquilaguna.com\/index.php\/wp-json\/wp\/v2\/posts\/23632","targetHints":{"allow":["GET"]}}],"collection":[{"href":"https:\/\/www.aquilaguna.com\/index.php\/wp-json\/wp\/v2\/posts"}],"about":[{"href":"https:\/\/www.aquilaguna.com\/index.php\/wp-json\/wp\/v2\/types\/post"}],"author":[{"embeddable":true,"href":"https:\/\/www.aquilaguna.com\/index.php\/wp-json\/wp\/v2\/users\/2"}],"replies":[{"embeddable":true,"href":"https:\/\/www.aquilaguna.com\/index.php\/wp-json\/wp\/v2\/comments?post=23632"}],"version-history":[{"count":1,"href":"https:\/\/www.aquilaguna.com\/index.php\/wp-json\/wp\/v2\/posts\/23632\/revisions"}],"predecessor-version":[{"id":23633,"href":"https:\/\/www.aquilaguna.com\/index.php\/wp-json\/wp\/v2\/posts\/23632\/revisions\/23633"}],"wp:attachment":[{"href":"https:\/\/www.aquilaguna.com\/index.php\/wp-json\/wp\/v2\/media?parent=23632"}],"wp:term":[{"taxonomy":"category","embeddable":true,"href":"https:\/\/www.aquilaguna.com\/index.php\/wp-json\/wp\/v2\/categories?post=23632"},{"taxonomy":"post_tag","embeddable":true,"href":"https:\/\/www.aquilaguna.com\/index.php\/wp-json\/wp\/v2\/tags?post=23632"}],"curies":[{"name":"wp","href":"https:\/\/api.w.org\/{rel}","templated":true}]}}