{"id":23640,"date":"2024-11-28T22:17:47","date_gmt":"2024-11-29T04:17:47","guid":{"rendered":"https:\/\/www.aquilaguna.com\/?p=23640"},"modified":"2024-11-28T22:17:47","modified_gmt":"2024-11-29T04:17:47","slug":"congreso-del-estado-de-coahuila-informa-81","status":"publish","type":"post","link":"https:\/\/www.aquilaguna.com\/index.php\/2024\/11\/28\/congreso-del-estado-de-coahuila-informa-81\/","title":{"rendered":"Congreso del Estado de Coahuila informa:"},"content":{"rendered":"\n<p>Las Diputadas y los Diputados de la Sexag\u00e9sima Tercera Legislatura del Congreso del Estado de Coahuila de Zaragoza, llevaron a cabo el d\u00eda de hoy la D\u00e9cima Tercera Sesi\u00f3n del Segundo Periodo Ordinario de Sesiones, correspondiente al Primer A\u00f1o de Ejercicio Constitucional, al inicio de la cual fue hecho un&nbsp; pronunciamiento en el marco de la celebraci\u00f3n hoy, 28 de noviembre del \u201cD\u00eda Nacional y Estatal de las Personas Sordas\u201d.<\/p>\n\n\n\n<p>Por otra parte, en esta Sesi\u00f3n se aprobaron los siguientes Proyectos de Decreto:<\/p>\n\n\n\n<p><strong>&#8211;<\/strong> Luego de aprobarse la dispensa del tr\u00e1mite consignado en el art\u00edculo 163 de Ley Org\u00e1nica del Congreso del Estado, las Diputadas y los Diputados aprobaron el Decreto por el que se aprueba la Minuta Proyecto de Decreto por el que se reforman y adicionan los art\u00edculos&nbsp; 3\u00ba,4\u00ba y 73&nbsp; de la Constituci\u00f3n Pol\u00edtica de los Estados Unidos Mexicanos, en Materia de Protecci\u00f3n y Cuidado Animal.<\/p>\n\n\n\n<p>Se dispuso la publicaci\u00f3n de este Decreto en el Peri\u00f3dico Oficial del Gobierno del Estado, as\u00ed como su env\u00edo a la C\u00e1mara de Senadores del Congreso de la Uni\u00f3n para su conocimiento, y para los efectos del Art\u00edculo 135 de la Constituci\u00f3n Pol\u00edtica de los Estados Unidos Mexicanos.<\/p>\n\n\n\n<p><strong>&#8211;<\/strong> Tras aprobarse la dispensa del tr\u00e1mite consignado en el art\u00edculo 163 de Ley Org\u00e1nica del Congreso del Estado, las Diputadas y los Diputados aprobaron el Decreto por el que se aprueba&nbsp; la Minuta Proyecto de Decreto por el que se reforma y adiciona el art\u00edculo 21 de la Constituci\u00f3n Pol\u00edtica de los Estados Unidos Mexicanos, en Materia de Seguridad P\u00fablica.<\/p>\n\n\n\n<p>Se dispuso la publicaci\u00f3n de este Decreto en el Peri\u00f3dico Oficial del Gobierno del Estado, as\u00ed como su env\u00edo a la C\u00e1mara de Senadores del Congreso de la Uni\u00f3n para su conocimiento, y para los efectos del Art\u00edculo 135 de la Constituci\u00f3n Pol\u00edtica de los Estados Unidos Mexicanos.<\/p>\n\n\n\n<p>Por otra parte, las Diputadas y los Diputados aprobaron por unanimidad de votos, el Acuerdo de la Junta de Gobierno para la celebraci\u00f3n de una Sesi\u00f3n Solemne con motivo del Primer Informe de Gobierno del Ing. Manolo Jim\u00e9nez Salinas, Gobernador Constitucional del Estado de Coahuila de Zaragoza. La Sesi\u00f3n Solemne se celebrar\u00e1 el s\u00e0bado 30 de noviembre de 2024, a partir de las 8:00 horas, en el Sal\u00f3n de Sesiones del Recinto Oficial del Congreso del Estado, con la asistencia de todas y todos los integrantes de la Legislatura y conforme al Orden del D\u00eda que&nbsp; acuerde&nbsp; la Junta de Gobierno.&nbsp;<\/p>\n\n\n\n<p>En esta Sesi\u00f3n, Diputadas y Diputados presentaron las siguientes iniciativas:<\/p>\n\n\n\n<p>-Iniciativa con Proyecto de Decreto&nbsp; que plantea&nbsp; se reforme y adicione un segundo p\u00e1rrafo al art\u00edculo 5 y los art\u00edculos 25, 26, 27, 28 y 29, todos de la Ley para la Protecci\u00f3n de las y los Periodistas para el Estado de Coahuila de Zaragoza.&nbsp;&nbsp;<\/p>\n\n\n\n<p><strong><\/strong><strong>&#8211; <\/strong>Iniciativa con Proyecto de Decreto para que&nbsp; se reforme la fracci\u00f3n XVII del art\u00edculo 9 y se adiciona el art\u00edculo 32 bis 1, ambos del Estatuto Jur\u00eddico para los Trabajadores al Servicio del Estado de Coahuila.<\/p>\n\n\n\n<p><strong><\/strong>Por otra parte, las Diputadas y los Diputados aprobaron por unanimidad de votos, los siguientes dict\u00e1menes:<\/p>\n\n\n\n<p><strong>1.-<\/strong> Dictamen de la Comisi\u00f3n de Gobernaci\u00f3n, Puntos Constitucionales y Justicia,&nbsp; con Proyecto de Decreto por el que se<strong> <\/strong>reforma el p\u00e1rrafo primero del art\u00edculo 298; el art\u00edculo 299 <strong>(Modalidades agravantes de despojo)<\/strong> y el art\u00edculo 300; se adiciona<strong> <\/strong>el art\u00edculo 302 Bis <strong>(Da\u00f1os agravados)<\/strong>, todos del C\u00f3digo Penal de Coahuila de Zaragoza,<strong> <\/strong>&nbsp;a iniciativa suscrita por el Ing. Manolo Jim\u00e9nez Salinas, Gobernador Constitucional del Estado.<\/p>\n\n\n\n<p>Estas reformas tiene por objeto precisar las penas m\u00ednimas y m\u00e1ximas de prisi\u00f3n, en&nbsp; los delitos de despojo; Despojo en grupo; Despojo de varios bienes inmuebles; Despojo de bienes inmuebles propiedad de instituci\u00f3n p\u00fablica; y, Despojo cometido por un servidor p\u00fablico.<\/p>\n\n\n\n<p>Asimismo, se adiciona el Art\u00edculo 302 Bis<strong> <\/strong><strong>(Da\u00f1os agravados)<\/strong><strong>, <\/strong>para quedar como sigue<strong>: <\/strong>Se aumentar\u00e1 en una mitad los m\u00ednimos y m\u00e1ximos de las penas previstas en el art\u00edculo 302, a quien cause da\u00f1os a escuelas en sus instalaciones y sus bienes muebles o mobiliario. En estos casos, tambi\u00e9n se impondr\u00e1 la reparaci\u00f3n del da\u00f1o causado.<\/p>\n\n\n\n<p>La Comisi\u00f3n de Gobernaci\u00f3n en el dictamen&nbsp; se\u00f1ala que estas reformas abordan la importancia y necesidad de una regulaci\u00f3n penal eficaz, que permita garantizar la seguridad y el bienestar de la sociedad, con \u00e9nfasis en los delitos de despojo y da\u00f1os a las escuelas en Coahuila.<\/p>\n\n\n\n<p><strong>2.-<\/strong> Dictamen de la Comisi\u00f3n de Finanzas con Proyecto de Decreto por el que se autoriza al Ayuntamiento del municipio de Ramos Arizpe a desincorporar del dominio p\u00fablico municipal un bien inmueble, que se identifica como lote 1 manzana b-1, con una superficie de 5,026.78 metros cuadrados, ubicado en el fraccionamiento \u201cReal del Valle\u201d, de ese municipio, con el fin de enajenarlo a t\u00edtulo gratuito a favor del Gobierno del Estado, para ser destinado a la Secretar\u00eda de Educaci\u00f3n del Estado, con objeto de llevar a cabo la construcci\u00f3n e instalaci\u00f3n de un plantel educativo de nivel primaria.<\/p>\n\n\n\n<p><strong>3.-<\/strong> Dictamen de la Comisi\u00f3n de Finanzas con Proyecto de Decreto por el que se valida un acuerdo aprobado por el Ayuntamiento del municipio de Ramos Arizpe, para enajenar a t\u00edtulo gratuito un bien inmueble con una superficie de 15,000 metros cuadrados, ubicado en el \u201cFraccionamiento Jardines de Analco\u201d de dicho municipio, a favor del Colegio de Bachilleres de Coahuila (COBAC), con objeto de instalar un plantel educativo de nivel medio superior.<\/p>\n\n\n\n<p><strong>4.-<\/strong> Dictamen de la Comisi\u00f3n de Finanzas con Proyecto de Decreto por el que se valida un acuerdo aprobado por el Ayuntamiento del municipio de Ramos Arizpe,<\/p>\n\n\n\n<p>para enajenar a t\u00edtulo oneroso un bien inmueble que se identifica como lote 12 manzana 6, con una superficie de 22,195.62&nbsp; metros cuadrados, ubicado en el Fraccionamiento Industrial denominado \u201cParque Industrial Amistad Chuy Mar\u00eda Coahuila\u201d, en dicho municipio, a favor de Posco international M\u00e9xico e-Mobility, S.A. de C.V., con objeto de ampliar el desarrollo industrial del citado fraccionamiento.<\/p>\n\n\n\n<p><strong>5.-<\/strong> Dictamen de la Comisi\u00f3n de Finanzas por el que se valida un acuerdo aprobado por el Ayuntamiento del municipio de Matamoros, para enajenar a t\u00edtulo gratuito un bien inmueble con una superficie de 15,000.00 metros cuadrados, ubicado en el Ejido Jos\u00e9 Mar\u00eda Morelos de dicho municipio, a favor de la Asociaci\u00f3n Civil \u201cLomos de Esperanza, A.C.\u201d, con objeto de que la mencionada asociaci\u00f3n cumpla con los objetivos descritos en su acta constitutiva.<\/p>\n\n\n\n<p><strong>6.-<\/strong> Dictamen con Punto de Acuerdo&nbsp; de la Comisi\u00f3n de Salud y Deporte, para <strong>&nbsp;<\/strong>enviar un atento exhorto al titular de la Secretar\u00eda de Salud del gobierno federal, para que a trav\u00e9s de las instituciones de salud p\u00fablica a su cargo, inicie las acciones correspondientes para suplir las deficiencias detectadas en materia de abasto de medicamentos, en especial aquellas referidas al tratamiento de padecimientos de la salud mental y&nbsp; de c\u00e1ncer.<\/p>\n\n\n\n<p><strong>7.-<\/strong> Dictamen con Punto de Acuerdo de la Comisi\u00f3n de Salud y Deporte con objeto de hacer un&nbsp; atento exhorto a la Comisi\u00f3n Nacional de Salud Mental y Adicciones (CONASAMA), a fortalecer las estrategias de acercamiento con las c\u00e1maras empresariales, organizaciones e industria de bares, antros y restaurantes, que permitan desarrollar estrategias de prevenci\u00f3n en el consumo de drogas y adicciones entre las y los j\u00f3venes.<\/p>\n\n\n\n<p><strong>H.-<\/strong> Dictamen con Punto de Acuerdo de la Comisi\u00f3n de Salud y Deporte, con objeto de exhortar a la Secretar\u00eda de Salud para que en coordinaci\u00f3n con su hom\u00f3loga en el estado, refuerce las acciones en contra del brote de dengue, debido a las lluvias que se registraron al estado.&nbsp;<\/p>\n\n\n\n<p>En otro orden de ideas, Diputadas y Diputados presentaron 11 proposiciones con Punto de Acuerdo de las cuales, luego se ser consideradas como de urgente y obvia resoluci\u00f3n, se aprobaron las siguientes:<\/p>\n\n\n\n<p><strong>1.-<\/strong> Proposici\u00f3n con Punto de Acuerdo para que se env\u00eda un atento exhorto a la Coordinaci\u00f3n Nacional de Protecci\u00f3n Civil, para que, de manera coordinada con la Subsecretar\u00eda de Protecci\u00f3n Civil en el Estado, intensifiquen las acciones para la preparaci\u00f3n y operaci\u00f3n de albergues destinados a personas en situaci\u00f3n de calle ante las temporadas de fr\u00edo.<\/p>\n\n\n\n<p><strong>2.-<\/strong> Proposici\u00f3n con Punto de Acuerdo&nbsp; para exhortar a la Secretar\u00eda de Infraestructura, Comunicaciones y Transportes del Gobierno Federal, para que en coordinaci\u00f3n con la Guardia Nacional y los gobiernos de los estados y municipios, implementen operativos para prevenir los accidentes en las carreteras nacionales, incluyendo a la Carretera Federal 57, en bien de los paisanos que nos visitar\u00e1n durante el periodo vacacional decembrino.<\/p>\n\n\n\n<p><strong>3.-<\/strong> Proposici\u00f3n con Punto de Acuerdo para que en el marco del 25 Aniversario de la Declaraci\u00f3n del D\u00eda Internacional de la Eliminaci\u00f3n de la Violencia en Contra de la Mujer, se unan a la campa\u00f1a implementada por el Gobierno Federal y por la organizaci\u00f3n de las Naciones Unidas; &#8220;\u00a1es tiempo de mujeres sin violencia! \u00a1S\u00famate y transforma!, as\u00ed como la de \u201ccada 10 minutos una mujer es asesinada. #nohayexcusa. \u00danete\u201d, para poner fin a la violencia contra las mujeres, e instruya a todas las \u00e1reas a su cargo, para que se emple\u00e9 como leyenda oficial en su papeler\u00eda institucional y dem\u00e1s documentaci\u00f3n oficial, durante los pr\u00f3ximos d\u00edas, hasta el 10 de diciembre del a\u00f1o en curso.<\/p>\n\n\n\n<p><strong>4.-<\/strong> Proposici\u00f3n con Punto de Acuerdo para exhortar respetuosamente a la Secretar\u00eda de Salud Federal a fortalecer entre las instituciones p\u00fablicas de salud, los protocolos de atenci\u00f3n y orientaci\u00f3n tanatol\u00f3gica a pacientes en situaci\u00f3n de duelo. Asimismo, se exhorta a los 38 Ayuntamientos del Estado a que, en el \u00e1mbito de sus posibilidades, impulsen estrategias comunitarias que permitan abordar las manifestaciones que acompa\u00f1an al duelo.<br><strong>5.-<\/strong> Proposici\u00f3n con Punto de Acuerdo con objeto de exhortar respetuosamente a la Secretar\u00eda de Infraestructura, Desarrollo Urbano y Movilidad, a fin de hacerle un llamado para que en el \u00e1mbito de sus atribuciones, lleve a cabo las acciones correspondientes para aumentar las medidas de seguridad en la carretera Parras &#8211; General Cepeda con el objetivo de disminuir las incidencias de ganado invadiendo la vialidad y causando accidentes, y para garantizar el adecuado mantenimiento de esta carretera.<\/p>\n","protected":false},"excerpt":{"rendered":"<p>Las Diputadas y los Diputados de la Sexag\u00e9sima Tercera Legislatura del Congreso del Estado de Coahuila de Zaragoza, llevaron a cabo el d\u00eda de hoy la D\u00e9cima Tercera Sesi\u00f3n del Segundo Periodo Ordinario de Sesiones, correspondiente al Primer A\u00f1o de Ejercicio Constitucional, al inicio de la cual fue hecho un&nbsp; pronunciamiento en el marco de la celebraci\u00f3n hoy, 28 de noviembre del \u201cD\u00eda Nacional y Estatal de las Personas Sordas\u201d&#8230;.<\/p>\n","protected":false},"author":1,"featured_media":0,"comment_status":"closed","ping_status":"","sticky":false,"template":"","format":"standard","meta":{"footnotes":""},"categories":[5,21],"tags":[],"class_list":["post-23640","post","type-post","status-publish","format-standard","hentry","category-coahuila","category-congreso-del-estado","wpcat-5-id","wpcat-21-id"],"_links":{"self":[{"href":"https:\/\/www.aquilaguna.com\/index.php\/wp-json\/wp\/v2\/posts\/23640","targetHints":{"allow":["GET"]}}],"collection":[{"href":"https:\/\/www.aquilaguna.com\/index.php\/wp-json\/wp\/v2\/posts"}],"about":[{"href":"https:\/\/www.aquilaguna.com\/index.php\/wp-json\/wp\/v2\/types\/post"}],"author":[{"embeddable":true,"href":"https:\/\/www.aquilaguna.com\/index.php\/wp-json\/wp\/v2\/users\/1"}],"replies":[{"embeddable":true,"href":"https:\/\/www.aquilaguna.com\/index.php\/wp-json\/wp\/v2\/comments?post=23640"}],"version-history":[{"count":1,"href":"https:\/\/www.aquilaguna.com\/index.php\/wp-json\/wp\/v2\/posts\/23640\/revisions"}],"predecessor-version":[{"id":23641,"href":"https:\/\/www.aquilaguna.com\/index.php\/wp-json\/wp\/v2\/posts\/23640\/revisions\/23641"}],"wp:attachment":[{"href":"https:\/\/www.aquilaguna.com\/index.php\/wp-json\/wp\/v2\/media?parent=23640"}],"wp:term":[{"taxonomy":"category","embeddable":true,"href":"https:\/\/www.aquilaguna.com\/index.php\/wp-json\/wp\/v2\/categories?post=23640"},{"taxonomy":"post_tag","embeddable":true,"href":"https:\/\/www.aquilaguna.com\/index.php\/wp-json\/wp\/v2\/tags?post=23640"}],"curies":[{"name":"wp","href":"https:\/\/api.w.org\/{rel}","templated":true}]}}