{"id":23655,"date":"2024-11-29T23:48:34","date_gmt":"2024-11-30T05:48:34","guid":{"rendered":"https:\/\/www.aquilaguna.com\/?p=23655"},"modified":"2024-11-29T23:48:34","modified_gmt":"2024-11-30T05:48:34","slug":"toma-protesta-nuevo-consejo-directivo-de-la-preparatoria-numero-uno-de-la-uadec","status":"publish","type":"post","link":"https:\/\/www.aquilaguna.com\/index.php\/2024\/11\/29\/toma-protesta-nuevo-consejo-directivo-de-la-preparatoria-numero-uno-de-la-uadec\/","title":{"rendered":"Toma Protesta Nuevo Consejo Directivo de la Preparatoria N\u00famero Uno de la UAdeC."},"content":{"rendered":"\n<p>SALTILLO, Coahuila. 29 de noviembre de 2024. El rector de la Universidad<br>Aut\u00f3noma de Coahuila, Octavio Pimentel Mart\u00ednez, tom\u00f3 protesta a alumnos y<br>docentes que se integran al Consejo Directivo de la Preparatoria N\u00famero Uno para<br>el periodo 2024-2025.<\/p>\n\n\n\n<p>En la ceremonia realizada en el Auditorio del plantel, asisti\u00f3 el secretario general de<br>la Coordinaci\u00f3n de Unidad Sureste, V\u00edctor Cobos Mart\u00ednez, la directora del plantel,<br>Nancy Noemi Torres R\u00edos, funcionariado de la administraci\u00f3n central, directivos de<br>Escuelas y Facultades de la Unidad Camporredondo y comunidad docente y<br>estudiantil de la instituci\u00f3n.<\/p>\n\n\n\n<p>En su mensaje de bienvenida, la directora de la Preparatoria N\u00famero Uno Nancy<br>Noemi Torres R\u00edos, agradeci\u00f3 la presencia del Rector, a quien reconoci\u00f3 por su<br>compromiso con el trabajo en equipo en la b\u00fasqueda de la unidad, elementos que,<br>afirm\u00f3, son clave para alcanzar el \u00e9xito.<\/p>\n\n\n\n<p>Torres R\u00edos, llam\u00f3 a las y los nuevos consejeros a actuar con responsabilidad y<br>respeto, destacando la importancia de trabajar en beneficio de toda la comunidad<br>estudiantil y dicente que confi\u00f3 en ellos para ser representados y apoyados.<\/p>\n\n\n\n<p>Por su parte, el rector de la m\u00e1xima casa de estudios, Octavio Pimentel Mart\u00ednez,<br>destac\u00f3 la importancia de asumir con responsabilidad y valent\u00eda los cargos de<br>representaci\u00f3n estudiantil y docente, pues ser consejero es un acto de liderazgo y<br>compromiso.<\/p>\n\n\n\n<p>Adem\u00e1s, resalt\u00f3 la fortaleza hist\u00f3rica de la Preparatoria N\u00famero Uno como pilar de la<br>UAdeC, inst\u00e1ndola a continuar transform\u00e1ndose y buscando ser una de las mejores<br>preparatorias de la Universidad y con los nuevos representantes trabajando en<br>equipo, construir\u00e1n acuerdos en pro de la instituci\u00f3n, con disciplina, responsabilidad<br>para contribuir a que la m\u00e1xima casa de estudios sea de las mejores en el pa\u00eds.<\/p>\n\n\n\n<p>Finalmente, agradeci\u00f3 la labor de la directora Nancy Torres y otros l\u00edderes<br>universitarios por su dedicaci\u00f3n y visi\u00f3n en favor de la comunidad estudiantil, al<br>tiempo que refrend\u00f3 el compromiso de brindar apoyo y herramientas a los alumnos<br>para que contin\u00faen su desarrollo acad\u00e9mico dentro de la UAdeC.<\/p>\n\n\n\n<p>El Consejo Directivo de la Preparatoria N\u00famero Uno est\u00e1 conformado por los<br>docentes titulares: Adriana del Carmen Mart\u00ednez Gonz\u00e1lez, Reyna Guadalupe<br>Ruvalcaba Cortes, Eli Kenji Kawasaki Molina y Rafael Valadez Rodr\u00edguez; las y los<br>docentes suplentes: Juana Yesica Salazar Trejo, Marcela Monserrath Carrillo Siller,<br>H\u00e9ctor Osoria Hern\u00e1ndez y Rosalinda Rodr\u00edguez Vald\u00e9s.<\/p>\n\n\n\n<p>Los alumnos titulares: Mar\u00eda Fernanda Monsiv\u00e1is Riojas, Nelly Jaqueline G\u00f3mez<br>Hinojosa, Agust\u00edn Cerecero L\u00f3pez y Mathias G\u00f3mez P\u00e9rez y las y los alumnos<\/p>\n\n\n\n<p>suplentes: Samantha Jim\u00e9nez Oxte, Naomi Margarita Morales Anguiano, Rub\u00e9n<br>Alejandro Espinoza Torres, \u00c1ngel Andr\u00e9s Zapata Mor\u00f3n.<\/p>\n\n\n\n<p>El Consejo Directivo es el \u00f3rgano de m\u00e1xima autoridad en las Escuelas, Facultades,<br>Institutos y Centros de Investigaci\u00f3n de la UAdeC, el cual tiene un papel fundamental<br>en la toma de decisiones para el beneficio del alumnado y la planta docente, ellos<br>mismos representan a su plantel en el Honorable Consejo Universitario de la UAdeC.<\/p>\n","protected":false},"excerpt":{"rendered":"<p>SALTILLO, Coahuila. 29 de noviembre de 2024. El rector de la UniversidadAut\u00f3noma de Coahuila, Octavio Pimentel Mart\u00ednez, tom\u00f3 protesta a alumnos ydocentes que se integran al Consejo Directivo de la Preparatoria N\u00famero Uno parael periodo 2024-2025. En la ceremonia realizada en el Auditorio del plantel, asisti\u00f3 el secretario general dela Coordinaci\u00f3n de Unidad Sureste, V\u00edctor Cobos Mart\u00ednez, la directora del plantel,Nancy Noemi Torres R\u00edos, funcionariado de la administraci\u00f3n central, directivos&#8230;<\/p>\n","protected":false},"author":1,"featured_media":23656,"comment_status":"closed","ping_status":"","sticky":false,"template":"","format":"standard","meta":{"footnotes":""},"categories":[2],"tags":[],"class_list":["post-23655","post","type-post","status-publish","format-standard","has-post-thumbnail","hentry","category-uadec","wpcat-2-id"],"_links":{"self":[{"href":"https:\/\/www.aquilaguna.com\/index.php\/wp-json\/wp\/v2\/posts\/23655","targetHints":{"allow":["GET"]}}],"collection":[{"href":"https:\/\/www.aquilaguna.com\/index.php\/wp-json\/wp\/v2\/posts"}],"about":[{"href":"https:\/\/www.aquilaguna.com\/index.php\/wp-json\/wp\/v2\/types\/post"}],"author":[{"embeddable":true,"href":"https:\/\/www.aquilaguna.com\/index.php\/wp-json\/wp\/v2\/users\/1"}],"replies":[{"embeddable":true,"href":"https:\/\/www.aquilaguna.com\/index.php\/wp-json\/wp\/v2\/comments?post=23655"}],"version-history":[{"count":1,"href":"https:\/\/www.aquilaguna.com\/index.php\/wp-json\/wp\/v2\/posts\/23655\/revisions"}],"predecessor-version":[{"id":23657,"href":"https:\/\/www.aquilaguna.com\/index.php\/wp-json\/wp\/v2\/posts\/23655\/revisions\/23657"}],"wp:featuredmedia":[{"embeddable":true,"href":"https:\/\/www.aquilaguna.com\/index.php\/wp-json\/wp\/v2\/media\/23656"}],"wp:attachment":[{"href":"https:\/\/www.aquilaguna.com\/index.php\/wp-json\/wp\/v2\/media?parent=23655"}],"wp:term":[{"taxonomy":"category","embeddable":true,"href":"https:\/\/www.aquilaguna.com\/index.php\/wp-json\/wp\/v2\/categories?post=23655"},{"taxonomy":"post_tag","embeddable":true,"href":"https:\/\/www.aquilaguna.com\/index.php\/wp-json\/wp\/v2\/tags?post=23655"}],"curies":[{"name":"wp","href":"https:\/\/api.w.org\/{rel}","templated":true}]}}