{"id":23693,"date":"2024-12-02T19:46:57","date_gmt":"2024-12-03T01:46:57","guid":{"rendered":"https:\/\/www.aquilaguna.com\/?p=23693"},"modified":"2024-12-02T19:46:57","modified_gmt":"2024-12-03T01:46:57","slug":"coahuila-es-un-estado-donde-la-maxima-prioridad-es-la-seguridad","status":"publish","type":"post","link":"https:\/\/www.aquilaguna.com\/index.php\/2024\/12\/02\/coahuila-es-un-estado-donde-la-maxima-prioridad-es-la-seguridad\/","title":{"rendered":"COAHUILA ES UN ESTADO DONDE LA M\u00c1XIMA\u00a0\u00a0PRIORIDAD ES LA SEGURIDAD."},"content":{"rendered":"\n<p>\u2022&nbsp;&nbsp;&nbsp;&nbsp;&nbsp;&nbsp;&nbsp;&nbsp;&nbsp;&nbsp;&nbsp;&nbsp;&nbsp;&nbsp;&nbsp;<strong><em>Comparece ante el Congreso del Estado el titular de la SSP, Hugo Eduardo Guti\u00e9rrez Rodr\u00edguez<\/em><\/strong><\/p>\n\n\n\n<p>\u2022&nbsp;&nbsp;&nbsp;&nbsp;&nbsp;&nbsp;&nbsp;&nbsp;&nbsp;&nbsp;&nbsp;&nbsp;&nbsp;&nbsp;&nbsp;<strong><em>Coahuila es el tercer Estado m\u00e1s seguro de M\u00e9xico<\/em><\/strong><\/p>\n\n\n\n<p>\u2022&nbsp;&nbsp;&nbsp;&nbsp;&nbsp;&nbsp;&nbsp;&nbsp;&nbsp;&nbsp;&nbsp;&nbsp;&nbsp;&nbsp;&nbsp;<strong><em>Prevenci\u00f3n, Proximidad, Inteligencia y Fuerza, ejes fundamentales, expres\u00f3<\/em><\/strong><\/p>\n\n\n\n<p>Saltillo, Coahuila de Zaragoza; a&nbsp;&nbsp;02 de diciembre de 2024.-&nbsp;&nbsp;En Coahuila la coordinaci\u00f3n permanente entre las fuerzas de seguridad de los tres \u00f3rdenes de gobierno, mantienen la tranquilidad y la paz en todas sus regiones porque la seguridad es la m\u00e1xima prioridad, dijo el Secretario del ramo, Hugo Eduardo Guti\u00e9rrez Rodr\u00edguez.<\/p>\n\n\n\n<p>Federico Fern\u00e1ndez Monta\u00f1ez encabez\u00f3 la titularidad de la Secretar\u00eda de Seguridad P\u00fablica desde el arranque de la administraci\u00f3n hasta el 20 de noviembre del presente a\u00f1o.<\/p>\n\n\n\n<p>&nbsp;&nbsp;&nbsp;&nbsp;&nbsp;&nbsp;&nbsp;&nbsp;&nbsp;&nbsp;&nbsp;&nbsp;Al comparecer ante el Congreso del Estado como parte de la Glosa del Primer Informe Ciudadano del gobernador Manolo Jim\u00e9nez Salinas, destac\u00f3 que con prevenci\u00f3n, proximidad, inteligencia y fuerza como ejes fundamentales, Coahuila es el tercer estado m\u00e1s seguro de M\u00e9xico.<\/p>\n\n\n\n<p>Lo anterior, dijo, con datos del Instituto Nacional de Estad\u00edstica y Geograf\u00eda (INEGI),&nbsp;&nbsp;y expres\u00f3:&nbsp;<\/p>\n\n\n\n<p>\u201cEl bienestar de las y los coahuilenses es la m\u00e1s alta prioridad para nuestro gobernador; nuestra visi\u00f3n es ser referente nacional en materia de seguridad, con instituciones s\u00f3lidas que garanticen los derechos de las personas, el orden, la paz, el bienestar y el desarrollo de todos sus habitantes\u201d.<\/p>\n\n\n\n<p>Por otra parte, resalt\u00f3 el Modelo de Fortalecimiento de Seguridad que tiene su base en 4 pilares fundamentales: Prevenci\u00f3n, Proximidad, Inteligencia y Fuerza, que se sustentan en un eje transversal de coordinaci\u00f3n.<\/p>\n\n\n\n<p>Para el gobierno de Manolo Jim\u00e9nez, subray\u00f3, la coordinaci\u00f3n con las fuerzas federales,&nbsp;&nbsp;Ej\u00e9rcito Mexicano, Guardia Nacional, Marina Armada de M\u00e9xico, y la Fiscal\u00eda General de la Rep\u00fablica es fundamental.<\/p>\n\n\n\n<p>Por tal motivo, \u201cconstruimos alianzas con nuestros estados vecinos; este a\u00f1o, celebramos cuatro sesiones de la Reuni\u00f3n Regional Noreste de Seguridad P\u00fablica, con Nuevo Le\u00f3n y Tamaulipas.&nbsp;<\/p>\n\n\n\n<p>\u201cDerivaron en la firma de un convenio para establecer las bases y mecanismos de coordinaci\u00f3n y colaboraci\u00f3n, donde destaca la creaci\u00f3n del Mando Especial Noreste\u201d, abund\u00f3 el titular de la SSP.<\/p>\n\n\n\n<p>Para reforzar la seguridad, dijo que se estableci\u00f3 un convenio con la Marina Armada de M\u00e9xico para la ubicaci\u00f3n de 200 de sus efectivos en nuestro territorio, quienes apoyan en operativos de vigilancia y reconocimiento.<\/p>\n\n\n\n<p>Por otra parte, expres\u00f3 que a trav\u00e9s de la Polic\u00eda Estatal se logr\u00f3 la detenci\u00f3n de 12 mil 132 presuntos responsables de un acto il\u00edcito; resalta el aseguramiento de 648 kilogramos de cristal, 3 mil 725 kilogramos de marihuana, 24 kilogramos de coca\u00edna, 120 dosis de fentanilo, as\u00ed como 82 dosis de piedra.<\/p>\n\n\n\n<p>Dentro de la estrategia de proximidad, se impartieron 190 charlas en instituciones educativas con temas de Conoce a tu Polic\u00eda, Escuela Sana y Segura, Exhibici\u00f3n K9 y Educaci\u00f3n Vial, sostuvo Guti\u00e9rrez Rodr\u00edguez.<\/p>\n\n\n\n<p>Para contar con una polic\u00eda m\u00e1s humana y confiable, \u201cinstruimos a 470 elementos de las fuerzas de seguridad, 300 polic\u00edas estatales, 30 elementos de la Guardia Nacional, 70 activos de la SEDENA y 70 polic\u00edas municipales, mediante la capacitaci\u00f3n Cercan\u00eda y Confianza\u201d, destac\u00f3.<\/p>\n\n\n\n<p>En ese tenor, apunt\u00f3:<\/p>\n\n\n\n<p>\u201cMantener Coahuila Blindado es un objetivo estrat\u00e9gico dentro del Plan Estatal de Desarrollo 2023-2029; en este sentido, y para blindar principalmente los l\u00edmites de Coahuila con otros Estados del pa\u00eds, inauguramos el Arco de Seguridad Carretero, en el municipio de Ramos Arizpe\u201d.<\/p>\n\n\n\n<p>Adem\u00e1s, record\u00f3, se construye un segundo arco en Hidalgo, al norte del Estado; ambos con inversi\u00f3n de 18.4 millones de pesos.<\/p>\n\n\n\n<p>Posteriormente, se refiri\u00f3 a la homologaci\u00f3n de la respuesta de las llamadas de Emergencia, a trav\u00e9s de una Plataforma Digital Interestatal: \u201ceste a\u00f1o atendimos 268 mil 924, por lo que, los servicios del 911 y 089 lograron ser m\u00e1s eficaces\u201d.<\/p>\n\n\n\n<p>Se invirtieron 106.3 millones de pesos en el mantenimiento del Sistema Estatal de Videointeligencia, de la Red de Radiocomunicaci\u00f3n Estatal, de la Base de Datos del Sistema Nacional de Seguridad P\u00fablica, as\u00ed como en la interconexi\u00f3n de los C4 y C2 de Parras de la Fuente, Piedras Negras, Saltillo y Torre\u00f3n, a\u00f1adi\u00f3.<\/p>\n\n\n\n<p>Asimismo, con una inversi\u00f3n de 247.7 millones de pesos, \u201cadquirimos 174 veh\u00edculos para equipar a las fuerzas de seguridad p\u00fablica; de los cuales, 16 son veh\u00edculos t\u00e1cticos y 158 unidades operativas.<\/p>\n\n\n\n<p>\u201cPara fortalecer a las polic\u00edas municipales, con una inversi\u00f3n de 78.1 millones de pesos, adquirimos 63 patrullas para Cuatro Ci\u00e9negas, Hidalgo, Matamoros, M\u00fazquiz, Nava, Parras de la Fuente, Ramos Arizpe, Sabinas, San Buenaventura y Villa Uni\u00f3n\u201d, expres\u00f3.<\/p>\n\n\n\n<p>Se implementaron 140.7 millones de pesos para la construcci\u00f3n de cuatro cuarteles para la Polic\u00eda Estatal, ubicados en Arteaga (Huachichil), Candela, Hidalgo y Progreso.<\/p>\n\n\n\n<p>Tambi\u00e9n para iniciar arrancar la edificaci\u00f3n de tres cuarteles m\u00e1s para la misma corporaci\u00f3n; en M\u00fazquiz (ejido Morelos), Ocampo (ejido San Miguel) y Torre\u00f3n (ejido Flor de Jimulco).<\/p>\n\n\n\n<p>Con esta inversi\u00f3n, adem\u00e1s, se desarrollaron siete proyectos de infraestructura con el Ej\u00e9rcito Mexicano: Construcci\u00f3n del cuartel militar en M\u00fazquiz (ejido El Mel\u00f3n); la primera etapa de la&nbsp;&nbsp;Base Militar en Ocampo.<\/p>\n\n\n\n<p>Asimismo, se puso en marcha la construcci\u00f3n de la Base Militar en la comunidad de \u201cEncarnaci\u00f3n de Guzm\u00e1n\u201d, en los l\u00edmites entre Coahuila y Zacatecas; la rehabilitaci\u00f3n de la Guarnici\u00f3n Militar en Guerrero, y la mejora de la de Ju\u00e1rez.<\/p>\n\n\n\n<p>Termin\u00f3 la construcci\u00f3n del Cuartel Militar de Villa Uni\u00f3n, y la construcci\u00f3n del pozo de agua en la XI Regi\u00f3n Militar de Torre\u00f3n.<\/p>\n\n\n\n<p>Con erogaci\u00f3n de 30.2 millones de pesos, en el presente a\u00f1o se graduaron 300 elementos, de los cuales 100 de ellos se incorporan a la Polic\u00eda de Acci\u00f3n y Reacci\u00f3n (PAR), y el resto a la Polic\u00eda Estatal.<\/p>\n\n\n\n<p>Posteriormente, Guti\u00e9rrez Rodr\u00edguez destac\u00f3 la determinaci\u00f3n del gobierno de Manolo Jim\u00e9nez para lograr la dignificaci\u00f3n de la profesi\u00f3n policial:<\/p>\n\n\n\n<p>\u201cEn este a\u00f1o, homologamos los sueldos de 1,541 polic\u00edas; arrancamos el programa de becas universitarias en beneficio de 348&nbsp;&nbsp;estudiantes, hijas e hijos de elementos en activo\u201d, apunt\u00f3.<\/p>\n\n\n\n<p>La colaboraci\u00f3n entre el gobierno, la iniciativa privada y la sociedad civil, es fundamental, por lo que se fortaleci\u00f3 esta coordinaci\u00f3n; de igual forma con las distintas Universidades de la entidad, se\u00f1al\u00f3.&nbsp;<\/p>\n\n\n\n<p>Por otra parte, se refiri\u00f3 a la creaci\u00f3n del Consejo de Seguridad y Desarrollo Regional (CONSEDE), como un mecanismo que facilite el trabajo coordinado entre los tres \u00f3rdenes de gobierno, la iniciativa privada y la sociedad civil.<\/p>\n\n\n\n<p>\u201cComprometidos en pro de la seguridad de las mujeres, firmamos convenio de colaboraci\u00f3n con Femsa para instalar \u201cPuntos Violeta\u201d en 100 tiendas OXXO, de Saltillo, Torre\u00f3n y Ramos Arizpe.&nbsp;<\/p>\n\n\n\n<p>\u201cEstos espacios funcionar\u00e1n como puntos de resguardo y ayuda para mujeres que en situaci\u00f3n de riesgo\u201d, explic\u00f3.<\/p>\n\n\n\n<p>Por \u00faltimo, se\u00f1al\u00f3 la re-acreditaci\u00f3n del Centro Penitenciario Femenil de Saltillo, y del Centro de Internamiento Especializado en Adolescentes Varonil, tambi\u00e9n de Saltillo, ante la American Correctional Association, por cumplir con est\u00e1ndares internacionales que permitan la readaptaci\u00f3n de las personas privadas de la libertad.<\/p>\n","protected":false},"excerpt":{"rendered":"<p>\u2022&nbsp;&nbsp;&nbsp;&nbsp;&nbsp;&nbsp;&nbsp;&nbsp;&nbsp;&nbsp;&nbsp;&nbsp;&nbsp;&nbsp;&nbsp;Comparece ante el Congreso del Estado el titular de la SSP, Hugo Eduardo Guti\u00e9rrez Rodr\u00edguez \u2022&nbsp;&nbsp;&nbsp;&nbsp;&nbsp;&nbsp;&nbsp;&nbsp;&nbsp;&nbsp;&nbsp;&nbsp;&nbsp;&nbsp;&nbsp;Coahuila es el tercer Estado m\u00e1s seguro de M\u00e9xico \u2022&nbsp;&nbsp;&nbsp;&nbsp;&nbsp;&nbsp;&nbsp;&nbsp;&nbsp;&nbsp;&nbsp;&nbsp;&nbsp;&nbsp;&nbsp;Prevenci\u00f3n, Proximidad, Inteligencia y Fuerza, ejes fundamentales, expres\u00f3 Saltillo, Coahuila de Zaragoza; a&nbsp;&nbsp;02 de diciembre de 2024.-&nbsp;&nbsp;En Coahuila la coordinaci\u00f3n permanente entre las fuerzas de seguridad de los tres \u00f3rdenes de gobierno, mantienen la tranquilidad y la paz en todas sus regiones porque la seguridad es&#8230;<\/p>\n","protected":false},"author":1,"featured_media":23694,"comment_status":"closed","ping_status":"","sticky":false,"template":"","format":"standard","meta":{"footnotes":""},"categories":[5,15,24],"tags":[],"class_list":["post-23693","post","type-post","status-publish","format-standard","has-post-thumbnail","hentry","category-coahuila","category-gobierno-de-coahuila","category-seguridad","wpcat-5-id","wpcat-15-id","wpcat-24-id"],"_links":{"self":[{"href":"https:\/\/www.aquilaguna.com\/index.php\/wp-json\/wp\/v2\/posts\/23693","targetHints":{"allow":["GET"]}}],"collection":[{"href":"https:\/\/www.aquilaguna.com\/index.php\/wp-json\/wp\/v2\/posts"}],"about":[{"href":"https:\/\/www.aquilaguna.com\/index.php\/wp-json\/wp\/v2\/types\/post"}],"author":[{"embeddable":true,"href":"https:\/\/www.aquilaguna.com\/index.php\/wp-json\/wp\/v2\/users\/1"}],"replies":[{"embeddable":true,"href":"https:\/\/www.aquilaguna.com\/index.php\/wp-json\/wp\/v2\/comments?post=23693"}],"version-history":[{"count":1,"href":"https:\/\/www.aquilaguna.com\/index.php\/wp-json\/wp\/v2\/posts\/23693\/revisions"}],"predecessor-version":[{"id":23695,"href":"https:\/\/www.aquilaguna.com\/index.php\/wp-json\/wp\/v2\/posts\/23693\/revisions\/23695"}],"wp:featuredmedia":[{"embeddable":true,"href":"https:\/\/www.aquilaguna.com\/index.php\/wp-json\/wp\/v2\/media\/23694"}],"wp:attachment":[{"href":"https:\/\/www.aquilaguna.com\/index.php\/wp-json\/wp\/v2\/media?parent=23693"}],"wp:term":[{"taxonomy":"category","embeddable":true,"href":"https:\/\/www.aquilaguna.com\/index.php\/wp-json\/wp\/v2\/categories?post=23693"},{"taxonomy":"post_tag","embeddable":true,"href":"https:\/\/www.aquilaguna.com\/index.php\/wp-json\/wp\/v2\/tags?post=23693"}],"curies":[{"name":"wp","href":"https:\/\/api.w.org\/{rel}","templated":true}]}}