{"id":23739,"date":"2024-12-05T18:27:14","date_gmt":"2024-12-06T00:27:14","guid":{"rendered":"https:\/\/www.aquilaguna.com\/?p=23739"},"modified":"2024-12-05T18:27:14","modified_gmt":"2024-12-06T00:27:14","slug":"celebran-decimo-aniversario-del-centro-de-estudios-e-investigaciones-interdisciplinarias-ceii-de-la-uadec","status":"publish","type":"post","link":"https:\/\/www.aquilaguna.com\/index.php\/2024\/12\/05\/celebran-decimo-aniversario-del-centro-de-estudios-e-investigaciones-interdisciplinarias-ceii-de-la-uadec\/","title":{"rendered":"Celebran D\u00e9cimo Aniversario del Centro de Estudios e Investigaciones Interdisciplinarias CEII de la UAdeC."},"content":{"rendered":"\n<p>ARTEAGA, Coahuila. 5 de diciembre de 2024. Este jueves, la Universidad Aut\u00f3noma<br>de Coahuila celebr\u00f3 el D\u00e9cimo Aniversario del Centro de Estudios e Investigaciones<br>Interdisciplinarias (CEII), una d\u00e9cada de impacto acad\u00e9mico y social a trav\u00e9s de la<br>investigaci\u00f3n interdisciplinaria.<\/p>\n\n\n\n<p>El evento realizado en la Sala de Videoconferencias de la Infoteca Arteaga, en<br>representaci\u00f3n del rector de la m\u00e1xima casa de estudios, Octavio Pimentel Mart\u00ednez,<br>asisti\u00f3 el coordinador de Investigaci\u00f3n y Posgrado de la UAdeC, Luis Guti\u00e9rrez<br>Flores, acompa\u00f1ado por la directora del CEII, Josefina Rodr\u00edguez Gonz\u00e1lez, el<br>secretario administrativo del CEII, Luis Mario Rodr\u00edguez Mart\u00ednez.<\/p>\n\n\n\n<p>As\u00ed como el fundador del CEII, Santiago Ch\u00edo Zulaica, funcionariado de la<br>administraci\u00f3n central, directivos de Centros de Investigaci\u00f3n, de Facultades,<br>Escuelas e Institutos de la UAdeC.<\/p>\n\n\n\n<p>En su mensaje de bienvenida, la directora del CEII, Josefina Rodr\u00edguez Gonz\u00e1lez,<br>destac\u00f3 la trayectoria del Centro, fundado en 2014 y ratificado en 2019, reconoci\u00f3 la<br>visi\u00f3n del Dr. Santiago Ch\u00edo Zulaica, pionero en la creaci\u00f3n de programas como la<br>Maestr\u00eda en Promoci\u00f3n y Desarrollo Cultural en 2005 y el Doctorado en Ciencias y<br>Humanidades en 2008 programas innovadores por su enfoque interdisciplinario y<br>modalidad virtual sincr\u00f3nica.<\/p>\n\n\n\n<p>Rodr\u00edguez Gonz\u00e1lez, agradeci\u00f3 el apoyo de autoridades y colaboradores que<br>contribuyeron a su consolidaci\u00f3n, con avances registrados como la incorporaci\u00f3n de<br>nuevos investigadores, en la creaci\u00f3n de dos programas de posgrado, y el<br>establecimiento de convenios con instituciones de prestigio como la UNAM, el IPN y<br>universidades de Costa Rica y Argentina, adem\u00e1s de la movilidad internacional de<br>estudiantes y el reconocimiento de dos programas en el Sistema Nacional de<br>Posgrados del CONACYT.<\/p>\n\n\n\n<p>Por su parte el fundador del CEII, Santiago Ch\u00edo Zulaica, destac\u00f3 la convergencia de<br>m\u00faltiples actores y procesos que hicieron posible la creaci\u00f3n del Centro, con<br>recuerdos personales y profesionales que reflejan la importancia de las conexiones<br>humanas y la colaboraci\u00f3n a lo largo de su vida, lo que dijo, fueron un &#8220;eslab\u00f3n&#8221; que<br>contribuy\u00f3 a construir la historia del Centro.<\/p>\n\n\n\n<p>Ch\u00edo Zulaica, reconoci\u00f3 la importancia de la continuidad en el quehacer<br>interdisciplinario y cultural, por lo que exhort\u00f3 a los presentes a valorar las<br>oportunidades de reencuentro y colaboraci\u00f3n como un motor para seguir impulsando<br>proyectos transformadores.<\/p>\n\n\n\n<p>En su mensaje, el coordinador de Investigaci\u00f3n y Posgrado de la UAdeC, Luis<br>Guti\u00e9rrez Flores destac\u00f3 la importancia de la Investigaci\u00f3n interdisciplinaria en<br>Ciencias Sociales y Humanidades para abordar los retos de una sociedad marcada<br>por avances tecnol\u00f3gicos y desaf\u00edos globales.<\/p>\n\n\n\n<p>Se\u00f1al\u00f3 el impacto del CEII en la formaci\u00f3n de especialistas que contribuyen al<br>desarrollo intelectual, social y cultural en la regi\u00f3n y el pa\u00eds, al tiempo que reconoci\u00f3<br>la labor de fundadores como el Dr. Santiago Ch\u00edo Zulaica y de estudiantes, docentes<br>y la administraci\u00f3n central por su compromiso en fortalecer este espacio.<\/p>\n\n\n\n<p>Durante el evento, se entregaron reconocimientos a los maestros fundadores del<br>CEII a Jos\u00e9 Antonio Mac Gregor Campuzano, Alfonso Hern\u00e1ndez Barba, Elissa<br>Margarita Mass Moreno, Jorge Alejandro Gonz\u00e1lez S\u00e1nchez y Jos\u00e9 Antonio<br>Amozurrutia de Mar\u00eda y Campos.<\/p>\n\n\n\n<p>La celebraci\u00f3n concluy\u00f3 en la planta baja de la Infoteca Arteaga, donde el rector de<br>la UAdeC, Octavio Pimentel Mart\u00ednez junto con la directora del CEII, Josefina<br>Rodr\u00edguez Gonz\u00e1lez, realizaron la Develaci\u00f3n de la Placa Conmemorativa del<br>D\u00e9cimo Aniversario del CEII y la Inauguraci\u00f3n de la Galer\u00eda de Directores con la<br>colocaci\u00f3n de la fotograf\u00eda oficial del Dr. Santiago Ch\u00edo Zulaica, primer director del<br>CEII.<\/p>\n","protected":false},"excerpt":{"rendered":"<p>ARTEAGA, Coahuila. 5 de diciembre de 2024. Este jueves, la Universidad Aut\u00f3nomade Coahuila celebr\u00f3 el D\u00e9cimo Aniversario del Centro de Estudios e InvestigacionesInterdisciplinarias (CEII), una d\u00e9cada de impacto acad\u00e9mico y social a trav\u00e9s de lainvestigaci\u00f3n interdisciplinaria. El evento realizado en la Sala de Videoconferencias de la Infoteca Arteaga, enrepresentaci\u00f3n del rector de la m\u00e1xima casa de estudios, Octavio Pimentel Mart\u00ednez,asisti\u00f3 el coordinador de Investigaci\u00f3n y Posgrado de la UAdeC, Luis&#8230;<\/p>\n","protected":false},"author":1,"featured_media":23740,"comment_status":"closed","ping_status":"","sticky":false,"template":"","format":"standard","meta":{"footnotes":""},"categories":[2],"tags":[],"class_list":["post-23739","post","type-post","status-publish","format-standard","has-post-thumbnail","hentry","category-uadec","wpcat-2-id"],"_links":{"self":[{"href":"https:\/\/www.aquilaguna.com\/index.php\/wp-json\/wp\/v2\/posts\/23739","targetHints":{"allow":["GET"]}}],"collection":[{"href":"https:\/\/www.aquilaguna.com\/index.php\/wp-json\/wp\/v2\/posts"}],"about":[{"href":"https:\/\/www.aquilaguna.com\/index.php\/wp-json\/wp\/v2\/types\/post"}],"author":[{"embeddable":true,"href":"https:\/\/www.aquilaguna.com\/index.php\/wp-json\/wp\/v2\/users\/1"}],"replies":[{"embeddable":true,"href":"https:\/\/www.aquilaguna.com\/index.php\/wp-json\/wp\/v2\/comments?post=23739"}],"version-history":[{"count":1,"href":"https:\/\/www.aquilaguna.com\/index.php\/wp-json\/wp\/v2\/posts\/23739\/revisions"}],"predecessor-version":[{"id":23741,"href":"https:\/\/www.aquilaguna.com\/index.php\/wp-json\/wp\/v2\/posts\/23739\/revisions\/23741"}],"wp:featuredmedia":[{"embeddable":true,"href":"https:\/\/www.aquilaguna.com\/index.php\/wp-json\/wp\/v2\/media\/23740"}],"wp:attachment":[{"href":"https:\/\/www.aquilaguna.com\/index.php\/wp-json\/wp\/v2\/media?parent=23739"}],"wp:term":[{"taxonomy":"category","embeddable":true,"href":"https:\/\/www.aquilaguna.com\/index.php\/wp-json\/wp\/v2\/categories?post=23739"},{"taxonomy":"post_tag","embeddable":true,"href":"https:\/\/www.aquilaguna.com\/index.php\/wp-json\/wp\/v2\/tags?post=23739"}],"curies":[{"name":"wp","href":"https:\/\/api.w.org\/{rel}","templated":true}]}}