{"id":23742,"date":"2024-12-05T18:29:34","date_gmt":"2024-12-06T00:29:34","guid":{"rendered":"https:\/\/www.aquilaguna.com\/?p=23742"},"modified":"2024-12-05T18:29:34","modified_gmt":"2024-12-06T00:29:34","slug":"revisa-proteccion-civil-instalaciones-del-mercadito-navideno","status":"publish","type":"post","link":"https:\/\/www.aquilaguna.com\/index.php\/2024\/12\/05\/revisa-proteccion-civil-instalaciones-del-mercadito-navideno\/","title":{"rendered":"Revisa Protecci\u00f3n Civil instalaciones del Mercadito Navide\u00f1o."},"content":{"rendered":"\n<p>Torre\u00f3n, Coahuila. A 5 de diciembre de 2024.<\/p>\n\n\n\n<p>Personal de la Direcci\u00f3n de Protecci\u00f3n Civil y Bomberos de Torre\u00f3n, realiz\u00f3 un<br>recorrido por el mercadito navide\u00f1o, como seguimiento a las acciones de<br>inspecci\u00f3n de las medidas de seguridad que se llevaron a cabo desde que se<br>instalaron los comerciantes.<\/p>\n\n\n\n<p>Jorge Luis Ju\u00e1rez Llanas, director de la dependencia, indic\u00f3 que el personal<br>verific\u00f3 las instalaciones el\u00e9ctricas y el equipo de seguridad con que el que deben<br>contar los locatarios para atender cualquier tipo de emergencia.<\/p>\n\n\n\n<p>\u201cDeben contar con extintores, pasillos libres para que delimiten las rutas de<br>evacuaci\u00f3n como forma de prevenci\u00f3n de cualquier evento, tambi\u00e9n hicimos de su<br>conocimiento algunas de las \u00e1reas de oportunidad que deben trabajar\u201d, coment\u00f3.<\/p>\n\n\n\n<p>Este espacio de venta de art\u00edculos navide\u00f1os se encuentra abierto desde el<br>pasado 18 de noviembre y estar\u00e1 presente hasta el 27 de diciembre sobre la calle<br>Ildefonso Fuentes entre las avenidas Hidalgo y Ju\u00e1rez.<\/p>\n\n\n\n<p>El funcionario manifest\u00f3 que desde la apertura de este mercadito se realiz\u00f3 la<br>primera inspecci\u00f3n, y se mantendr\u00e1n de manera peri\u00f3dica durante su<br>permanencia, a fin de evitar cualquier tipo de riesgo.<\/p>\n\n\n\n<p>Ju\u00e1rez Llanas recomend\u00f3 a los comerciantes tener especial cuidado con el<br>cableado de luces y series navide\u00f1as, coloc\u00e1ndolas de manera que est\u00e9n ocultas<br>para que no tengan contacto con quienes acuden al mercadito y evitar que queden<br>expuestos que generen un riesgo de descargas el\u00e9ctricas.<\/p>\n\n\n\n<p>Para quienes acuden a realizar sus compras, el director los exhort\u00f3 a estar atentos<br>a los peque\u00f1itos que los acompa\u00f1an, para con ello evitar que exista alg\u00fan riesgo o<br>extrav\u00edo.<\/p>\n\n\n\n<p>Mencion\u00f3 que en caso de observar que exista alg\u00fan riesgo o en alguna situaci\u00f3n<br>de emergencia se comuniquen de inmediato a la Direcci\u00f3n de Protecci\u00f3n Civil y<br>Bomberos de Torre\u00f3n, mediante el n\u00famero de contacto es el 871 712 00 66, o al<br>sistema de emergencias 911.<\/p>\n","protected":false},"excerpt":{"rendered":"<p>Torre\u00f3n, Coahuila. A 5 de diciembre de 2024. Personal de la Direcci\u00f3n de Protecci\u00f3n Civil y Bomberos de Torre\u00f3n, realiz\u00f3 unrecorrido por el mercadito navide\u00f1o, como seguimiento a las acciones deinspecci\u00f3n de las medidas de seguridad que se llevaron a cabo desde que seinstalaron los comerciantes. Jorge Luis Ju\u00e1rez Llanas, director de la dependencia, indic\u00f3 que el personalverific\u00f3 las instalaciones el\u00e9ctricas y el equipo de seguridad con que el que&#8230;<\/p>\n","protected":false},"author":1,"featured_media":23743,"comment_status":"closed","ping_status":"","sticky":false,"template":"","format":"standard","meta":{"footnotes":""},"categories":[5,28,7],"tags":[],"class_list":["post-23742","post","type-post","status-publish","format-standard","has-post-thumbnail","hentry","category-coahuila","category-la-laguna","category-torreon","wpcat-5-id","wpcat-28-id","wpcat-7-id"],"_links":{"self":[{"href":"https:\/\/www.aquilaguna.com\/index.php\/wp-json\/wp\/v2\/posts\/23742","targetHints":{"allow":["GET"]}}],"collection":[{"href":"https:\/\/www.aquilaguna.com\/index.php\/wp-json\/wp\/v2\/posts"}],"about":[{"href":"https:\/\/www.aquilaguna.com\/index.php\/wp-json\/wp\/v2\/types\/post"}],"author":[{"embeddable":true,"href":"https:\/\/www.aquilaguna.com\/index.php\/wp-json\/wp\/v2\/users\/1"}],"replies":[{"embeddable":true,"href":"https:\/\/www.aquilaguna.com\/index.php\/wp-json\/wp\/v2\/comments?post=23742"}],"version-history":[{"count":1,"href":"https:\/\/www.aquilaguna.com\/index.php\/wp-json\/wp\/v2\/posts\/23742\/revisions"}],"predecessor-version":[{"id":23744,"href":"https:\/\/www.aquilaguna.com\/index.php\/wp-json\/wp\/v2\/posts\/23742\/revisions\/23744"}],"wp:featuredmedia":[{"embeddable":true,"href":"https:\/\/www.aquilaguna.com\/index.php\/wp-json\/wp\/v2\/media\/23743"}],"wp:attachment":[{"href":"https:\/\/www.aquilaguna.com\/index.php\/wp-json\/wp\/v2\/media?parent=23742"}],"wp:term":[{"taxonomy":"category","embeddable":true,"href":"https:\/\/www.aquilaguna.com\/index.php\/wp-json\/wp\/v2\/categories?post=23742"},{"taxonomy":"post_tag","embeddable":true,"href":"https:\/\/www.aquilaguna.com\/index.php\/wp-json\/wp\/v2\/tags?post=23742"}],"curies":[{"name":"wp","href":"https:\/\/api.w.org\/{rel}","templated":true}]}}