{"id":23766,"date":"2024-12-06T18:22:03","date_gmt":"2024-12-07T00:22:03","guid":{"rendered":"https:\/\/www.aquilaguna.com\/?p=23766"},"modified":"2024-12-06T18:22:03","modified_gmt":"2024-12-07T00:22:03","slug":"roman-alberto-cepeda-gonzalez-reitera-su-compromiso-de-fortalecer-la-seguridad-en-la-siguiente-administracion-municipal","status":"publish","type":"post","link":"https:\/\/www.aquilaguna.com\/index.php\/2024\/12\/06\/roman-alberto-cepeda-gonzalez-reitera-su-compromiso-de-fortalecer-la-seguridad-en-la-siguiente-administracion-municipal\/","title":{"rendered":"Rom\u00e1n Alberto Cepeda Gonz\u00e1lez reitera su compromiso de fortalecer la seguridad en la siguiente Administraci\u00f3n Municipal."},"content":{"rendered":"\n<p>\u00a0<br>Torre\u00f3n, Coahuila. A 6 de diciembre de 2024.<\/p>\n\n\n\n<p>Durante la cuadrag\u00e9sima octava reuni\u00f3n semanal de seguridad, el alcalde Rom\u00e1n<br>Alberto Cepeda Gonz\u00e1lez agradeci\u00f3 la labor de todas las corporaciones que<br>integran la mesa de an\u00e1lisis y trabajo, y reiter\u00f3 su compromiso de fortalecer este<br>eje de Gobierno, en su pr\u00f3xima Administraci\u00f3n.<br>\u00a0<br>En su mensaje, el Presidente Municipal destac\u00f3 que en materia de seguridad, con<br>responsabilidad y compromiso para ejecutar la tarea que a cada quien le<br>corresponde, se entregaron buenas cuentas.<br>\u00a0<br>Dijo que la mesa de seguridad es una iniciativa del Municipio para coordinar las<br>acciones, revisar los \u00edndices y tocar temas complejos, y agreg\u00f3 que con voluntad<br>se obtienen los resultados deseados.<br>\u00a0<br>\u201cLa seguridad no es una tarea f\u00e1cil, se van a seguir presentando complejidades,<br>pero la voluntad y asumiendo con responsabilidad cada quien la parte que nos<br>toca, es lo que nos ha dado los resultados que hoy tiene Coahuila. La seguridad<br>es un factor fundamental para el desarrollo de cualquier municipio, cualquier<br>entidad y pa\u00eds, por eso los invito a seguir construyendo desde Torre\u00f3n, y a seguir<br>contribuyendo a mantener y reforzar la seguridad\u201d, exhort\u00f3 el edil.<br>\u00a0<br>Reiter\u00f3 que cuando la voluntad, la unidad y la toma de acuerdos prevalece, las<br>respuestas son claras.<br>\u00a0<br>El Alcalde anunci\u00f3 que para la pr\u00f3xima Administraci\u00f3n, en materia de seguridad<br>habr\u00e1 una inversi\u00f3n sin precedentes, aun y cuando en la presente gesti\u00f3n Torre\u00f3n<br>destina un importante monto de su presupuesto a ese rubro.<br>\u00a0<br>\u201cHoy nos debemos sentir orgullosos de que tenemos una ciudad segura, en el pa\u00eds<br>hay m\u00e1s de mil 500 municipios donde dif\u00edcilmente se puede ir a estudiar, trabajar o<br>buscar empleo. Y la seguridad en Torre\u00f3n es atribuible a un equipo, a un respeto y<br>un orden. Mi reconocimiento, mi trabajo y esfuerzo ser\u00e1 dedicado a esto y a que la<br>coordinaci\u00f3n siga trabajando para Coahuila y para Torre\u00f3n\u201d, se\u00f1al\u00f3.<br>\u00a0<br>Cepeda Gonz\u00e1lez agradeci\u00f3 a las corporaciones de los tres \u00f3rdenes de Gobierno,<br>y los invit\u00f3 a cerrar las \u00faltimas semanas de 2024 con el m\u00e1ximo nivel de trabajo y<br>esfuerzo.<br>\u00a0<\/p>\n\n\n\n<p>Referente al \u00edndice semanal de incidencia delictiva, el comisario C\u00e9sar Antonio<br>Perales Esparza, director de la Polic\u00eda Municipal, inform\u00f3 que en la semana del 27<br>de noviembre al 3 de diciembre, disminuy\u00f3 el \u00edndice delictivo en el rubro de robo a<br>casa habitaci\u00f3n, con ocho eventos; robo a veh\u00edculo sin violencia, con cinco<br>eventos; robo a veh\u00edculo con violencia, con cero eventos; robo a local comercial<br>con violencia, con tres eventos; robo a persona con violencia, con cero eventos; y<br>robo a transportista, con cero eventos.<br>&nbsp;<br>La Polic\u00eda Municipal efectu\u00f3 71 detenciones que fueron remitidas al Ministerio<br>P\u00fablico y 42 al Juez Calificador.<br>&nbsp;<br>El Grupo de Reacci\u00f3n Torre\u00f3n realiz\u00f3 14 detenciones relacionadas con la<br>posesi\u00f3n de narc\u00f3ticos.<br>&nbsp;<br>Luis Alberto Morales Cort\u00e9s, director de Vialidad y Movilidad Urbana, inform\u00f3 que<br>el programa piloto \u201cMi primera licencia\u201d, en su segunda fase, atendi\u00f3 a otro grupo<br>de estudiantes de la Universidad Aut\u00f3noma de Coahuila.<br>&nbsp;<br>Alumnos de las facultades de Ciencias Pol\u00edticas y Sociales, y de Ciencias<br>Biol\u00f3gicas, participaron en la segunda etapa del programa, relacionada con<br>ex\u00e1menes psicol\u00f3gicos y pruebas de manejo.<br>&nbsp;<br>Por otro lado, el director destac\u00f3 que agentes de Tr\u00e1nsito mantienen presencia en<br>el Giro Independencia para abanderar el tr\u00e1fico en la zona, debido a las obras<br>complementarias que se ejecutan. Adem\u00e1s, contin\u00faa la labor de socializaci\u00f3n y<br>orientaci\u00f3n a los conductores para que ingresen de forma correcta y segura a esta<br>vialidad.&nbsp;<br>&nbsp;<br>Martha Esther Rodr\u00edguez Romero, presidenta del Centro de Justicia Municipal,<br>destac\u00f3 que la operatividad desde las nuevas instalaciones de la dependencia se<br>encuentra al 100 por ciento.<br>&nbsp;<br>La funcionaria dijo que se registr\u00f3 un total de 167 personas detenidas, siendo<br>injurias, difamaci\u00f3n, calumnias y amenazas la principal falta administrativa, le<br>siguen persona intoxicada y alterar el orden en la v\u00eda p\u00fablica.<br>En cuanto al \u00e1rea de Trabajo Social, G\u00e9nero y Psicolog\u00eda, indic\u00f3 que se realizaron<br>46 tamizajes, 40 de ellos a detenidos de g\u00e9nero masculino.<br>&nbsp;<br>Jorge Luis Ju\u00e1rez Llanas, director de Protecci\u00f3n Civil y Bomberos de Torre\u00f3n,<br>mencion\u00f3 que esta semana se atendieron 144 servicios por parte de las diferentes<br>estaciones, tres de los cuales corresponde a personas con intenci\u00f3n suicida.<br>&nbsp;<br>Refiri\u00f3 que ya se rebas\u00f3 por m\u00e1s de 10 mil personas capacitadas en comparaci\u00f3n<br>con 2023, en materia de protecci\u00f3n civil.<br>&nbsp;<\/p>\n\n\n\n<p>Hasta la primera semana de diciembre del presente a\u00f1o suman un total de 27 mil<br>478, mientras que el a\u00f1o pasado fueron capacitadas 17 mil 157 personas.<br>&nbsp;<br>Pablo Fern\u00e1ndez Llamas, encargado del despacho de la Direcci\u00f3n de Inspecci\u00f3n y<br>Verificaci\u00f3n, inform\u00f3 que los principales reportes que recibi\u00f3 la dependencia<br>mediante el sistema 073 fueron por veh\u00edculos chatarra con seis; obstrucci\u00f3n en la<br>v\u00eda p\u00fablica, con 11; y condiciones inadecuadas, con siete.<br>&nbsp;<br>Tambi\u00e9n inform\u00f3 sobre el retiro de seis veh\u00edculos abandonados en la v\u00eda p\u00fablica,<br>con el objeto de tener espacios libres y calles limpias.<\/p>\n","protected":false},"excerpt":{"rendered":"<p>\u00a0Torre\u00f3n, Coahuila. A 6 de diciembre de 2024. Durante la cuadrag\u00e9sima octava reuni\u00f3n semanal de seguridad, el alcalde Rom\u00e1nAlberto Cepeda Gonz\u00e1lez agradeci\u00f3 la labor de todas las corporaciones queintegran la mesa de an\u00e1lisis y trabajo, y reiter\u00f3 su compromiso de fortalecer esteeje de Gobierno, en su pr\u00f3xima Administraci\u00f3n.\u00a0En su mensaje, el Presidente Municipal destac\u00f3 que en materia de seguridad, conresponsabilidad y compromiso para ejecutar la tarea que a cada quien&#8230;<\/p>\n","protected":false},"author":1,"featured_media":23767,"comment_status":"closed","ping_status":"","sticky":false,"template":"","format":"standard","meta":{"footnotes":""},"categories":[5,28,7],"tags":[],"class_list":["post-23766","post","type-post","status-publish","format-standard","has-post-thumbnail","hentry","category-coahuila","category-la-laguna","category-torreon","wpcat-5-id","wpcat-28-id","wpcat-7-id"],"_links":{"self":[{"href":"https:\/\/www.aquilaguna.com\/index.php\/wp-json\/wp\/v2\/posts\/23766","targetHints":{"allow":["GET"]}}],"collection":[{"href":"https:\/\/www.aquilaguna.com\/index.php\/wp-json\/wp\/v2\/posts"}],"about":[{"href":"https:\/\/www.aquilaguna.com\/index.php\/wp-json\/wp\/v2\/types\/post"}],"author":[{"embeddable":true,"href":"https:\/\/www.aquilaguna.com\/index.php\/wp-json\/wp\/v2\/users\/1"}],"replies":[{"embeddable":true,"href":"https:\/\/www.aquilaguna.com\/index.php\/wp-json\/wp\/v2\/comments?post=23766"}],"version-history":[{"count":1,"href":"https:\/\/www.aquilaguna.com\/index.php\/wp-json\/wp\/v2\/posts\/23766\/revisions"}],"predecessor-version":[{"id":23768,"href":"https:\/\/www.aquilaguna.com\/index.php\/wp-json\/wp\/v2\/posts\/23766\/revisions\/23768"}],"wp:featuredmedia":[{"embeddable":true,"href":"https:\/\/www.aquilaguna.com\/index.php\/wp-json\/wp\/v2\/media\/23767"}],"wp:attachment":[{"href":"https:\/\/www.aquilaguna.com\/index.php\/wp-json\/wp\/v2\/media?parent=23766"}],"wp:term":[{"taxonomy":"category","embeddable":true,"href":"https:\/\/www.aquilaguna.com\/index.php\/wp-json\/wp\/v2\/categories?post=23766"},{"taxonomy":"post_tag","embeddable":true,"href":"https:\/\/www.aquilaguna.com\/index.php\/wp-json\/wp\/v2\/tags?post=23766"}],"curies":[{"name":"wp","href":"https:\/\/api.w.org\/{rel}","templated":true}]}}