{"id":23842,"date":"2024-12-11T18:27:35","date_gmt":"2024-12-12T00:27:35","guid":{"rendered":"https:\/\/www.aquilaguna.com\/?p=23842"},"modified":"2024-12-11T18:27:35","modified_gmt":"2024-12-12T00:27:35","slug":"presentan-informe-mensual-de-la-direccion-de-servicios-publicos","status":"publish","type":"post","link":"https:\/\/www.aquilaguna.com\/index.php\/2024\/12\/11\/presentan-informe-mensual-de-la-direccion-de-servicios-publicos\/","title":{"rendered":"Presentan informe mensual de la Direcci\u00f3n de Servicios P\u00fablicos."},"content":{"rendered":"\n<p>Torre\u00f3n, Coahuila a 11 de diciembre de 2024.<\/p>\n\n\n\n<p>Regidores del Ayuntamiento pertenecientes a la comisi\u00f3n de Servicios P\u00fablicos,<br>recibieron el informe mensual por parte del director a cargo, en el que destacaron<br>acciones de iluminaci\u00f3n y mantenimiento a espacios p\u00fablicos.<\/p>\n\n\n\n<p>El director de Servicios P\u00fablicos, Fernando Villarreal Cu\u00e9llar, dio a conocer que<br>personal municipal inici\u00f3 desde noviembre con trabajos de iluminaci\u00f3n con series<br>de cascada, serie l\u00ednea, pino arbotante y coronas, en la calzada Col\u00f3n, la avenida<br>Ju\u00e1rez, Plaza Mayor, el SV4C, bulevar Independencia y Giro Independencia, con<br>motivo de las fechas navide\u00f1as.<\/p>\n\n\n\n<p>Adem\u00e1s, inform\u00f3 que se trabaj\u00f3 en espacios p\u00fablicos como: Bosque Urbano, la<br>Alameda Zaragoza y vialidades como el Paso Villa Florida, con trabajos de mejora<br>de infraestructura urbana.<\/p>\n\n\n\n<p>Por otro lado, mencion\u00f3 que con la finalidad de mantener limpias las calles,<br>durante el periodo de peregrinaciones se instalaron 40 botes para recolecci\u00f3n de<br>basura, desde la avenida Ju\u00e1rez hasta la calle Hidalgo.<\/p>\n\n\n\n<p>Agreg\u00f3 que la dependencia a su cargo tiene una cuadrilla nocturna que se<br>encarga de recoger de tres a cuatro toneladas diarias de basura al terminar las<br>peregrinaciones.<\/p>\n\n\n\n<p>El funcionario mencion\u00f3 que se acercaron a los locatarios del sector Centro de<br>Torre\u00f3n con el programa \u201cBanqueta Limpia\u201d, para recordarles que es necesario<br>mantener libre de basura el frente de su negocio y en consecuencia evitar alguna<br>multa.<\/p>\n\n\n\n<p>Adem\u00e1s, Villarreal Cu\u00e9llar destac\u00f3 que el equipo de mantenimiento llev\u00f3 a cabo la<br>rehabilitaci\u00f3n de 450 plazas p\u00fablicas, esto durante la Administraci\u00f3n 2022 -2023-<br>2024.<\/p>\n\n\n\n<p>Lo anterior fue informado durante la \u00faltima Comisi\u00f3n de Servicios P\u00fablicos, que es<br>presidida por el regidor Omar Morales Rodr\u00edguez, e integrada adem\u00e1s por los<br>ediles Cristian Manuel L\u00f3pez Ch\u00e1vez, Amira Luc\u00eda Darwich Garc\u00eda, Jos\u00e9 Arturo<br>Rangel Peralta, Christian Gonz\u00e1lez Zambrano, Jos\u00e9 Armando Gonz\u00e1lez Murillo y<br>Zazil Pacheco P\u00e9rez.<\/p>\n","protected":false},"excerpt":{"rendered":"<p>Torre\u00f3n, Coahuila a 11 de diciembre de 2024. Regidores del Ayuntamiento pertenecientes a la comisi\u00f3n de Servicios P\u00fablicos,recibieron el informe mensual por parte del director a cargo, en el que destacaronacciones de iluminaci\u00f3n y mantenimiento a espacios p\u00fablicos. El director de Servicios P\u00fablicos, Fernando Villarreal Cu\u00e9llar, dio a conocer quepersonal municipal inici\u00f3 desde noviembre con trabajos de iluminaci\u00f3n con seriesde cascada, serie l\u00ednea, pino arbotante y coronas, en la calzada&#8230;<\/p>\n","protected":false},"author":1,"featured_media":23843,"comment_status":"closed","ping_status":"","sticky":false,"template":"","format":"standard","meta":{"footnotes":""},"categories":[5,28,7],"tags":[],"class_list":["post-23842","post","type-post","status-publish","format-standard","has-post-thumbnail","hentry","category-coahuila","category-la-laguna","category-torreon","wpcat-5-id","wpcat-28-id","wpcat-7-id"],"_links":{"self":[{"href":"https:\/\/www.aquilaguna.com\/index.php\/wp-json\/wp\/v2\/posts\/23842","targetHints":{"allow":["GET"]}}],"collection":[{"href":"https:\/\/www.aquilaguna.com\/index.php\/wp-json\/wp\/v2\/posts"}],"about":[{"href":"https:\/\/www.aquilaguna.com\/index.php\/wp-json\/wp\/v2\/types\/post"}],"author":[{"embeddable":true,"href":"https:\/\/www.aquilaguna.com\/index.php\/wp-json\/wp\/v2\/users\/1"}],"replies":[{"embeddable":true,"href":"https:\/\/www.aquilaguna.com\/index.php\/wp-json\/wp\/v2\/comments?post=23842"}],"version-history":[{"count":1,"href":"https:\/\/www.aquilaguna.com\/index.php\/wp-json\/wp\/v2\/posts\/23842\/revisions"}],"predecessor-version":[{"id":23844,"href":"https:\/\/www.aquilaguna.com\/index.php\/wp-json\/wp\/v2\/posts\/23842\/revisions\/23844"}],"wp:featuredmedia":[{"embeddable":true,"href":"https:\/\/www.aquilaguna.com\/index.php\/wp-json\/wp\/v2\/media\/23843"}],"wp:attachment":[{"href":"https:\/\/www.aquilaguna.com\/index.php\/wp-json\/wp\/v2\/media?parent=23842"}],"wp:term":[{"taxonomy":"category","embeddable":true,"href":"https:\/\/www.aquilaguna.com\/index.php\/wp-json\/wp\/v2\/categories?post=23842"},{"taxonomy":"post_tag","embeddable":true,"href":"https:\/\/www.aquilaguna.com\/index.php\/wp-json\/wp\/v2\/tags?post=23842"}],"curies":[{"name":"wp","href":"https:\/\/api.w.org\/{rel}","templated":true}]}}