{"id":23905,"date":"2024-12-17T17:58:01","date_gmt":"2024-12-17T23:58:01","guid":{"rendered":"https:\/\/www.aquilaguna.com\/?p=23905"},"modified":"2024-12-17T17:58:01","modified_gmt":"2024-12-17T23:58:01","slug":"celebran-sesion-de-instalacion-formal-de-la-comision-plural-instaladora-del-ayuntamiento-electo-2025-2027","status":"publish","type":"post","link":"https:\/\/www.aquilaguna.com\/index.php\/2024\/12\/17\/celebran-sesion-de-instalacion-formal-de-la-comision-plural-instaladora-del-ayuntamiento-electo-2025-2027\/","title":{"rendered":"Celebran sesi\u00f3n de instalaci\u00f3n formal de la Comisi\u00f3n Plural Instaladora del Ayuntamiento Electo 2025-2027."},"content":{"rendered":"\n<p>Torre\u00f3n, Coahuila. A 17 de diciembre de 2024.<\/p>\n\n\n\n<p>Este martes se llev\u00f3 a cabo la declaratoria formal de instalaci\u00f3n de la Comisi\u00f3n<br>Plural Instaladora del Ayuntamiento Electo de la Administraci\u00f3n 2025-2027.<\/p>\n\n\n\n<p>Durante la primera sesi\u00f3n de la comisi\u00f3n se aprob\u00f3 el protocolo para la Sesi\u00f3n<br>Solemne de Instalaci\u00f3n del Ayuntamiento Electo para el periodo 2025-2027, que<br>habr\u00e1 de celebrarse el pr\u00f3ximo 1 de enero a las 12:00 horas, quedando como<br>recinto oficial la Sala de Cabildo, ubicada en el s\u00e9ptimo piso de la Presidencia<br>Municipal.<\/p>\n\n\n\n<p>Claudia Ver\u00f3nica Gonz\u00e1lez D\u00edaz, S\u00edndica de Mayor\u00eda y presidenta de esta<br>comisi\u00f3n, se\u00f1al\u00f3 que el objetivo de este organismo es convocar a los integrantes<br>del nuevo Cabildo de la pr\u00f3xima Administraci\u00f3n para que acudan al acto de toma<br>de protesta, as\u00ed como vigilar que el proceso se conduzca con legalidad y orden.<\/p>\n\n\n\n<p>Indic\u00f3 que la Comisi\u00f3n aprob\u00f3 el orden del d\u00eda de la Sesi\u00f3n Solemne del 1 de<br>enero de 2025, quedando de la siguiente forma:<\/p>\n\n\n\n<p>Honores a la bandera; lista de asistencia; protesta legal del Presidente Municipal,<br>Rom\u00e1n Alberto Cepeda Gonz\u00e1lez; protesta legal de regidoras, regidores y<br>s\u00edndicos; declaratoria por parte del Presidente Municipal de la Instalaci\u00f3n del<br>Ayuntamiento; as\u00ed como la presentaci\u00f3n de los aspectos generales del plan de<br>trabajo, por el Presidente Municipal.<\/p>\n\n\n\n<p>Esta comisi\u00f3n tambi\u00e9n est\u00e1 conformada por la regidora Alma Lucina Fong<br>Mel\u00e9ndez, quien tom\u00f3 protesta como secretaria; as\u00ed como por los regidores: Luis<br>Jorge Cuerda Serna, Christian Gonz\u00e1lez Zambrano y Jes\u00fas Javier G\u00f3mez<br>Ledezma, en calidad de integrantes vocales.<\/p>\n\n\n\n<p>La integraci\u00f3n de la Comisi\u00f3n Plural Instaladora del Ayuntamiento Electo de la<br>Administraci\u00f3n 2025-2027, fue una propuesta por el alcalde Rom\u00e1n Alberto<br>Cepeda Gonz\u00e1lez, aprobada ayer por la tarde por el Cabildo de Torre\u00f3n.<\/p>\n\n\n\n<p>En la reuni\u00f3n estuvo presente tambi\u00e9n la Secretaria del Ayuntamiento, Natalia<br>Guadalupe Fern\u00e1ndez Mart\u00ednez.<\/p>\n","protected":false},"excerpt":{"rendered":"<p>Torre\u00f3n, Coahuila. A 17 de diciembre de 2024. Este martes se llev\u00f3 a cabo la declaratoria formal de instalaci\u00f3n de la Comisi\u00f3nPlural Instaladora del Ayuntamiento Electo de la Administraci\u00f3n 2025-2027. Durante la primera sesi\u00f3n de la comisi\u00f3n se aprob\u00f3 el protocolo para la Sesi\u00f3nSolemne de Instalaci\u00f3n del Ayuntamiento Electo para el periodo 2025-2027, quehabr\u00e1 de celebrarse el pr\u00f3ximo 1 de enero a las 12:00 horas, quedando comorecinto oficial la Sala&#8230;<\/p>\n","protected":false},"author":1,"featured_media":23906,"comment_status":"closed","ping_status":"","sticky":false,"template":"","format":"standard","meta":{"footnotes":""},"categories":[5,28,7],"tags":[],"class_list":["post-23905","post","type-post","status-publish","format-standard","has-post-thumbnail","hentry","category-coahuila","category-la-laguna","category-torreon","wpcat-5-id","wpcat-28-id","wpcat-7-id"],"_links":{"self":[{"href":"https:\/\/www.aquilaguna.com\/index.php\/wp-json\/wp\/v2\/posts\/23905","targetHints":{"allow":["GET"]}}],"collection":[{"href":"https:\/\/www.aquilaguna.com\/index.php\/wp-json\/wp\/v2\/posts"}],"about":[{"href":"https:\/\/www.aquilaguna.com\/index.php\/wp-json\/wp\/v2\/types\/post"}],"author":[{"embeddable":true,"href":"https:\/\/www.aquilaguna.com\/index.php\/wp-json\/wp\/v2\/users\/1"}],"replies":[{"embeddable":true,"href":"https:\/\/www.aquilaguna.com\/index.php\/wp-json\/wp\/v2\/comments?post=23905"}],"version-history":[{"count":1,"href":"https:\/\/www.aquilaguna.com\/index.php\/wp-json\/wp\/v2\/posts\/23905\/revisions"}],"predecessor-version":[{"id":23907,"href":"https:\/\/www.aquilaguna.com\/index.php\/wp-json\/wp\/v2\/posts\/23905\/revisions\/23907"}],"wp:featuredmedia":[{"embeddable":true,"href":"https:\/\/www.aquilaguna.com\/index.php\/wp-json\/wp\/v2\/media\/23906"}],"wp:attachment":[{"href":"https:\/\/www.aquilaguna.com\/index.php\/wp-json\/wp\/v2\/media?parent=23905"}],"wp:term":[{"taxonomy":"category","embeddable":true,"href":"https:\/\/www.aquilaguna.com\/index.php\/wp-json\/wp\/v2\/categories?post=23905"},{"taxonomy":"post_tag","embeddable":true,"href":"https:\/\/www.aquilaguna.com\/index.php\/wp-json\/wp\/v2\/tags?post=23905"}],"curies":[{"name":"wp","href":"https:\/\/api.w.org\/{rel}","templated":true}]}}