{"id":2391,"date":"2021-05-24T19:57:44","date_gmt":"2021-05-25T00:57:44","guid":{"rendered":"https:\/\/www.aquilaguna.com\/?p=2391"},"modified":"2021-05-24T19:57:45","modified_gmt":"2021-05-25T00:57:45","slug":"celebran-primera-reunion-de-coordinacionpara-operativo-de-seguridad-en-torno-a-final-de-futbol","status":"publish","type":"post","link":"https:\/\/www.aquilaguna.com\/index.php\/2021\/05\/24\/celebran-primera-reunion-de-coordinacionpara-operativo-de-seguridad-en-torno-a-final-de-futbol\/","title":{"rendered":"CELEBRAN PRIMERA REUNI\u00d3N DE COORDINACI\u00d3NPARA OPERATIVO DE SEGURIDAD EN TORNO A FINAL DE FUTBOL."},"content":{"rendered":"\n<p>\u00b7\u00a0\u00a0\u00a0\u00a0\u00a0\u00a0<strong><em>Se re\u00fanen autoridades del Gobierno de Coahuila, Ayuntamiento de Torre\u00f3n y Mando Especial de La Laguna<\/em><\/strong>.<\/p>\n\n\n\n<p>Torre\u00f3n, Coahuila de Zaragoza; a 24 de Mayo de 2021.- El Gobierno de Coahuila, v\u00eda el Subcomit\u00e9 T\u00e9cnico Regional Covid-19, sostuvo una reuni\u00f3n de coordinaci\u00f3n con el Ayuntamiento de Torre\u00f3n y el Mando Especial de La Laguna para definir el operativo de seguridad en torno a la Final de Futbol Santos Vs Cruz Azul.Fernando Sim\u00f3n Guti\u00e9rrez P\u00e9rez, titular de Comunicaci\u00f3n e Imagen Institucional del Gobierno de Coahuila, advirti\u00f3 que todo se debe desarrollar de manera coordinada y ordenada.<\/p>\n\n\n\n<p>En este primer encuentro se defini\u00f3 que la Coordinaci\u00f3n Regional de Seguridad P\u00fablica ser\u00e1 la encargada del Operativo de Seguridad.<\/p>\n\n\n\n<p>En tanto que la Coordinaci\u00f3n de Padrones de la Secretar\u00eda de Finanzas se enfocar\u00e1 en los vendedores ambulantes y en la supervisi\u00f3n de que bares y restaurantes no rebasen el aforo de un 50 por ciento, tanto el jueves 27 como el domingo 30 de mayo.<\/p>\n\n\n\n<p>El funcionario adelant\u00f3 que habr\u00e1 una campa\u00f1a de sensibilizaci\u00f3n a trav\u00e9s de medios de comunicaci\u00f3n para que los festejos sean en familia, y donde se den a conocer los accesos al Territorio Santos Modelo, que ma\u00f1ana mismo quedar\u00e1n definidos.<\/p>\n\n\n\n<p>Al hacer uso de la voz, el General Brigadier D.E.M. Ernesto Joaqu\u00edn Geminiano Jim\u00e9nez, titular del Mando Especial de La Laguna, aprovech\u00f3 la reuni\u00f3n para presentarse y establecer el compromiso de coadyuvar con la seguridad por el encuentro finalista.<\/p>\n\n\n\n<p>\u201cCuenten con las fuerzas que nosotros tenemos, podemos sumar con Ej\u00e9rcito, Guardia Nacional y la Polic\u00eda Metropolitana, y podemos acompa\u00f1arlos en los puntos y lugares que ya explic\u00f3 la Coordinaci\u00f3n de Seguridad P\u00fablica\u201d.<\/p>\n\n\n\n<p>El Secretario del Ayuntamiento de Torre\u00f3n, H\u00e9ctor Rivera L\u00f3pez, fue enf\u00e1tico al decir que las concentraciones quedan prohibidas.<\/p>\n\n\n\n<p>\u201cAyudar\u00e1 mucho a desahogar la presi\u00f3n entre los que van en caravana y los que est\u00e1n en la calle festejando. Quedan prohibidas las concentraciones\u201d, advirti\u00f3.<\/p>\n\n\n\n<p>En su intervenci\u00f3n, el titular de la Secretar\u00eda de Seguridad P\u00fablica en La Laguna, Adelaido Flores D\u00edaz, se\u00f1al\u00f3 que en cumplimiento a la indicaci\u00f3n del gobernador Miguel \u00c1ngel Riquelme Sol\u00eds ya se tiene un operativo previsto, dejando claro que en todo momento resguardar\u00e1n a la Porra visitante, pues es la encomienda del Mandatario estatal.<\/p>\n\n\n\n<p>A las 15:00 horas del jueves 27 de mayo contar\u00e1n con puntos de seguridad en las entradas a esta \u00e1rea en toda la Zona Metropolitana, y en esto apoya la Guardia Nacional.<\/p>\n\n\n\n<p>Otro c\u00edrculo es en los alrededores del Estadio Corona, el interno, aqu\u00ed el apoyo es de la Polic\u00eda Municipal y seguridad privada, que tienen que ver con el control de acceso.<\/p>\n\n\n\n<p>En las avenidas grandes de la ciudad apoya la Polic\u00eda Estatal, agreg\u00f3.Estar\u00e1n al pendiente de los disturbios que se lleguen a presentar y tambi\u00e9n habr\u00e1 un helic\u00f3ptero sobrevolando la ciudad.<\/p>\n\n\n\n<p>Tanto jueves y domingo permanecer\u00e1n cerradas las vialidades aleda\u00f1as a la Plaza Mayor y a la Alameda Zaragoza, tal como se hace en la Ceremonia del D\u00eda del Grito.Por su parte, Luis Gurza Jaidar, titular de la Mesa Operativa y Administrador General de Recaudaci\u00f3n, expres\u00f3 que es importante transmitir a la poblaci\u00f3n la prohibici\u00f3n contundente de concentraciones.<\/p>\n\n\n\n<p>Tampoco se permitir\u00e1 la utilizaci\u00f3n de espuma; se permitir\u00e1n las caravanas pero sin que la gente descienda de los veh\u00edculos, y posiblemente se definir\u00e1n algunas rutas para el uso y disfrute de la gente.<\/p>\n\n\n\n<p><strong>COMPROMISOS A CUMPLIR.<\/strong><\/p>\n\n\n\n<p>+ Garantizar la seguridad de la Porra visitante en el juego Santos\u2013Cruz Azul el 27 de mayo, escolt\u00e1ndolos desde la salida del estadio hasta abandonar los l\u00edmites de la Ciudad de Torre\u00f3n.<\/p>\n\n\n\n<p>+ Reforzar los puntos de festejo de la afici\u00f3n para evitar aglomeraciones y disturbios en los partidos del d\u00eda 27 y 30 de mayo.<\/p>\n\n\n\n<p>+ Vigilar el ambulantaje y venta de suvenires en los puntos habituales de la ciudad, as\u00ed como a las afueras del Estadio Corona.<\/p>\n\n\n\n<p>+ Reforzar la vigilancia, reiterando el cumplimiento de protocolos y el control de los aforos al 50 por ciento en restaurantes, bares y cantinas ambos d\u00edas de la Final.En esta cita participaron\u00a0\u00a0funcionarios estatales, municipales y del Mando Especial de La Laguna, quienes tendr\u00e1n una reuni\u00f3n ma\u00f1ana 25 de mayo para afinar los detalles del operativo.<\/p>\n","protected":false},"excerpt":{"rendered":"<p>\u00b7\u00a0\u00a0\u00a0\u00a0\u00a0\u00a0Se re\u00fanen autoridades del Gobierno de Coahuila, Ayuntamiento de Torre\u00f3n y Mando Especial de La Laguna. Torre\u00f3n, Coahuila de Zaragoza; a 24 de Mayo de 2021.- El Gobierno de Coahuila, v\u00eda el Subcomit\u00e9 T\u00e9cnico Regional Covid-19, sostuvo una reuni\u00f3n de coordinaci\u00f3n con el Ayuntamiento de Torre\u00f3n y el Mando Especial de La Laguna para definir el operativo de seguridad en torno a la Final de Futbol Santos Vs Cruz Azul.Fernando&#8230;<\/p>\n","protected":false},"author":1,"featured_media":2392,"comment_status":"closed","ping_status":"closed","sticky":false,"template":"","format":"standard","meta":{"footnotes":""},"categories":[5,33,15],"tags":[],"class_list":["post-2391","post","type-post","status-publish","format-standard","has-post-thumbnail","hentry","category-coahuila","category-deporte","category-gobierno-de-coahuila","wpcat-5-id","wpcat-33-id","wpcat-15-id"],"_links":{"self":[{"href":"https:\/\/www.aquilaguna.com\/index.php\/wp-json\/wp\/v2\/posts\/2391","targetHints":{"allow":["GET"]}}],"collection":[{"href":"https:\/\/www.aquilaguna.com\/index.php\/wp-json\/wp\/v2\/posts"}],"about":[{"href":"https:\/\/www.aquilaguna.com\/index.php\/wp-json\/wp\/v2\/types\/post"}],"author":[{"embeddable":true,"href":"https:\/\/www.aquilaguna.com\/index.php\/wp-json\/wp\/v2\/users\/1"}],"replies":[{"embeddable":true,"href":"https:\/\/www.aquilaguna.com\/index.php\/wp-json\/wp\/v2\/comments?post=2391"}],"version-history":[{"count":1,"href":"https:\/\/www.aquilaguna.com\/index.php\/wp-json\/wp\/v2\/posts\/2391\/revisions"}],"predecessor-version":[{"id":2393,"href":"https:\/\/www.aquilaguna.com\/index.php\/wp-json\/wp\/v2\/posts\/2391\/revisions\/2393"}],"wp:featuredmedia":[{"embeddable":true,"href":"https:\/\/www.aquilaguna.com\/index.php\/wp-json\/wp\/v2\/media\/2392"}],"wp:attachment":[{"href":"https:\/\/www.aquilaguna.com\/index.php\/wp-json\/wp\/v2\/media?parent=2391"}],"wp:term":[{"taxonomy":"category","embeddable":true,"href":"https:\/\/www.aquilaguna.com\/index.php\/wp-json\/wp\/v2\/categories?post=2391"},{"taxonomy":"post_tag","embeddable":true,"href":"https:\/\/www.aquilaguna.com\/index.php\/wp-json\/wp\/v2\/tags?post=2391"}],"curies":[{"name":"wp","href":"https:\/\/api.w.org\/{rel}","templated":true}]}}