{"id":23914,"date":"2024-12-17T19:53:13","date_gmt":"2024-12-18T01:53:13","guid":{"rendered":"https:\/\/www.aquilaguna.com\/?p=23914"},"modified":"2024-12-17T19:53:13","modified_gmt":"2024-12-18T01:53:13","slug":"proxima-administracion-municipal-debera-dar-cumplimiento-a-disposiciones-sobre-politicas-publicas-y-de-gestion-para-colectivos-lgbtyq","status":"publish","type":"post","link":"https:\/\/www.aquilaguna.com\/index.php\/2024\/12\/17\/proxima-administracion-municipal-debera-dar-cumplimiento-a-disposiciones-sobre-politicas-publicas-y-de-gestion-para-colectivos-lgbtyq\/","title":{"rendered":"Pr\u00f3xima administraci\u00f3n municipal deber\u00e1 dar cumplimiento a disposiciones sobre pol\u00edticas p\u00fablicas y de gesti\u00f3n para colectivos LGBTYQ+."},"content":{"rendered":"\n<p>Torre\u00f3n, Coahuila.- Ser\u00e1\u00a0 en el ya inminente\u00a0 2025, cuando se\u00a0 alcance\u00a0 el\u00a0 l\u00edmite de tiempo que el Congreso del Estado de Coahuila ha fijado para que todos los municipios\u00a0 y que en este caso\u00a0 habr\u00e1 de\u00a0 presidir el \u00a0reelecto alcalde Rom\u00e1n Alberto Cepeda Gonz\u00e1lez, \u00a0 cuando se\u00a0 deber\u00e1 dar cumplimiento\u00a0 cabal a\u00a0 su disposici\u00f3n \u00a0 de que\u00a0 en cada\u00a0 uno de sus\u00a0 municipios, \u00a0 se cuente con \u00a0 espacio y herramientas para\u00a0 generar\u00a0 pol\u00edticas p\u00fablicas\u00a0 y\u00a0 de gesti\u00f3n \u00a0 para\u00a0 quienes integran los colectivos LBGTYQ+.<\/p>\n\n\n\n<p>As\u00ed lo reitera,\u00a0 Christian L\u00f3pez,\u00a0 XV Regidor de la ya feneciente administraci\u00f3n local, conforme a\u00a0 los\u00a0 logros que\u00a0 se han\u00a0 obtenido\u00a0 a trav\u00e9s de largas luchas de los Colectivos de la Diversidad Sexual en Coahuila,\u00a0 &#8220;que por cierto, se ubica a la vanguardia en estos temas,\u00a0 de los Derechos Humanos&#8221;.<\/p>\n\n\n\n<p>Indic\u00f3\u00a0 el entrevistado\u00a0que tal espacio, &#8220;no puede quedar dentro de la Direcci\u00f3n\u00a0 de Salud\u00a0 Municipal, porque as\u00ed se ostentar\u00eda como una cuesti\u00f3n de\u00a0 discriminaci\u00f3n, de etiqueta, de estereotipo, pues se estima que todos los temas relacionados con los colectivos LBGT y m\u00e1s, tienen que estar\u00a0 relacionados con salud cuando en realidad no es as\u00ed&#8221;.\u00a0<\/p>\n\n\n\n<p>Hay personas, dijo,\u00a0&#8220;en tales colectivos que son hombres o mujeres trans, personas no binarios,\u00a0 que no pueden acceder a Programas Sociales por que no tienen en orden o no han actualizado su acta de nacimiento, su INE,\u00a0 sus condiciones de\u00a0 identidad legal y oficial&#8221;.<\/p>\n\n\n\n<p>Entonces, dice, &#8220;yo creo  que tales oficinas, deber\u00e1n orientar para que alcancen este derecho a la identidad, tambi\u00e9n como lo son cuestiones de desarrollo social, as\u00ed tambi\u00e9n como las de salud&#8221;.<\/p>\n\n\n\n<p>&#8220;Los matrimonios o parejas sexuales no\u00a0 han conquistado sus derechos ante el IMSS, o en el\u00a0 ISSSTE. Sus parejas no pueden registrarse como c\u00f3nyuges, beneficiarios directos o indirectos ni por cesi\u00f3n de Derechos, no pueden,\u00a0 situaci\u00f3n que el gobierno federal deber\u00e1 tambi\u00e9n modificar&#8221;.<\/p>\n\n\n\n<p>&#8220;Desgraciadamente son los Estados y sus municipios, quienes deben entrarle a la atenci\u00f3n, de un Derecho, no solo al de la\u00a0salud&#8221;.<\/p>\n\n\n\n<p>&#8220;Ahora que el Gobierno del Estado acaba de\u00a0 crear la Fiscal\u00eda\u00a0 de atenci\u00f3n\u00a0 para las Mujeres y las Ni\u00f1as\u00a0 y ya que andamos\u00a0 con los temas de Protecci\u00f3n\u00a0 de Derechos, es muy importante\u00a0 visibilizar las muertes por odio, es decir, aquellos hombres trans, aquellas\u00a0 mujeres trans,\u00a0 hombres o mujeres lesbianas, que han sido v\u00edctimas de homicidio por tal motivo&#8221;.<\/p>\n\n\n\n<p>&#8220;No existe en Coahuila por cierto, la tipificaci\u00f3n de esos delitos, por tanto se habla solo de femenicidios,\u00a0 esto es tambi\u00e9n una cuesti\u00f3n que los colectivos tendr\u00e1n que conquistar para que en los C\u00f3digos Penales de Coahuila de Zaragoza aparezcan estos delitos y se puedan visibilizar porque s\u00ed existen, disfrazados de violencia familiar o justificados por temas de alcohol\u00a0 o de\u00a0 otros temas m\u00e1s, cuando el realidad se trataba de un homicidio de una mujer trans o hombre trans&#8221;.<\/p>\n\n\n\n<p>Yo no he viso, sostuvo, &#8220;que ning\u00fan diputado o diputada lo traigan en sus agendas, vi\u00e9ndolo, p\u00faes cada vez es m\u00e1s viral estos cr\u00edmenes de odio, y\u00a0 pues Coahuila tiene que acabar de\u00a0 avanzar con respecto a la protecci\u00f3n de tales derechos en el tema de la justicia igualitaria&#8221;.<\/p>\n\n\n\n<p>En cuanto\u00a0 al futuro que en el terreno pol\u00edtico\u00a0 pudiera esperarle, el\u00a0 entrevistado, manifest\u00f3 que &#8220;las administraciones\u00a0 municipales est\u00e1n por concluir su gesti\u00f3n, primeramente Dios el 31 de diciembre esperando que a todos les vaya bien, creyendo que hagan lo mejor para sus municipios, no solo \u00a0 por buenos deseos, sino a cuestiones reales de responsabilidad, a cuestiones de vincularse\u00a0 con la realidad de la gente&#8221;.<\/p>\n\n\n\n<p>&#8220;Repiten cuatro de\u00a0 los que han sido hasta hoy nuestros compa\u00f1eros en el Cabildo,\u00a0 yo espero que \u00a0 no exista pues en ellos\u00a0 curva de aprendizaje,\u00a0 esperando que mucho hayan aprendido&#8221;.<\/p>\n\n\n\n<p>Extern\u00f3 que\u00a0 al Cabildo &#8220;hay que actualizarlo, hay que innovar\u00a0su figura&#8221;.<\/p>\n\n\n\n<p>Dijo luego en este tenor que, &#8220;hay \u00a0situaciones ejecutivas que no\u00a0 hay porque serlo, o hay decisiones\u00a0 que hay que ser colegiadas, pero que aun as\u00ed las convierten en ejecutivas&#8221;.<\/p>\n\n\n\n<p>Preguntado cu\u00e1les ser\u00edan tales acciones, expres\u00f3 que, &#8220;citando por ejemplo\u00a0 el tema de descuentos que habr\u00eda de\u00a0 preguntarle\u00a0 al Cabildo, pues al final del tema, estos son ingresos, en descuentos de agua, del predial y le competen\u00a0 al cabildo, a\u00a0 la Hacienda y a veces, pasan \u00a0 por el ejecutivo a la decisi\u00f3n del alcalde sin haber dado vista al cabildo,\u00a0 acciones que por la intenci\u00f3n,\u00a0 incluso pudiera calificarse de buena para los ciudadanos&#8221;.<\/p>\n\n\n\n<p>Al final de cuentas, sostuvo, &#8220;la legalizaci\u00f3n de tales medidas, las contempla la ley. Hoy el alcalde puede o no consultarlo\u00a0 y realizar una acci\u00f3n ejecutiva, pues al final de cuentas ser\u00e1 el Congreso del Estado quien determine si\u00a0 se cumpli\u00f3 o no, lo dispuesto por la ley&#8221;.<\/p>\n\n\n\n<p>&#8220;La cuesti\u00f3n es hoy es que hay que darle\u00a0 m\u00e1s facultades y responsabilidades al Cabildo, a sus regidores. Hay\u00a0 Comisiones\u00a0 que no son dictaminadoras, solo tienen car\u00e1cter\u00a0 informativo, es el caso de la de\u00a0 Ciencia y Tecnolog\u00eda, Comunicaci\u00f3n Social, Medio Ambiente&#8221;.<\/p>\n\n\n\n<p>&#8220;Hay otras que son dictaminadoras, como es el caso de Hacienda, Verificaci\u00f3n, Tenencia de la Tierra&#8221;.\u00a0\u00a0<\/p>\n\n\n\n<p>Por cierto, acota el entrevistado, &#8220;la masa patrimonial del municipio,\u00a0 ha ido menguando, porque los mayores beneficiarios\u00a0 de los predios municipales concesionados o donados,\u00a0 han sido otorgados la SEP\u00a0 y a la Iglesia Cat\u00f3lica, en el\u00a0 mejor de los casos&#8221;.\u00a0<\/p>\n\n\n\n<p>Revel\u00f3 que, &#8220;muchos de los beneficiados, sean\u00a0 grupos o particulares incluso,\u00a0 han cambiado el destino\u00a0 por el que fueron otorgados,\u00a0 y otros, no han procedido a darle el uso por el cual les fueron entregados, habi\u00e9ndose\u00a0 convertidos en\u00a0 nidos de delincuentes y basureros, de ah\u00ed, que lo procedente sea \u00a0 solicitar y tramitar el reingreso de tales lotes al patrimonio p\u00fablico&#8221;.<\/p>\n\n\n\n<p>&#8220;No hay\u00a0 hasta ahora seguimiento alguno de tales bienes&#8221;.<\/p>\n\n\n\n<p>&#8220;Ah\u00ed siguen, como lotes bald\u00edos. Este deber\u00eda ser uno de los retos a superar por la pr\u00f3xima administraci\u00f3n y su cabildo. Hay muchos casos&#8221;, sostiene.<\/p>\n\n\n\n<p>&#8220;En cuanto a la verificaci\u00f3n se ha estado mucho en su normatividad, y en cuanto a la Ventanilla Universal, se han eliminado tr\u00e1mites burocr\u00e1ticos con el uso de tecnolog\u00edas en\u00a0 boga&#8221;.<\/p>\n\n\n\n<p>&#8220;Me voy con la satisfacci\u00f3n del deber cumplido, pude haber hecho m\u00e1s, pero no fue posible. Traje\u00a0 temas a la mesa como fueron \u00a0 las peores formas de explotaci\u00f3n infantil, que no le toca al municipio\u00a0 pero hay que ser responsables,\u00a0el involucramiento\u00a0 de la poblaci\u00f3n juvenil en los temas de la vida p\u00fablica, participamos en la actualizaci\u00f3n de reglamentos&#8221;.<\/p>\n\n\n\n<p>&#8220;Seg\u00fan la Asociaci\u00f3n C\u00edvica de la Laguna, fui el regidor m\u00e1s pro activo con m\u00e1s participaciones\u00a0 y m\u00e1s trabajo&#8221;, dice\u00a0 sin falsa modestia.\u00a0<\/p>\n\n\n\n<p>Christian L\u00f3pez\u00a0 est\u00e1 al frente aun de las Comisiones de Atenci\u00f3n a la Juventud, Ciencia y Tecnolog\u00eda\u00a0 y funge como Secretario en la de Obras P\u00fablicas, y la de Servicios Adminsitrativos.<\/p>\n","protected":false},"excerpt":{"rendered":"<p>Torre\u00f3n, Coahuila.- Ser\u00e1\u00a0 en el ya inminente\u00a0 2025, cuando se\u00a0 alcance\u00a0 el\u00a0 l\u00edmite de tiempo que el Congreso del Estado de Coahuila ha fijado para que todos los municipios\u00a0 y que en este caso\u00a0 habr\u00e1 de\u00a0 presidir el \u00a0reelecto alcalde Rom\u00e1n Alberto Cepeda Gonz\u00e1lez, \u00a0 cuando se\u00a0 deber\u00e1 dar cumplimiento\u00a0 cabal a\u00a0 su disposici\u00f3n \u00a0 de que\u00a0 en cada\u00a0 uno de sus\u00a0 municipios, \u00a0 se cuente con \u00a0 espacio y&#8230;<\/p>\n","protected":false},"author":2,"featured_media":0,"comment_status":"closed","ping_status":"","sticky":false,"template":"","format":"standard","meta":{"footnotes":""},"categories":[5,21,28,7],"tags":[],"class_list":["post-23914","post","type-post","status-publish","format-standard","hentry","category-coahuila","category-congreso-del-estado","category-la-laguna","category-torreon","wpcat-5-id","wpcat-21-id","wpcat-28-id","wpcat-7-id"],"_links":{"self":[{"href":"https:\/\/www.aquilaguna.com\/index.php\/wp-json\/wp\/v2\/posts\/23914","targetHints":{"allow":["GET"]}}],"collection":[{"href":"https:\/\/www.aquilaguna.com\/index.php\/wp-json\/wp\/v2\/posts"}],"about":[{"href":"https:\/\/www.aquilaguna.com\/index.php\/wp-json\/wp\/v2\/types\/post"}],"author":[{"embeddable":true,"href":"https:\/\/www.aquilaguna.com\/index.php\/wp-json\/wp\/v2\/users\/2"}],"replies":[{"embeddable":true,"href":"https:\/\/www.aquilaguna.com\/index.php\/wp-json\/wp\/v2\/comments?post=23914"}],"version-history":[{"count":1,"href":"https:\/\/www.aquilaguna.com\/index.php\/wp-json\/wp\/v2\/posts\/23914\/revisions"}],"predecessor-version":[{"id":23915,"href":"https:\/\/www.aquilaguna.com\/index.php\/wp-json\/wp\/v2\/posts\/23914\/revisions\/23915"}],"wp:attachment":[{"href":"https:\/\/www.aquilaguna.com\/index.php\/wp-json\/wp\/v2\/media?parent=23914"}],"wp:term":[{"taxonomy":"category","embeddable":true,"href":"https:\/\/www.aquilaguna.com\/index.php\/wp-json\/wp\/v2\/categories?post=23914"},{"taxonomy":"post_tag","embeddable":true,"href":"https:\/\/www.aquilaguna.com\/index.php\/wp-json\/wp\/v2\/tags?post=23914"}],"curies":[{"name":"wp","href":"https:\/\/api.w.org\/{rel}","templated":true}]}}