{"id":23916,"date":"2024-12-18T19:26:56","date_gmt":"2024-12-19T01:26:56","guid":{"rendered":"https:\/\/www.aquilaguna.com\/?p=23916"},"modified":"2024-12-18T19:26:56","modified_gmt":"2024-12-19T01:26:56","slug":"certifica-el-consejo-mexicano-evaluador-de-enfermeria-a-docentes-de-la-facultad-de-enfermeria-de-la-uadec-unidad-laguna","status":"publish","type":"post","link":"https:\/\/www.aquilaguna.com\/index.php\/2024\/12\/18\/certifica-el-consejo-mexicano-evaluador-de-enfermeria-a-docentes-de-la-facultad-de-enfermeria-de-la-uadec-unidad-laguna\/","title":{"rendered":"Certifica el Consejo Mexicano Evaluador de Enfermer\u00eda a Docentes de la Facultad de Enfermer\u00eda de la UAdeC Unidad Laguna."},"content":{"rendered":"\n<p>TORRE\u00d3N, Coahuila. 18 de diciembre 2024. Con la responsabilidad de desarrollar y<br>mantener el sistema de evaluaci\u00f3n y de calidad en sus integrantes, la Facultad de<br>Enfermer\u00eda de la Universidad Aut\u00f3noma de Coahuila Unidad Laguna, llev\u00f3 a cabo la<br>entrega de reconocimientos de certificaci\u00f3n y recertificaci\u00f3n a sus docentes por parte del<br>Consejo Mexicano Evaluador de Enfermer\u00eda que promueve la excelencia y el cuidado en<br>la Enfermer\u00eda.<\/p>\n\n\n\n<p>En la Sala de Usos M\u00faltiples de la Facultad, asistieron, el rector de la Universidad<br>Aut\u00f3noma de Coahuila, Octavio Pimentel Mart\u00ednez, la coordinadora de la Unidad<br>Laguna, Sandra L\u00f3pez Chavarr\u00eda, la directora de la Facultad de Enfermer\u00eda, Irma<br>Andrade Valle, la presidenta del Consejo Mexicano de Certificaci\u00f3n de Enfermer\u00eda<br>(COMCE), Maribel P\u00e9rez Mar\u00edn, la presidenta del Colegio de Enfermeras de la regi\u00f3n<br>laguna, Gabriela Cervantes Guerrero, docentes y p\u00fablico en general.<\/p>\n\n\n\n<p>En su mensaje el rector Octavio Pimentel, expres\u00f3 el orgullo de estar presente en este<br>evento tan importante para las y los docentes de la Facultad, ello habla de la calidad en<br>la formaci\u00f3n del proceso ense\u00f1anza aprendizaje y en la continuidad de la capacitaci\u00f3n<br>del cuerpo acad\u00e9mico en el trabajo por la salud y bienestar de la poblaci\u00f3n.<\/p>\n\n\n\n<p>Refrend\u00f3 su compromiso y apoyo para m\u00e1s logros de la comunidad universitaria, y un<br>claro ejemplo es esta certificaci\u00f3n, que tambi\u00e9n es una muestra del empe\u00f1o, esfuerzo y<br>compromiso de quienes forman parte de la Facultad de Enfermer\u00eda, y quienes a trav\u00e9s d<br>de los organismos acreditadores y certificadores otorgan certidumbre a la sociedad.<\/p>\n\n\n\n<p>Por su parte, la directora de la Facultad de Enfermer\u00eda, Irma Andrade, agradeci\u00f3 el<br>apoyo permanente del Rector, a la vez que felicit\u00f3 a sus colegas que este d\u00eda recibieron<br>la certificaci\u00f3n de calidad, que implic\u00f3 un proceso de evaluaci\u00f3n de las actividades que<br>realizaron frente a los grupos de trabajo, de gesti\u00f3n, administraci\u00f3n e investigaci\u00f3n.<\/p>\n\n\n\n<p>A\u00f1adi\u00f3 que la certificaci\u00f3n que reciben es un ejemplo que sin duda se transmitir\u00e1 a los<br>estudiantes en sus aulas, adem\u00e1s en las y los egresados que como empleados y<br>empleadores dar\u00e1n experiencia vida en la sociedad, diciendo que orgullosamente<br>forman parte de la Facultad de Enfermer\u00eda de la Unidad Laguna de la Universidad<br>Aut\u00f3noma de Coahuila.<\/p>\n\n\n\n<p>La presidenta del Colegio de Enfermeras de la regi\u00f3n laguna, Gabriela Cervantes<br>Guerrero, se\u00f1al\u00f3 que la enfermer\u00eda debe proporcionar la calidad, la gesti\u00f3n y el cuidado<br>debidamente, actividades que deben ser certificadas mediante est\u00e1ndares de calidad<\/p>\n\n\n\n<p>encaminadas a la eficiencia de habilidades para para poder respaldar su labor de<br>manera integral, con el prop\u00f3sito de generar destrezas logrando conjugar dos de los<br>elementos fundamentales de una profesi\u00f3n como son la vocaci\u00f3n y la competencia.<\/p>\n\n\n\n<p>Afirm\u00f3 que es de suma importancia mantener la calidad de la pr\u00e1ctica de la profesi\u00f3n a<br>trav\u00e9s de la certificaci\u00f3n de profesionales de establecimientos, prestadores de servicios<br>de salud y universidades formadoras de nuevas generaciones, mediante el instrumento<br>de la certificaci\u00f3n para mejorar la calidad en la salud, favorecer la superaci\u00f3n y<br>actualizaci\u00f3n continua en el cuidado de enfermer\u00eda.<\/p>\n\n\n\n<p>Quienes recibieron su documento como licenciados certificantes fueron: Pedro Iv\u00e1n<br>Contreras Soto y Nancy Rodr\u00edguez V\u00e1zquez Nancy, a las licenciadas Alma Guillermina<br>Orozco Camacho y Adilene Salazar Luna, les fue otorgada una constancia ya que a\u00fan<br>se encuentran en tr\u00e1mite por corresponder al proceso de noviembre de 2024.<\/p>\n\n\n\n<p>Como docentes recertificantes: Adriana Mayela C\u00e1rdenas Cortes, Daniel Hermelinda<br>Guzm\u00e1n, Francisco Javier L\u00f3pez Rinc\u00f3n, Roxana Mart\u00ednez Cervantes, Alejandro<br>Morales Jinez, Luz Elena Rodr\u00edguez Mej\u00eda, como licenciadas recertificantes: Leyla<br>Aguilera T\u00e9llez, Ma. Gabriela Cervantes Guerrero, Cynthia Haydee Corona Soto, Blanca<br>Estela Hern\u00e1ndez Vargas, Gabriela Mireles Mart\u00ednez.<\/p>\n\n\n\n<p>De Igual manera como licenciadas recertificantes: Sonia Guadalupe Paz Navarro, Alma<br>Rosa Quiroz Guerra, Laura del Carmen Soto Sosa, Yolanda Ivonne Trujillo Le\u00f3n, Mar\u00eda<br>del Refugio Valerio Candela; recertificantes de nivel t\u00e9cnico: Mar\u00eda de los \u00c1ngeles<br>Saucedo Arguijo.<\/p>\n\n\n\n<p>Tambi\u00e9n fueron entregados reconocimientos a quienes obtuvieron una calificaci\u00f3n de<br>Excelencia: Leyla Aguilera T\u00e9llez, Adriana Mayela C\u00e1rdenas Cortes, Ma. Gabriela<br>Cervantes Guerrero, Pedro Iv\u00e1n Contreras Soto, Cynthia Haydee Corona Soto, Daniel<br>Hermelinda Guzm\u00e1n, Francisco Javier L\u00f3pez Rinc\u00f3n, Roxana Mart\u00ednez Cervantes,<br>Alejandro Morales Jim\u00e9nez, Sonia Guadalupe Paz Navarro, Alma Rosa Quiroz Guerra,<br>Luz Elena Rodr\u00edguez Mej\u00eda, Yolanda Ivonne Trujillo Le\u00f3n y Mar\u00eda del Refugio Valerio<br>Candela.<\/p>\n","protected":false},"excerpt":{"rendered":"<p>TORRE\u00d3N, Coahuila. 18 de diciembre 2024. Con la responsabilidad de desarrollar ymantener el sistema de evaluaci\u00f3n y de calidad en sus integrantes, la Facultad deEnfermer\u00eda de la Universidad Aut\u00f3noma de Coahuila Unidad Laguna, llev\u00f3 a cabo laentrega de reconocimientos de certificaci\u00f3n y recertificaci\u00f3n a sus docentes por parte delConsejo Mexicano Evaluador de Enfermer\u00eda que promueve la excelencia y el cuidado enla Enfermer\u00eda. En la Sala de Usos M\u00faltiples de la&#8230;<\/p>\n","protected":false},"author":1,"featured_media":23917,"comment_status":"closed","ping_status":"","sticky":false,"template":"","format":"standard","meta":{"footnotes":""},"categories":[7,2],"tags":[],"class_list":["post-23916","post","type-post","status-publish","format-standard","has-post-thumbnail","hentry","category-torreon","category-uadec","wpcat-7-id","wpcat-2-id"],"_links":{"self":[{"href":"https:\/\/www.aquilaguna.com\/index.php\/wp-json\/wp\/v2\/posts\/23916","targetHints":{"allow":["GET"]}}],"collection":[{"href":"https:\/\/www.aquilaguna.com\/index.php\/wp-json\/wp\/v2\/posts"}],"about":[{"href":"https:\/\/www.aquilaguna.com\/index.php\/wp-json\/wp\/v2\/types\/post"}],"author":[{"embeddable":true,"href":"https:\/\/www.aquilaguna.com\/index.php\/wp-json\/wp\/v2\/users\/1"}],"replies":[{"embeddable":true,"href":"https:\/\/www.aquilaguna.com\/index.php\/wp-json\/wp\/v2\/comments?post=23916"}],"version-history":[{"count":1,"href":"https:\/\/www.aquilaguna.com\/index.php\/wp-json\/wp\/v2\/posts\/23916\/revisions"}],"predecessor-version":[{"id":23918,"href":"https:\/\/www.aquilaguna.com\/index.php\/wp-json\/wp\/v2\/posts\/23916\/revisions\/23918"}],"wp:featuredmedia":[{"embeddable":true,"href":"https:\/\/www.aquilaguna.com\/index.php\/wp-json\/wp\/v2\/media\/23917"}],"wp:attachment":[{"href":"https:\/\/www.aquilaguna.com\/index.php\/wp-json\/wp\/v2\/media?parent=23916"}],"wp:term":[{"taxonomy":"category","embeddable":true,"href":"https:\/\/www.aquilaguna.com\/index.php\/wp-json\/wp\/v2\/categories?post=23916"},{"taxonomy":"post_tag","embeddable":true,"href":"https:\/\/www.aquilaguna.com\/index.php\/wp-json\/wp\/v2\/tags?post=23916"}],"curies":[{"name":"wp","href":"https:\/\/api.w.org\/{rel}","templated":true}]}}