{"id":2395,"date":"2021-05-24T20:08:19","date_gmt":"2021-05-25T01:08:19","guid":{"rendered":"https:\/\/www.aquilaguna.com\/?p=2395"},"modified":"2021-05-24T20:08:19","modified_gmt":"2021-05-25T01:08:19","slug":"optimista-el-alcalde-de-saltillo-por-futuro-inmediato","status":"publish","type":"post","link":"https:\/\/www.aquilaguna.com\/index.php\/2021\/05\/24\/optimista-el-alcalde-de-saltillo-por-futuro-inmediato\/","title":{"rendered":"Optimista el alcalde de Saltillo por futuro inmediato."},"content":{"rendered":"\n<p>Torre\u00f3n, Coahuila.- El alcalde\u00a0 de Saltillo Manolo Jim\u00e9nez Salinas, ve con optimismo\u00a0 el futuro inmediato\u00a0 al estimar\u00a0 que \u00a0 su clima econ\u00f3mico y pol\u00edtico que priva en estos d\u00edas en el municipio a su cargo, es \u00f3ptimo, asegurando\u00a0 mejores tiempos\u00a0 que permitan superar los impactos que entre la poblaci\u00f3n y su gobierno registran las condiciones que impuso la pandemia, al tiempo que asegura\u00a0 que\u00a0 se proporcionar\u00e1\u00a0 las\u00a0 garant\u00edas sanitarias y\u00a0 de seguridad p\u00fablica necesarias \u00a0 a la poblaci\u00f3n \u00a0 que acuda a emitir su voto en la\u00a0 jornada electoral en puerta.<\/p>\n\n\n\n<p>Abordado en esta ciudad, el joven edil, \u00a0 trato de eludir el tema con contenido alguno de orden electoral, diciendo,\u00a0 &#8221;no podemos nosotros\u00a0 andar hablando de elecciones, como el Presidente&#8221;.\u00a0<\/p>\n\n\n\n<p>Pero\u00a0 forzada\u00a0 la respuesta sobre el clima pol\u00edtico \u00a0 que prevalece en el municipio que gobierna, previo al termino del proceso electoral que se vive en el pa\u00eds, se nos va por la tangente que el tema deportivo\u00a0 que inunda esta comarca lagunera \u00a0 lo permite.<\/p>\n\n\n\n<p>Tras la aclaraci\u00f3n el joven edil saltillense\u00a0 cuya presencia esta ma\u00f1ana en Torre\u00f3n la justific\u00f3\u00a0 diciendo asistir a una reuni\u00f3n privada con el \u00a0 Gobernador Miguel Riquelme,\u00a0 estim\u00f3 que tal clima\u00a0 en su municipio, es el \u00f3ptimo, para que se lleven a cabo las elecciones.<\/p>\n\n\n\n<p>&#8221;El tema de la seguridad esta\u00a0 bien aprendido y bueno esperemos \u00a0 para que la jornada electoral \u00a0 en puerta sea digna de nuestras gentes&#8217;.<\/p>\n\n\n\n<p>Indico que en Saltillo capital no se\u00a0 han registrado a la fecha,\u00a0 rispideces de consideraci\u00f3n entre los diversos contendientes\u00a0 que \u00a0 pretenden alcanzar un cargo  de elecci\u00f3n popular, toda vez que sus campa\u00f1as las han llevado a cano de manera &#8221;muy civilizada, muy tranquilas, de propuestas y los candidatos se han portado a la altura&#8221;.<\/p>\n\n\n\n<p>&#8221;La verdad es que en su mayor\u00eda\u00a0 se han centrado en\u00a0 propuestas&#8221;, afirm\u00f3.<\/p>\n\n\n\n<p>&#8221;Hay pues condiciones favorables, las elecciones que\u00a0 me han tocado como alcalde que son las del 2018, las del 2020, se llevaron a cabo con tranquilidad, as\u00ed que esperamos que la pr\u00f3xima no sea la excepci\u00f3n&#8221;.<\/p>\n\n\n\n<p>&#8221;Y en lo que se refiere a los protocolos de salud, somos uno de los dos Estados, que tenemos\u00a0 experiencia y bajo el liderazgo del Gobernador Miguel Riquelme,\u00a0 \u00a0 hemos ido aprendiendo y emitiendo los protocolos necesarios\u00a0 para desarrollar todas las actividades\u00a0 tanto de la reactivaci\u00f3n econ\u00f3mica como la educativa y bueno, ahora la reactivaci\u00f3n electoral con la elecci\u00f3n en puerta&#8221;.<\/p>\n\n\n\n<p>Preguntado sobre  su pron\u00f3stico sobre el resultado de la elecci\u00f3n en citada,\u00a0 eludi\u00f3\u00a0 la respuesta\u00a0 refiri\u00e9ndose\u00a0 al triunfo, pero deportivo, del Equipo\u00a0 Santos, si bien ya en serio, indic\u00f3 que tal triunfo quedar\u00eda\u00a0 en un dos a uno,\u00a0 acotando no referirse a triunfo partidista alguno, sino para el equipo futbolero, lo que desat\u00f3 las risas de los presentes.<\/p>\n\n\n\n<p><strong>REACTIVACION ECONOMICA.<\/strong><\/p>\n\n\n\n<p>En cuanto a otro tema del inter\u00e9s de todos,\u00a0 es decir, el de la reactivaci\u00f3n econ\u00f3mica,\u00a0 manifest\u00f3 que en el municipio a su cargo, &#8221;hemos tenido una reactivaci\u00f3n importante, toda vez que desde el 18 de mayo del a\u00f1o anterior, se hizo un gran esfuerzo, trabajamos en equipo con el Gobernador y se pudo arrancar gran parte de las ramas de la actividad econ\u00f3mica&#8221;.<\/p>\n\n\n\n<p>Al dia de hoy,\u00a0 afirm\u00f3,\u00a0 &#8221;el\u00a0 \u00fanico pendientes son los eventos masivos, sobre todo los conciertos, pues empezamos con el beisbol el d\u00eda de ma\u00f1ana, \u00a0 con un aforo del 50% de la capacidad\u00a0 del estadio, un par de miles de personas, igual que como aqu\u00ed con el Santos&#8221;.<\/p>\n\n\n\n<p>&#8221;Lo que queda pendiente\u00a0 pues, son la realizaci\u00f3n de conciertos en donde hay mas aglomeraciones, pero la industria de la construcci\u00f3n, la automotriz, los restaurantes y comercios van bien&#8221;.<\/p>\n\n\n\n<p>Adem\u00e1s, manifest\u00f3 que en cuanto a la recuperaci\u00f3n de\u00a0 el empleo extinto con la pandemia han sido recuperados en su totalidad, estimado\u00a0 en seis mil\u00a0 tal n\u00famero.<\/p>\n","protected":false},"excerpt":{"rendered":"<p>Torre\u00f3n, Coahuila.- El alcalde\u00a0 de Saltillo Manolo Jim\u00e9nez Salinas, ve con optimismo\u00a0 el futuro inmediato\u00a0 al estimar\u00a0 que \u00a0 su clima econ\u00f3mico y pol\u00edtico que priva en estos d\u00edas en el municipio a su cargo, es \u00f3ptimo, asegurando\u00a0 mejores tiempos\u00a0 que permitan superar los impactos que entre la poblaci\u00f3n y su gobierno registran las condiciones que impuso la pandemia, al tiempo que asegura\u00a0 que\u00a0 se proporcionar\u00e1\u00a0 las\u00a0 garant\u00edas sanitarias y\u00a0&#8230;<\/p>\n","protected":false},"author":2,"featured_media":0,"comment_status":"closed","ping_status":"","sticky":false,"template":"","format":"standard","meta":{"footnotes":""},"categories":[20,5],"tags":[],"class_list":["post-2395","post","type-post","status-publish","format-standard","hentry","category-campanas","category-coahuila","wpcat-20-id","wpcat-5-id"],"_links":{"self":[{"href":"https:\/\/www.aquilaguna.com\/index.php\/wp-json\/wp\/v2\/posts\/2395","targetHints":{"allow":["GET"]}}],"collection":[{"href":"https:\/\/www.aquilaguna.com\/index.php\/wp-json\/wp\/v2\/posts"}],"about":[{"href":"https:\/\/www.aquilaguna.com\/index.php\/wp-json\/wp\/v2\/types\/post"}],"author":[{"embeddable":true,"href":"https:\/\/www.aquilaguna.com\/index.php\/wp-json\/wp\/v2\/users\/2"}],"replies":[{"embeddable":true,"href":"https:\/\/www.aquilaguna.com\/index.php\/wp-json\/wp\/v2\/comments?post=2395"}],"version-history":[{"count":1,"href":"https:\/\/www.aquilaguna.com\/index.php\/wp-json\/wp\/v2\/posts\/2395\/revisions"}],"predecessor-version":[{"id":2396,"href":"https:\/\/www.aquilaguna.com\/index.php\/wp-json\/wp\/v2\/posts\/2395\/revisions\/2396"}],"wp:attachment":[{"href":"https:\/\/www.aquilaguna.com\/index.php\/wp-json\/wp\/v2\/media?parent=2395"}],"wp:term":[{"taxonomy":"category","embeddable":true,"href":"https:\/\/www.aquilaguna.com\/index.php\/wp-json\/wp\/v2\/categories?post=2395"},{"taxonomy":"post_tag","embeddable":true,"href":"https:\/\/www.aquilaguna.com\/index.php\/wp-json\/wp\/v2\/tags?post=2395"}],"curies":[{"name":"wp","href":"https:\/\/api.w.org\/{rel}","templated":true}]}}