{"id":23954,"date":"2024-12-21T00:17:13","date_gmt":"2024-12-21T06:17:13","guid":{"rendered":"https:\/\/www.aquilaguna.com\/?p=23954"},"modified":"2024-12-21T00:17:13","modified_gmt":"2024-12-21T06:17:13","slug":"estrategias-de-seguridad-implementadas-en-torreon-reflejaron-una-mejor-percepcion-y-confianza-ciudadana","status":"publish","type":"post","link":"https:\/\/www.aquilaguna.com\/index.php\/2024\/12\/21\/estrategias-de-seguridad-implementadas-en-torreon-reflejaron-una-mejor-percepcion-y-confianza-ciudadana\/","title":{"rendered":"Estrategias de seguridad implementadas en Torre\u00f3n, reflejaron una mejor percepci\u00f3n y confianza ciudadana."},"content":{"rendered":"\n<p>Torre\u00f3n, Coahuila. A 20 de diciembre de 2024.<\/p>\n\n\n\n<p>Durante la quincuag\u00e9sima primera reuni\u00f3n semanal de seguridad, que presidi\u00f3 la Secretaria del Ayuntamiento, Natalia Guadalupe Fern\u00e1ndez Mart\u00ednez, en representaci\u00f3n del alcalde Rom\u00e1n Alberto Cepeda Gonz\u00e1lez, dio a conocer un informe general de los avances registrados en la Administraci\u00f3n Municipal.<\/p>\n\n\n\n<p>La secretaria del Ayuntamiento destac\u00f3 la mejora en la percepci\u00f3n ciudadana de seguridad en Torre\u00f3n, a\u00fan y cuando se\u00f1al\u00f3, hay un incremento poblacional y en movilidad con respecto al 2021.<\/p>\n\n\n\n<p>El comisario C\u00e9sar Antonio Perales Esparza, director de la Polic\u00eda Municipal, dijo que las acciones ejecutadas en la gesti\u00f3n del alcalde Rom\u00e1n Alberto Cepeda Gonz\u00e1lez, como fue en inversi\u00f3n, equipamiento e inteligencia, permitieron mejorar los \u00edndices de percepci\u00f3n de seguridad, as\u00ed como en la confianza de la ciudadan\u00eda a las corporaciones.&nbsp;<\/p>\n\n\n\n<p>Dichas estrategias se reflejan en los resultados de la Encuesta Nacional de Seguridad P\u00fablica Urbana (ENSU), as\u00ed como en el MIDLAG por parte del Consejo C\u00edvico de las Instituciones (CCI) Laguna.<\/p>\n\n\n\n<p>Al respecto, Fern\u00e1ndez Mart\u00ednez consider\u00f3 que lo anterior es un logro de la Administraci\u00f3n Municipal, en coordinaci\u00f3n con las corporaciones de los tres \u00f3rdenes de Gobierno, a quienes les expres\u00f3 su reconocimiento.<\/p>\n\n\n\n<p>\u201cVamos por buen camino, disminuir las cifras de percepci\u00f3n de inseguridad e ir aumentando la confianza de la ciudadan\u00eda en un periodo de tres a\u00f1os es un gran resultado que se logra con la coordinaci\u00f3n y trabajo de los tres \u00f3rdenes de Gobierno, as\u00ed como de la participaci\u00f3n de los Consejos de Vialidad y Seguridad en estas mesas de trabajo. Hoy Coahuila es seguro, Torre\u00f3n es seguro\u201d, dijo la funcionaria.<\/p>\n\n\n\n<p>Adem\u00e1s, la Secretaria del Ayuntamiento destac\u00f3 que en la Administraci\u00f3n se han llevado a cabo m\u00e1s de 150 reuniones de seguridad, lo que es importante y fundamental para mejorar las estrategias.<\/p>\n\n\n\n<p>De igual forma, consider\u00f3 relevante el que se haya reducido la cifra negra, lo que refleja la confianza ciudadana y permite que se optimicen los recursos, atendiendo lo que realmente sucede en la ciudad, con tiempos de respuesta de cinco minutos.<\/p>\n\n\n\n<p>Referente al \u00edndice semanal de incidencia delictiva, el comisario C\u00e9sar Antonio Perales Esparza inform\u00f3 que en la semana del 11 al 17 de diciembre, disminuy\u00f3 el \u00edndice delictivo en el rubro de robo a accesorio de veh\u00edculo sin violencia, con un cero eventos; robo a local comercial, con siete eventos; y el robo a persona con violencia, con cero eventos.<\/p>\n\n\n\n<p>La Polic\u00eda Municipal efectu\u00f3 74 detenciones que fueron remitidas al Ministerio P\u00fablico y 50 al Juez Calificador.<\/p>\n\n\n\n<p>El Grupo de Reacci\u00f3n Torre\u00f3n realiz\u00f3 11 detenciones relacionadas con la posesi\u00f3n de narc\u00f3ticos.<\/p>\n\n\n\n<p>Luis Alberto Morales Cort\u00e9s, director de Vialidad y Movilidad Urbana, inform\u00f3 que en la semana se colocaron se\u00f1alamientos para la incorporaci\u00f3n de carriles laterales en el Perif\u00e9rico de Torre\u00f3n a G\u00f3mez, como parte de los trabajos complementarios del Giro Independencia.<\/p>\n\n\n\n<p>Adem\u00e1s destac\u00f3 las acciones viales del Operativo Navide\u00f1o en las que se prioriza el cruce seguro del peat\u00f3n, y exhort\u00f3 a los conductores a respetar las indicaciones de los agentes de tr\u00e1nsito para agilizar la circulaci\u00f3n vehicular.<\/p>\n\n\n\n<p>Martha Esther Rodr\u00edguez Romero, presidenta del Centro de Justicia Municipal, inform\u00f3 que la falta de precauci\u00f3n al conducir contin\u00faa encabezando la lista de las principales causas de accidentes viales relacionados a choques por alcance y corte de circulaci\u00f3n.<\/p>\n\n\n\n<p>Dijo que personal de Peritos en tr\u00e1nsito terrestre mantienen presencia en puntos estrat\u00e9gicos como es el Giro Independencia, a fin de brindar atenci\u00f3n inmediata en caso de percances viales.<\/p>\n\n\n\n<p>Jorge Luis Ju\u00e1rez Llanas, director de Protecci\u00f3n Civil y Bomberos, mencion\u00f3 que esta semana se atendieron 156 servicios por parte de las diferentes estaciones, de los cuales se registr\u00f3 un incremento en incendio en lotes bald\u00edos, respecto a la semana anterior, con 55 eventos.<\/p>\n\n\n\n<p>Por otro lado, coment\u00f3 que contin\u00faa la capacitaci\u00f3n en la cultura de protecci\u00f3n civil en empresas, hospitales y escuelas. Adem\u00e1s de la realizaci\u00f3n de simulacros bajo la hip\u00f3tesis de incendio.<\/p>\n\n\n\n<p>Pablo Fern\u00e1ndez Llamas, encargado del despacho de la Direcci\u00f3n de Inspecci\u00f3n y Verificaci\u00f3n, inform\u00f3 que los principales reportes que recibi\u00f3 la dependencia mediante el sistema 073 fueron por obstrucci\u00f3n en la v\u00eda p\u00fablica, con 10; y condiciones inadecuadas, con ocho.<\/p>\n\n\n\n<p>Miguel \u00c1ngel Urrutia de la Torre, titular de la Unidad Municipal de Derechos Humanos, dijo que al t\u00e9rmino de la Administraci\u00f3n Municipal, el reporte de quejas en el tema migratorio ante la Comisi\u00f3n Estatal de Derechos Humanos del Estado de Coahuila, es de cero, debido al trabajo realizado desde la Mesa de Trabajo Interinstitucional en apoyo a las personas en movilidad que cruzan por Torre\u00f3n, creada en el 2022.<\/p>\n","protected":false},"excerpt":{"rendered":"<p>Torre\u00f3n, Coahuila. A 20 de diciembre de 2024. Durante la quincuag\u00e9sima primera reuni\u00f3n semanal de seguridad, que presidi\u00f3 la Secretaria del Ayuntamiento, Natalia Guadalupe Fern\u00e1ndez Mart\u00ednez, en representaci\u00f3n del alcalde Rom\u00e1n Alberto Cepeda Gonz\u00e1lez, dio a conocer un informe general de los avances registrados en la Administraci\u00f3n Municipal. La secretaria del Ayuntamiento destac\u00f3 la mejora en la percepci\u00f3n ciudadana de seguridad en Torre\u00f3n, a\u00fan y cuando se\u00f1al\u00f3, hay un incremento&#8230;<\/p>\n","protected":false},"author":1,"featured_media":23955,"comment_status":"closed","ping_status":"closed","sticky":false,"template":"","format":"standard","meta":{"footnotes":""},"categories":[5,28,7],"tags":[],"class_list":["post-23954","post","type-post","status-publish","format-standard","has-post-thumbnail","hentry","category-coahuila","category-la-laguna","category-torreon","wpcat-5-id","wpcat-28-id","wpcat-7-id"],"_links":{"self":[{"href":"https:\/\/www.aquilaguna.com\/index.php\/wp-json\/wp\/v2\/posts\/23954","targetHints":{"allow":["GET"]}}],"collection":[{"href":"https:\/\/www.aquilaguna.com\/index.php\/wp-json\/wp\/v2\/posts"}],"about":[{"href":"https:\/\/www.aquilaguna.com\/index.php\/wp-json\/wp\/v2\/types\/post"}],"author":[{"embeddable":true,"href":"https:\/\/www.aquilaguna.com\/index.php\/wp-json\/wp\/v2\/users\/1"}],"replies":[{"embeddable":true,"href":"https:\/\/www.aquilaguna.com\/index.php\/wp-json\/wp\/v2\/comments?post=23954"}],"version-history":[{"count":1,"href":"https:\/\/www.aquilaguna.com\/index.php\/wp-json\/wp\/v2\/posts\/23954\/revisions"}],"predecessor-version":[{"id":23956,"href":"https:\/\/www.aquilaguna.com\/index.php\/wp-json\/wp\/v2\/posts\/23954\/revisions\/23956"}],"wp:featuredmedia":[{"embeddable":true,"href":"https:\/\/www.aquilaguna.com\/index.php\/wp-json\/wp\/v2\/media\/23955"}],"wp:attachment":[{"href":"https:\/\/www.aquilaguna.com\/index.php\/wp-json\/wp\/v2\/media?parent=23954"}],"wp:term":[{"taxonomy":"category","embeddable":true,"href":"https:\/\/www.aquilaguna.com\/index.php\/wp-json\/wp\/v2\/categories?post=23954"},{"taxonomy":"post_tag","embeddable":true,"href":"https:\/\/www.aquilaguna.com\/index.php\/wp-json\/wp\/v2\/tags?post=23954"}],"curies":[{"name":"wp","href":"https:\/\/api.w.org\/{rel}","templated":true}]}}