{"id":2399,"date":"2021-05-24T20:25:00","date_gmt":"2021-05-25T01:25:00","guid":{"rendered":"https:\/\/www.aquilaguna.com\/?p=2399"},"modified":"2021-05-24T20:25:00","modified_gmt":"2021-05-25T01:25:00","slug":"gobierno-de-coahuila-invertira-en-infraestructura-educativa","status":"publish","type":"post","link":"https:\/\/www.aquilaguna.com\/index.php\/2021\/05\/24\/gobierno-de-coahuila-invertira-en-infraestructura-educativa\/","title":{"rendered":"Gobierno de Coahuila invertir\u00e1 en infraestructura educativa."},"content":{"rendered":"\n<p>Torre\u00f3n, Coahuila.- Mil millones de pesos, son los recursos\u00a0 que se\u00a0 estiman, se requieren para\u00a0 superar las actuales condiciones que\u00a0 enfrenta la infraestructura\u00a0 educativa en el Estado,\u00a0 agravada\u00a0 por las condiciones que impuso\u00a0 y hoy revela\u00a0 como una secuela mas, la\u00a0 pandemia. De tal cifra\u00a0 \u00a0 200 millones de pesos se estar\u00e1n destinando para iniciar su recuperaci\u00f3n, para la que\u00a0 ya se cuenta, con la participaci\u00f3n solidaria de padres\u00a0 de familia y maestros.\u00a0\u00a0\u00a0<\/p>\n\n\n\n<p>Lo anterior fue\u00a0 desprende de los\u00a0 estimado esta ma\u00f1ana por el Gobernador Miguel Angel Riquelme Solis, sobre tal tema,\u00a0 y tras asegurar que el Programa Piloto\u00a0 puesto en marcha apenas la semana\u00a0 pasada,\u00a0 est\u00e1 resultando\u00a0 &#8221;un \u00e9xito&#8221;.<\/p>\n\n\n\n<p>Indic\u00f3 que, &#8221;los\u00a0 maestros, que han regresado a dar clases, en verdad\u00a0 nos dieron un testimonio de mucha alegr\u00eda, de\u00a0 que ya extra\u00f1aban las aulas, los alumnos, al menos que hoy nos explicaron, el cambio registrado\u00a0 \u00a0 de como se encontraban al interior de sus hogares y como al regresar a los espacios escolares,\u00a0 ven a sus\u00a0 alumnos\u00a0 totalmente distintos, alegres y\u00a0 extrovertidos&#8221;.<\/p>\n\n\n\n<p>&#8221;Creo pues que fue\u00a0 todo un \u00e9xito, tal regreso a\u00a0 clases, y prueba de ello, es que hoy se autorizo, por todas las\u00a0 partes del Grupo de Trabajo la inclusi\u00f3n de\u00a0 110\u00a0 escuelas mas en el Programa Piloto&#8221;.<\/p>\n\n\n\n<p>Revel\u00f3 que, &#8221;se hab\u00eda establecido que de tener\u00a0 alg\u00fan problema,\u00a0 se frenar\u00eda el Programa Piloto que se  inici\u00f3 con la operaci\u00f3n escolar en 70 planteles\u00a0 en Coahuila. Pero hoy con el aumento el aumento\u00a0 gradual \u00a0 este es\u00a0 catalogado como todo un \u00e9xito&#8221;.<\/p>\n\n\n\n<p>Procedi\u00f3 luego a externar sus felicitaciones a los maestros de Coahuila, a las tres Secciones sindicales, que dijo &#8221;actuar\u00e1n con mucha responsabilidad y mi felicitaci\u00f3n a los padres de familia que pudieron\u00a0 enfrentar tambi\u00e9n este reto en conjunto&#8221;.<\/p>\n\n\n\n<p>Dijo luego que \u00a0 su gobierno habr\u00e1 de reorientar entre\u00a0 este\u00a0 a\u00f1o y el siguiente alrededor de mil millones de pesos para la infraestructura educativa en el estado.<\/p>\n\n\n\n<p>&#8221;Por lo pronto\u00a0 vamos a destinar 200 millones de pesos para poder ir trabajando en la reposici\u00f3n\u00a0 de\u00a0 mucho de lo que se deterior, mucho de lo que se robaron&#8221;.<\/p>\n\n\n\n<p>Aseguro que, &#8221;si ha habido detenciones, sobre este tema,\u00a0 que posteriormente se dar\u00e1 a conocer de manera\u00a0 puntualizada, si hay muchas detenciones&#8221;.<\/p>\n\n\n\n<p>&#8221;La verdad, es que los padres de\u00a0 familia han sido muy solidarios\u00a0 y en muchas de las 70 escuelas,\u00a0 le est\u00e1n entrando, junto con los alcaldes y alcaldesas&#8221;.<\/p>\n\n\n\n<p>&#8221;Creo que aqu\u00ed\u00a0 han sido muy solidarios todos, no nos est\u00e1n dejando la carga solo al Gobierno del Estado, pero al igual que en\u00a0 Salud, en su momento redireccioremos mas de 1,000 millones y en la\u00a0 Educaci\u00f3n es exactamente lo mismo&#8221;.<\/p>\n\n\n\n<p>&#8221;Vamos a tener que invertir para poder\u00a0 mejorar la infraestructura \u00a0 de todas las escuelas, no sin dejar en claro, que\u00a0 hay exigencias que se han incrementado\u00a0 en este retorno y que son naturales, producto\u00a0 de muchos a\u00f1os, pero tambi\u00e9n&#8221;, advirti\u00f3,\u00a0 &#8221;que\u00a0 tenemos que irnos ubicando y dar su programaci\u00f3n en su justa\u00a0 dimensi\u00f3n, pues necesidades en infraestructura educativa es mucha&#8221;.<\/p>\n","protected":false},"excerpt":{"rendered":"<p>Torre\u00f3n, Coahuila.- Mil millones de pesos, son los recursos\u00a0 que se\u00a0 estiman, se requieren para\u00a0 superar las actuales condiciones que\u00a0 enfrenta la infraestructura\u00a0 educativa en el Estado,\u00a0 agravada\u00a0 por las condiciones que impuso\u00a0 y hoy revela\u00a0 como una secuela mas, la\u00a0 pandemia. De tal cifra\u00a0 \u00a0 200 millones de pesos se estar\u00e1n destinando para iniciar su recuperaci\u00f3n, para la que\u00a0 ya se cuenta, con la participaci\u00f3n solidaria de padres\u00a0 de&#8230;<\/p>\n","protected":false},"author":2,"featured_media":0,"comment_status":"closed","ping_status":"","sticky":false,"template":"","format":"standard","meta":{"footnotes":""},"categories":[5,9,15],"tags":[],"class_list":["post-2399","post","type-post","status-publish","format-standard","hentry","category-coahuila","category-educacion","category-gobierno-de-coahuila","wpcat-5-id","wpcat-9-id","wpcat-15-id"],"_links":{"self":[{"href":"https:\/\/www.aquilaguna.com\/index.php\/wp-json\/wp\/v2\/posts\/2399","targetHints":{"allow":["GET"]}}],"collection":[{"href":"https:\/\/www.aquilaguna.com\/index.php\/wp-json\/wp\/v2\/posts"}],"about":[{"href":"https:\/\/www.aquilaguna.com\/index.php\/wp-json\/wp\/v2\/types\/post"}],"author":[{"embeddable":true,"href":"https:\/\/www.aquilaguna.com\/index.php\/wp-json\/wp\/v2\/users\/2"}],"replies":[{"embeddable":true,"href":"https:\/\/www.aquilaguna.com\/index.php\/wp-json\/wp\/v2\/comments?post=2399"}],"version-history":[{"count":1,"href":"https:\/\/www.aquilaguna.com\/index.php\/wp-json\/wp\/v2\/posts\/2399\/revisions"}],"predecessor-version":[{"id":2400,"href":"https:\/\/www.aquilaguna.com\/index.php\/wp-json\/wp\/v2\/posts\/2399\/revisions\/2400"}],"wp:attachment":[{"href":"https:\/\/www.aquilaguna.com\/index.php\/wp-json\/wp\/v2\/media?parent=2399"}],"wp:term":[{"taxonomy":"category","embeddable":true,"href":"https:\/\/www.aquilaguna.com\/index.php\/wp-json\/wp\/v2\/categories?post=2399"},{"taxonomy":"post_tag","embeddable":true,"href":"https:\/\/www.aquilaguna.com\/index.php\/wp-json\/wp\/v2\/tags?post=2399"}],"curies":[{"name":"wp","href":"https:\/\/api.w.org\/{rel}","templated":true}]}}