{"id":24144,"date":"2025-01-12T19:07:13","date_gmt":"2025-01-13T01:07:13","guid":{"rendered":"https:\/\/www.aquilaguna.com\/?p=24144"},"modified":"2025-01-12T19:07:15","modified_gmt":"2025-01-13T01:07:15","slug":"se-desarrollan-con-exito-foros-del-plan-nacional-en-coahuila","status":"publish","type":"post","link":"https:\/\/www.aquilaguna.com\/index.php\/2025\/01\/12\/se-desarrollan-con-exito-foros-del-plan-nacional-en-coahuila\/","title":{"rendered":"SE DESARROLLAN CON \u00c9XITO FOROS DEL PLAN NACIONAL EN COAHUILA."},"content":{"rendered":"\n<ul class=\"wp-block-list\">\n<li>Encabezan Gobernador del Estado y secretario de Salud federal Foro Nacional de Desarrollo \u201cRep\u00fablica Sana\u201d.<\/li>\n<\/ul>\n\n\n\n<ul class=\"wp-block-list\">\n<li>Avalan y se replicar\u00e1n programas exitosos de Coahuila a nivel nacional, como los de Telemedicina y Centros de Salud Popular.<\/li>\n<\/ul>\n\n\n\n<p>Arteaga, Coahuila de Zaragoza; a 11 de enero de 2025.- En su visita a Coahuila para celebrar el Foro \u201cRep\u00fablica Sana\u201d, para integrar el Plan Nacional de Desarrollo 2025-2030, David Kershenobich Stalnikowitz, secretario de Salud federal, felicit\u00f3 al gobernador Manolo Jim\u00e9nez Salinas y al Sistema de Salud de Coahuila por la instalaci\u00f3n y resultados del Centro de Telemedicina, centro del que, tras un recorrido por sus instalaciones, reconoci\u00f3 que es un programa innovador verdaderamente pensando en la poblaci\u00f3n en general, y en c\u00f3mo poder traerle bienestar.<\/p>\n\n\n\n<p>El Mandatario estatal y el funcionario federal recorrieron, adem\u00e1s, el Centro de Salud Popular de Arteaga, donde constataron las condiciones dignas del edificio, la buena atenci\u00f3n que se les da a los usuarios, as\u00ed como la cantidad y variedad de medicinas que se tienen del cuadro b\u00e1sico.<\/p>\n\n\n\n<p>Luego del recorrido, el Secretario Federal mencion\u00f3 que replicar\u00e1n programas que se han detonado en Coahuila, especialmente de telemedicina y centros de salud popular.<\/p>\n\n\n\n<p>\u201cTodo un \u00e9xito el foro para la construcci\u00f3n del Plan Nacional de Desarrollo 2025-2030 en el eje \u2018Desarrollo con Bienestar y Humanismo\u2019, enfocado a los temas de salud que llevamos a cabo junto con el secretario de Salud federal David Kershenobich, quien estuvo en representaci\u00f3n de la presidenta Claudia Sheinbaum. Hubo cientos de participantes a quienes les agradezco por sus propuestas. Este gran foro tambi\u00e9n sirvi\u00f3 para validar las pol\u00edticas p\u00fablicas que llevamos a cabo en Coahuila, como el Centro de Telemedicina, el programa de Salud Popular y el de Salud Mental. Con la participaci\u00f3n de todos estamos fortaleciendo el presente y futuro de M\u00e9xico\u201d, expres\u00f3 Manolo Jim\u00e9nez.<\/p>\n\n\n\n<p>El Gobernador del Estado agradeci\u00f3 la visita del Secretario de Salud federal y reiter\u00f3 su total compromiso de trabajo conjunto con la presidenta Claudia Sheinbaum en todos aquellos programas y proyectos que tengan que ver con mejorar la salud de las y los coahuilenses y, por ende, la salud de las y los mexicanos.<\/p>\n\n\n\n<p>Manolo Jim\u00e9nez destac\u00f3 que en su primer a\u00f1o se destinaron cientos de millones de pesos extraordinarios en el tema de salud en Coahuila, para poder impulsar todos los proyectos que se detonaron en el arranque de su administraci\u00f3n estatal.<\/p>\n\n\n\n<p>Record\u00f3 que desde el inicio de su gesti\u00f3n se puso en marcha un gran programa para atender la salud mental de las y los coahuilenses, lo que coincide con uno de los temas que se trataron en este foro.<\/p>\n\n\n\n<p>Adem\u00e1s, destac\u00f3 que su administraci\u00f3n ha venido desarrollando proyectos y programas en ese sentido. Agreg\u00f3 que en la parte de la prevenci\u00f3n en salud se desarroll\u00f3 un proyecto muy importante que es el gran proyecto de Salud Popular, en el que se rehabilitaron los 133 centros de salud en el estado, se instal\u00f3 un centro de Telemedicina desde donde se atiende a personas de las colonias, barrios y ejidos.<\/p>\n\n\n\n<p>Jim\u00e9nez Salinas abund\u00f3 que se entreg\u00f3 la tarjeta de la salud popular a adultos mayores y personas con discapacidad que no tienen seguridad social, tarjeta con la que tienen acceso a medicamentos, consultas, an\u00e1lisis y operaciones completamente gratuitas.<\/p>\n\n\n\n<p>\u201cDesde que se implement\u00f3 este gran programa de salud popular, se ha incrementado en un 25 por ciento la atenci\u00f3n en los centros de salud\u201d, destac\u00f3, y agreg\u00f3 que este a\u00f1o se le van a inyectar m\u00e1s recursos para tratar el tema de las adicciones.&nbsp;<\/p>\n\n\n\n<p>Mencion\u00f3 que una estrategia importante para mejorar la salud de Coahuila, es fortaleciendo el IMSS y el ISSSTE, ya que somos el estado con mayor formalidad laboral; lo que indica que entre el 75 y 80 por ciento de las familias de Coahuila son derechohabientes de alguna de estas dos instituciones.<\/p>\n\n\n\n<p>\u201cTodo lo que nos puedan ayudar en fortalecer a estas instituciones y a la Secretar\u00eda de Salud del Gobierno del Estado, se los vamos a agradecer y estamos en la mejor disposici\u00f3n de detonar diferentes proyectos, programas y obras en conjunto con la federaci\u00f3n para mejorar la salud de nuestra gente\u201d, expuso.&nbsp;<\/p>\n\n\n\n<p>Manolo Jim\u00e9nez mencion\u00f3 que con la presidenta Claudia Sheinbaum ha encontrado apertura para el trabajo en equipo, y que en estos casi cien d\u00edas de iniciada la administraci\u00f3n federal, se han logrado detonar proyectos y programas importantes.<\/p>\n\n\n\n<p>David Kershenobich, secretario de Salud Federal, luego del recorrido por el centro de salud de Arteaga y por el Centro de Telemedicina, en Saltillo, reconoci\u00f3 que \u00e9ste \u00faltimo es un programa innovador verdaderamente pensando en la poblaci\u00f3n en general, en c\u00f3mo poder traerle bienestar, por lo que felicit\u00f3 a Manolo Jim\u00e9nez y al sistema de salud estatal.<\/p>\n\n\n\n<p>Agreg\u00f3 que la telemedicina impacta, de igual manera, en lo que tiene qu\u00e9 ver la movilidad y el acceso a los servicios, el gasto que significa tener que ir a buscar una atenci\u00f3n m\u00e9dica, el tiempo, etc.<\/p>\n\n\n\n<p>De la misma manera, coment\u00f3 que el prop\u00f3sito de estos foros es, fundamentalmente, escuchar y poder llevar las propuestas para que sean analizadas en el Plan Nacional de Desarrollo.<\/p>\n\n\n\n<p>El funcionario federal se\u00f1al\u00f3 que hace muchos a\u00f1os que no se hablaba tanto de la salud mental, como ahora que se reconoce y que forma parte muy importante del concepto de bienestar.<\/p>\n\n\n\n<p>\u201cLa reuni\u00f3n de hoy cumple con un hecho muy importante que es la solidaridad entre toda la poblaci\u00f3n, entendiendo que muchos de los programas requieren la participaci\u00f3n de todas y de todos\u201d, expres\u00f3 Daniel Kershenobich.<\/p>\n\n\n\n<p>En este foro, que se celebr\u00f3 en las instalaciones de la Universidad Aut\u00f3noma de Coahuila, campus Arteaga, se desarrollaron tres mesas de trabajo simult\u00e1neas: Prevenci\u00f3n de la Salud; Implementaci\u00f3n de Nuevas Tecnolog\u00edas; y Salud Mental; mismas en las que participaron coahuilenses de todas las regiones de la entidad y de todos los sectores.<\/p>\n\n\n\n<p>Acompa\u00f1aron al Gobernador y al Secretario de Salud federal en este evento, Luz Elena Morales N\u00fa\u00f1ez, diputada presidenta de la Junta de Gobierno del Congreso local; Eliud Felipe Aguirre V\u00e1zquez, secretario de Salud de Coahuila; Ana Karen S\u00e1nchez Flores, alcaldesa de Arteaga; Javier D\u00edaz Gonz\u00e1lez, alcalde de Saltillo; Ra\u00fal Ramos L\u00f3pez, miembro del Comit\u00e9 Editorial del \u00d3rgano Oficial Cient\u00edfico de la Sociedad Mexicana de Cirug\u00eda General; M\u00f3nica Isabel Acosta Kawas, directora del programa de concientizaci\u00f3n en HUMIND; Jes\u00fas Octavio Pimentel Mart\u00ednez, Rector de la UAdeC.<\/p>\n\n\n\n<p>Adem\u00e1s de diputados locales, funcionarios estatales y municipales, alcaldes de diferentes municipios de Coahuila; instituciones y organizaciones privadas de salud; instituciones acad\u00e9micas; consejos y colegios m\u00e9dicos.<\/p>\n","protected":false},"excerpt":{"rendered":"<p>Arteaga, Coahuila de Zaragoza; a 11 de enero de 2025.- En su visita a Coahuila para celebrar el Foro \u201cRep\u00fablica Sana\u201d, para integrar el Plan Nacional de Desarrollo 2025-2030, David Kershenobich Stalnikowitz, secretario de Salud federal, felicit\u00f3 al gobernador Manolo Jim\u00e9nez Salinas y al Sistema de Salud de Coahuila por la instalaci\u00f3n y resultados del Centro de Telemedicina, centro del que, tras un recorrido por sus instalaciones, reconoci\u00f3 que es&#8230;<\/p>\n","protected":false},"author":1,"featured_media":24145,"comment_status":"closed","ping_status":"closed","sticky":false,"template":"","format":"standard","meta":{"footnotes":""},"categories":[5,15],"tags":[],"class_list":["post-24144","post","type-post","status-publish","format-standard","has-post-thumbnail","hentry","category-coahuila","category-gobierno-de-coahuila","wpcat-5-id","wpcat-15-id"],"_links":{"self":[{"href":"https:\/\/www.aquilaguna.com\/index.php\/wp-json\/wp\/v2\/posts\/24144","targetHints":{"allow":["GET"]}}],"collection":[{"href":"https:\/\/www.aquilaguna.com\/index.php\/wp-json\/wp\/v2\/posts"}],"about":[{"href":"https:\/\/www.aquilaguna.com\/index.php\/wp-json\/wp\/v2\/types\/post"}],"author":[{"embeddable":true,"href":"https:\/\/www.aquilaguna.com\/index.php\/wp-json\/wp\/v2\/users\/1"}],"replies":[{"embeddable":true,"href":"https:\/\/www.aquilaguna.com\/index.php\/wp-json\/wp\/v2\/comments?post=24144"}],"version-history":[{"count":1,"href":"https:\/\/www.aquilaguna.com\/index.php\/wp-json\/wp\/v2\/posts\/24144\/revisions"}],"predecessor-version":[{"id":24146,"href":"https:\/\/www.aquilaguna.com\/index.php\/wp-json\/wp\/v2\/posts\/24144\/revisions\/24146"}],"wp:featuredmedia":[{"embeddable":true,"href":"https:\/\/www.aquilaguna.com\/index.php\/wp-json\/wp\/v2\/media\/24145"}],"wp:attachment":[{"href":"https:\/\/www.aquilaguna.com\/index.php\/wp-json\/wp\/v2\/media?parent=24144"}],"wp:term":[{"taxonomy":"category","embeddable":true,"href":"https:\/\/www.aquilaguna.com\/index.php\/wp-json\/wp\/v2\/categories?post=24144"},{"taxonomy":"post_tag","embeddable":true,"href":"https:\/\/www.aquilaguna.com\/index.php\/wp-json\/wp\/v2\/tags?post=24144"}],"curies":[{"name":"wp","href":"https:\/\/api.w.org\/{rel}","templated":true}]}}