{"id":24204,"date":"2025-01-15T20:25:33","date_gmt":"2025-01-16T02:25:33","guid":{"rendered":"https:\/\/www.aquilaguna.com\/?p=24204"},"modified":"2025-01-15T20:25:34","modified_gmt":"2025-01-16T02:25:34","slug":"roman-alberto-cepeda-gonzalez-entrega-la-primera-techumbre-y-rehabilitacion-de-plaza-de-la-administracion-2025-2026-2027","status":"publish","type":"post","link":"https:\/\/www.aquilaguna.com\/index.php\/2025\/01\/15\/roman-alberto-cepeda-gonzalez-entrega-la-primera-techumbre-y-rehabilitacion-de-plaza-de-la-administracion-2025-2026-2027\/","title":{"rendered":"Rom\u00e1n Alberto Cepeda Gonz\u00e1lez entrega la primera techumbre y rehabilitaci\u00f3n de plaza de la Administraci\u00f3n 2025-2026-2027."},"content":{"rendered":"\n<p>Torre\u00f3n, Coahuila. A 15 de enero de 2025.<\/p>\n\n\n\n<p>Con una inversi\u00f3n superior a los 3 millones de pesos, esta ma\u00f1ana el alcalde<br>Rom\u00e1n Alberto Cepeda Gonz\u00e1lez entreg\u00f3 la construcci\u00f3n de una techumbre a los<br>vecinos del Fraccionamiento Residencial Victoria, en donde tambi\u00e9n se rehabilit\u00f3<br>la plaza p\u00fablica; se trata de la primera obra de este tipo de la Administraci\u00f3n 2025-<br>2026-2027.<\/p>\n\n\n\n<p>La obra corresponde a una petici\u00f3n rezagada desde hace m\u00e1s de nueve a\u00f1os, y<br>beneficiar\u00e1 tambi\u00e9n a vecinos de sectores colindantes como la colonia Nogales,<br>Amistad, entre otros.<\/p>\n\n\n\n<p>El Presidente Municipal manifest\u00f3 en su mensaje que las obras en Torre\u00f3n no se<br>detienen y ratific\u00f3 su compromiso de seguir trabajando en las demandas de<br>crecimiento de la ciudad.<\/p>\n\n\n\n<p>\u201cEs la primera obra del a\u00f1o y aqu\u00ed no se detiene, el 31 de diciembre de 2024 se<br>cerr\u00f3 un cap\u00edtulo, pero se abri\u00f3 otro donde no hay continuidad sino un nuevo<br>compromiso de seguir trabajando. As\u00ed como en mi anterior gesti\u00f3n terminamos<br>con 450 plazas rehabilitadas y 60 plazas nuevas, hay mucho por hacer, el cambio<br>de Torre\u00f3n no se detiene aqu\u00ed, vamos a seguir construyendo para poder tener<br>m\u00e1s agua, mejor drenaje y hacer de Torre\u00f3n una mejor ciudad para vivir para<br>todos\u201d, se\u00f1al\u00f3 el edil.<\/p>\n\n\n\n<p>Dijo que, si bien no se puede hacer todo al mismo tiempo, habr\u00e1 de trabajar todos<br>los d\u00edas con el equipo que lo acompa\u00f1a para que Torre\u00f3n siga cambiando y sea<br>una mejor ciudad para vivir desde cualquier sector como el oriente, poniente,<br>suroriente, o el primer cuadro de la ciudad.<\/p>\n\n\n\n<p>\u201cTodos somos Torre\u00f3n, y en Torre\u00f3n nos importan todos los lugares, cada colonia,<br>cada comunidad, cada persona y cada problema. En la anterior Administraci\u00f3n<br>nos alcanz\u00f3 para hacer mucho y para hacer lo que mucho antes no se hab\u00eda<br>hecho y que hoy s\u00ed, y vamos a hacerlo juntos\u201d, mencion\u00f3.<\/p>\n\n\n\n<p>Cepeda Gonz\u00e1lez dijo que obras como la que hoy entrega representan inversi\u00f3n,<br>pero adem\u00e1s es el lugar para hacer comunidad, para las familias, para la pr\u00e1ctica<br>del deporte, realizar un festejo o tomar clases de baile y convivir en conjunto.<\/p>\n\n\n\n<p>\u201cLe estamos apostando a la familia, a que Torre\u00f3n recupere su esencia, somos<br>muestra que somos una sociedad comprometida y sabemos lo que debemos<br>hacer. Gracias por haberme acompa\u00f1ado tres a\u00f1os, les pido que sigamos<br>trabajando juntos. Decirles que aqu\u00ed estoy y que aqu\u00ed vamos a estar escuchado<br>qu\u00e9 pasa y qu\u00e9 sigue para poder seguir construyendo juntos el Torre\u00f3n que<br>queremos\u201d, destac\u00f3.<\/p>\n\n\n\n<p>H\u00e9ctor Iv\u00e1n Estrada Baca, director general de Desarrollo Social, dijo que el<br>compromiso del alcalde Rom\u00e1n Cepeda de atender la petici\u00f3n de los vecinos con<br>esta obra, va a beneficiar m\u00e1s de 2 mil 500 personas.<\/p>\n\n\n\n<p>\u201cSabemos Alcalde que siempre est\u00e1s al pendiente de la gente y de todas las<br>colonias, sabemos que en estos tres a\u00f1os vamos por m\u00e1s techumbres, m\u00e1s<br>plazas y m\u00e1s calles pavimentadas porque Torre\u00f3n siempre puede m\u00e1s\u201d, se\u00f1al\u00f3.<\/p>\n\n\n\n<p>El director de Obras P\u00fablicas, Juan Adolfo Von Bertrab, mencion\u00f3 en la<br>explicaci\u00f3n t\u00e9cnica, que se realiz\u00f3 la construcci\u00f3n de una cancha nueva donde se<br>coloc\u00f3 piso concreto en 511 metros cuadrados; techumbre con malla sombra<br>garantizada por 15 a\u00f1os; instalaci\u00f3n de nueve arbotantes dentro de la plaza; se<br>reforzaron las luminarias, con el \u00e1rea de Servicios P\u00fablicos se cambi\u00f3 a luminarias<br>led.<\/p>\n\n\n\n<p>Destac\u00f3 la iluminaci\u00f3n tambi\u00e9n dentro de la plaza para que se pueda disfrutar de<br>noche; colocaci\u00f3n de juegos infantiles, cuatro ejercitadores y la rehabilitaci\u00f3n de la<br>banqueta perimetral, entre los trabajos que se ejecutaron.<\/p>\n\n\n\n<p>Por su parte, Hugo D\u00e1vila Prado, coordinador de MEJORA en Torre\u00f3n, resalt\u00f3 el<br>trabajo del Presidente Municipal en las comunidades durante los tres a\u00f1os<br>anteriores, as\u00ed como el apoyo con techumbres y atenci\u00f3n a peticiones de mucho<br>tiempo atr\u00e1s.<\/p>\n\n\n\n<p>\u201cEl Alcalde est\u00e1 respondiendo en todas las colonias, y de parte del gobierno del<br>Estado y de nuestro Gobernador Manolo Jim\u00e9nez, el compromiso es muy claro,<br>seguir trabajando de la mano con el Municipio para que m\u00e1s obras como estas<br>puedan llegar, y para ser un gobierno cercano a la gente\u201d, manifest\u00f3.<\/p>\n\n\n\n<p>Por parte de los vecinos beneficiados, Sara Gonz\u00e1lez Urrutia, agradeci\u00f3 al alcalde<br>Rom\u00e1n Alberto Cepeda Gonz\u00e1lez por el compromiso mostrado a la comunidad.<\/p>\n\n\n\n<p>\u201cCon esta plaza renovada no solo vemos un espacio transformado, sino un<br>ejemplo de lo que se puede lograr cuando se trabaja con coraz\u00f3n y por el<br>bienestar de la gente, este lugar no solo ser\u00e1 punto de encuentro para nosotros y<\/p>\n\n\n\n<p>nuestras familias sino el s\u00edmbolo de esfuerzo conjunto para construir un mejor<br>entorno para todos\u201d, se\u00f1al\u00f3.<\/p>\n\n\n\n<p>Estuvieron presentes tambi\u00e9n: Jos\u00e9 El\u00edas Ganem Guerrero, secretario del<br>Ayuntamiento; y Ximena Villarreal, regidora presidenta de la comisi\u00f3n de Obras<br>P\u00fablicas.<\/p>\n","protected":false},"excerpt":{"rendered":"<p>Torre\u00f3n, Coahuila. A 15 de enero de 2025. Con una inversi\u00f3n superior a los 3 millones de pesos, esta ma\u00f1ana el alcaldeRom\u00e1n Alberto Cepeda Gonz\u00e1lez entreg\u00f3 la construcci\u00f3n de una techumbre a losvecinos del Fraccionamiento Residencial Victoria, en donde tambi\u00e9n se rehabilit\u00f3la plaza p\u00fablica; se trata de la primera obra de este tipo de la Administraci\u00f3n 2025-2026-2027. La obra corresponde a una petici\u00f3n rezagada desde hace m\u00e1s de nueve a\u00f1os,&#8230;<\/p>\n","protected":false},"author":1,"featured_media":24205,"comment_status":"closed","ping_status":"closed","sticky":false,"template":"","format":"standard","meta":{"footnotes":""},"categories":[5,28,7],"tags":[],"class_list":["post-24204","post","type-post","status-publish","format-standard","has-post-thumbnail","hentry","category-coahuila","category-la-laguna","category-torreon","wpcat-5-id","wpcat-28-id","wpcat-7-id"],"_links":{"self":[{"href":"https:\/\/www.aquilaguna.com\/index.php\/wp-json\/wp\/v2\/posts\/24204","targetHints":{"allow":["GET"]}}],"collection":[{"href":"https:\/\/www.aquilaguna.com\/index.php\/wp-json\/wp\/v2\/posts"}],"about":[{"href":"https:\/\/www.aquilaguna.com\/index.php\/wp-json\/wp\/v2\/types\/post"}],"author":[{"embeddable":true,"href":"https:\/\/www.aquilaguna.com\/index.php\/wp-json\/wp\/v2\/users\/1"}],"replies":[{"embeddable":true,"href":"https:\/\/www.aquilaguna.com\/index.php\/wp-json\/wp\/v2\/comments?post=24204"}],"version-history":[{"count":1,"href":"https:\/\/www.aquilaguna.com\/index.php\/wp-json\/wp\/v2\/posts\/24204\/revisions"}],"predecessor-version":[{"id":24206,"href":"https:\/\/www.aquilaguna.com\/index.php\/wp-json\/wp\/v2\/posts\/24204\/revisions\/24206"}],"wp:featuredmedia":[{"embeddable":true,"href":"https:\/\/www.aquilaguna.com\/index.php\/wp-json\/wp\/v2\/media\/24205"}],"wp:attachment":[{"href":"https:\/\/www.aquilaguna.com\/index.php\/wp-json\/wp\/v2\/media?parent=24204"}],"wp:term":[{"taxonomy":"category","embeddable":true,"href":"https:\/\/www.aquilaguna.com\/index.php\/wp-json\/wp\/v2\/categories?post=24204"},{"taxonomy":"post_tag","embeddable":true,"href":"https:\/\/www.aquilaguna.com\/index.php\/wp-json\/wp\/v2\/tags?post=24204"}],"curies":[{"name":"wp","href":"https:\/\/api.w.org\/{rel}","templated":true}]}}