{"id":24217,"date":"2025-01-16T19:18:06","date_gmt":"2025-01-17T01:18:06","guid":{"rendered":"https:\/\/www.aquilaguna.com\/?p=24217"},"modified":"2025-01-16T19:18:06","modified_gmt":"2025-01-17T01:18:06","slug":"ofrece-idea-de-la-uadec-a-sus-aspirantes-informacion-y-recorrido-de-sus-instalaciones","status":"publish","type":"post","link":"https:\/\/www.aquilaguna.com\/index.php\/2025\/01\/16\/ofrece-idea-de-la-uadec-a-sus-aspirantes-informacion-y-recorrido-de-sus-instalaciones\/","title":{"rendered":"Ofrece IDEA de la UAdeC a sus Aspirantes Informaci\u00f3n y Recorrido de sus Instalaciones."},"content":{"rendered":"\n<p>SALTILLO, Coahuila. 16 de enero de 2025. Este jueves, el Instituto de Ense\u00f1anza<br>Abierta (IDEA) de la Universidad Aut\u00f3noma de Coahuila realiz\u00f3 con \u00e9xito el evento<br>\u201cVive la Experiencia IDEA\u201d, actividad dirigida a aspirantes a bachillerato para dar a<br>conocer su oferta educativa y los beneficios que ofrece esta modalidad de estudios.<\/p>\n\n\n\n<p>La actividad se inici\u00f3 en el Sal\u00f3n de Usos M\u00faltiples del Edificio \u201cH\u201d de la Unidad<br>Camporredondo donde estuvieron presentes la directora del plantel, Violeta Cedillo<br>Rodr\u00edguez; el secretario acad\u00e9mico, Ramiro Garc\u00eda El\u00edas y la encargada de Control<br>Escolar, Dora Elia L\u00f3pez Tovar, as\u00ed como aspirantes y padres de familia.<\/p>\n\n\n\n<p>En su mensaje, la directora del IDEA, Violeta Cedillo agradeci\u00f3 la respuesta a la<br>convocatoria al evento, al tiempo que explic\u00f3 las ventajas acad\u00e9micas y<br>administrativas que ofrece la modalidad de preparatoria abierta que se ajusta a las<br>necesidades de cada estudiante.<\/p>\n\n\n\n<p>Agreg\u00f3 que el IDEA se caracteriza por ofrecer una modalidad \u00fanica de cursar el<br>bachillerato sin necesidad de presentar examen de admisi\u00f3n, en el avance de cada<br>alumno de acuerdo a su propio ritmo, gracias a los horarios flexibles que van desde<br>las 8:30 hasta las 21:00 horas.<\/p>\n\n\n\n<p>Adem\u00e1s de que los estudiantes reciben asesor\u00edas personalizadas por parte de<br>docentes capacitados en cada una de las materias a cursar, lo que garantiza una<br>educaci\u00f3n de calidad adaptada a las necesidades individuales.<\/p>\n\n\n\n<p>Entre los servicios que ofrece el Instituto son la biblioteca equipada, centro de<br>c\u00f3mputo y la oportunidad de participar en actividades deportivas, art\u00edsticas y<br>culturales, integrarse a los equipos deportivos representativos de la UAdeC, y formar<br>parte de eventos art\u00edsticos como la Semana del Estudiante.<\/p>\n\n\n\n<p>Los directivos del IDEA invitaron a los aspirantes a aprovechar el periodo de<br>inscripciones, que estar\u00e1 abierto durante el mes de febrero, con la seguridad de que<br>ser\u00e1n orientados en el \u00e1mbito acad\u00e9mico y en lo administrativo, como cr\u00e9dito a la<br>inscripci\u00f3n.<\/p>\n\n\n\n<p>Durante el evento a los asistentes se les brind\u00f3 un recorrido por las instalaciones del<br>IDEA, en donde conocieron los espacios y servicios que estar\u00e1n a su disposici\u00f3n<br>como aulas de asesor\u00edas, biblioteca, centro de c\u00f3mputo, y \u00e1reas para actividades<br>deportivas, art\u00edsticas y culturales.<\/p>\n\n\n\n<p>Para m\u00e1s informaci\u00f3n, los interesados pueden llamar al IDEA Saltillo al tel\u00e9fono<br>(844) 410 10 02, visitar la p\u00e1gina de Facebook IDEA Saltillo, ingresar al sitio<br><a href=\"http:\/\/www.ideasal.uadec.mx\" target=\"_blank\" rel=\"noreferrer noopener\">http:\/\/www.ideasal.uadec.mx<\/a> o directamente en el plantel en un horario de lunes a<br>viernes de 9:00 a 20:00 horas.<\/p>\n","protected":false},"excerpt":{"rendered":"<p>SALTILLO, Coahuila. 16 de enero de 2025. Este jueves, el Instituto de Ense\u00f1anzaAbierta (IDEA) de la Universidad Aut\u00f3noma de Coahuila realiz\u00f3 con \u00e9xito el evento\u201cVive la Experiencia IDEA\u201d, actividad dirigida a aspirantes a bachillerato para dar aconocer su oferta educativa y los beneficios que ofrece esta modalidad de estudios. La actividad se inici\u00f3 en el Sal\u00f3n de Usos M\u00faltiples del Edificio \u201cH\u201d de la UnidadCamporredondo donde estuvieron presentes la directora&#8230;<\/p>\n","protected":false},"author":1,"featured_media":24218,"comment_status":"closed","ping_status":"closed","sticky":false,"template":"","format":"standard","meta":{"footnotes":""},"categories":[2],"tags":[],"class_list":["post-24217","post","type-post","status-publish","format-standard","has-post-thumbnail","hentry","category-uadec","wpcat-2-id"],"_links":{"self":[{"href":"https:\/\/www.aquilaguna.com\/index.php\/wp-json\/wp\/v2\/posts\/24217","targetHints":{"allow":["GET"]}}],"collection":[{"href":"https:\/\/www.aquilaguna.com\/index.php\/wp-json\/wp\/v2\/posts"}],"about":[{"href":"https:\/\/www.aquilaguna.com\/index.php\/wp-json\/wp\/v2\/types\/post"}],"author":[{"embeddable":true,"href":"https:\/\/www.aquilaguna.com\/index.php\/wp-json\/wp\/v2\/users\/1"}],"replies":[{"embeddable":true,"href":"https:\/\/www.aquilaguna.com\/index.php\/wp-json\/wp\/v2\/comments?post=24217"}],"version-history":[{"count":1,"href":"https:\/\/www.aquilaguna.com\/index.php\/wp-json\/wp\/v2\/posts\/24217\/revisions"}],"predecessor-version":[{"id":24219,"href":"https:\/\/www.aquilaguna.com\/index.php\/wp-json\/wp\/v2\/posts\/24217\/revisions\/24219"}],"wp:featuredmedia":[{"embeddable":true,"href":"https:\/\/www.aquilaguna.com\/index.php\/wp-json\/wp\/v2\/media\/24218"}],"wp:attachment":[{"href":"https:\/\/www.aquilaguna.com\/index.php\/wp-json\/wp\/v2\/media?parent=24217"}],"wp:term":[{"taxonomy":"category","embeddable":true,"href":"https:\/\/www.aquilaguna.com\/index.php\/wp-json\/wp\/v2\/categories?post=24217"},{"taxonomy":"post_tag","embeddable":true,"href":"https:\/\/www.aquilaguna.com\/index.php\/wp-json\/wp\/v2\/tags?post=24217"}],"curies":[{"name":"wp","href":"https:\/\/api.w.org\/{rel}","templated":true}]}}