{"id":24239,"date":"2025-01-17T19:50:22","date_gmt":"2025-01-18T01:50:22","guid":{"rendered":"https:\/\/www.aquilaguna.com\/?p=24239"},"modified":"2025-01-17T19:50:23","modified_gmt":"2025-01-18T01:50:23","slug":"cumple-rector-de-la-uadec-con-el-compromiso-de-brindar-servicio-de-guarderia-a-los-hijos-de-los-universitarios","status":"publish","type":"post","link":"https:\/\/www.aquilaguna.com\/index.php\/2025\/01\/17\/cumple-rector-de-la-uadec-con-el-compromiso-de-brindar-servicio-de-guarderia-a-los-hijos-de-los-universitarios\/","title":{"rendered":"Cumple Rector de la UAdeC con el Compromiso de Brindar Servicio de Guarder\u00eda a los Hijos de los Universitarios."},"content":{"rendered":"\n<p>ARTEAGA, Coahuila. 17 de enero de 2025. La Universidad Aut\u00f3noma de Coahuila<br>firm\u00f3 un convenio de colaboraci\u00f3n con estancias infantiles para ofrecer el servicio de<br>guarder\u00eda para los hijos de las y los universitarios, con lo que el rector Octavio<br>Pimentel Mart\u00ednez, cumple con uno m\u00e1s de sus compromisos con la comunidad<br>universitaria.<\/p>\n\n\n\n<p>En el Lobby de Infoteca Arteaga, el documento fue signado por el rector de la<br>m\u00e1xima casa de estudios, Octavio Pimentel Mart\u00ednez y la representante de las<br>Guarder\u00edas con las que se firma el convenio, Mar\u00eda Paulina Monsiv\u00e1is Hern\u00e1ndez de<br>la Estancia Infantil Piccolo Mondo A.C., como testigos la coordinadora de Unidad<br>Sureste, Eva Kerena Hern\u00e1ndez Mart\u00ednez, el Oficial Mayor, Josu\u00e9 El\u00ed Garza Carrales<br>y el secretario general del Sindicato de Trabajadores de la UAdeC, Rub\u00e9n Antonio<br>Favela.<\/p>\n\n\n\n<p>Adem\u00e1s, como invitados especiales los representantes de Mi Casita Azul, Educando<br>y Compartiendo A.C., Colegio MJ Oth\u00f3n, Ana y el Mundo de los Ni\u00f1os, Estancia<br>Infantil Tiempo M\u00e1gico, Estancia Infantil Quetzaliztli, Instituto Emilio Arizpe de la<br>Maza, Centro Educativo Biling\u00fce Little Kids, Guarder\u00eda Peque\u00f1itos y del Instituto<br>Mejores Ni\u00f1os.<\/p>\n\n\n\n<p>En su mensaje el rector Octavio Pimentel Mart\u00ednez, destac\u00f3 que los compromisos<br>est\u00e1n para cumplirse y llevarlos a la realidad, por lo que ofrecer servicio de guarder\u00eda<br>para las y los hijos de las y los universitarios representa una prioridad para su<br>administraci\u00f3n.<\/p>\n\n\n\n<p>Coment\u00f3 que a trav\u00e9s de los Foros Violeta las universitarias manifestaron la<br>necesidad de contar con el apoyo de guarder\u00edas, al tiempo que se\u00f1al\u00f3 que en la<br>Universidad se busca potencializar a las mujeres y que sean ellas quienes marquen<br>la agenda de acciones.<\/p>\n\n\n\n<p>Por otro lado, agradeci\u00f3 la colaboraci\u00f3n de las estancias infantiles por abrir sus<br>puertas para los hijos de los universitarios, as\u00ed como a todos los colaboradores de la<br>Universidad que fueron pieza clave para que se concretara dicho proyecto.<\/p>\n\n\n\n<p>Por su parte, Mar\u00eda Paulina Monsiv\u00e1is Hern\u00e1ndez de la Estancia Infantil Piccolo<br>Mondo A.C., se\u00f1al\u00f3 que el objetivo es apoyar a la comunidad estudiantil, docentes y<br>al personal administrativo para el cuidado de sus hijos, brind\u00e1ndoles atenci\u00f3n de<br>calidad, bienestar y respaldo.<\/p>\n\n\n\n<p>Este servicio se ofrece a trav\u00e9s de la prestaci\u00f3n que ofrece el Instituto Mexicano del<br>Seguro Social para sus derechohabientes, para que las universitarias cuenten con<\/p>\n\n\n\n<p>los espacios disponibles para sus hijos en las estancias infantiles con las que se<br>firm\u00f3 el convenio.<\/p>\n","protected":false},"excerpt":{"rendered":"<p>ARTEAGA, Coahuila. 17 de enero de 2025. La Universidad Aut\u00f3noma de Coahuilafirm\u00f3 un convenio de colaboraci\u00f3n con estancias infantiles para ofrecer el servicio deguarder\u00eda para los hijos de las y los universitarios, con lo que el rector OctavioPimentel Mart\u00ednez, cumple con uno m\u00e1s de sus compromisos con la comunidaduniversitaria. En el Lobby de Infoteca Arteaga, el documento fue signado por el rector de lam\u00e1xima casa de estudios, Octavio Pimentel Mart\u00ednez&#8230;<\/p>\n","protected":false},"author":1,"featured_media":24240,"comment_status":"closed","ping_status":"closed","sticky":false,"template":"","format":"standard","meta":{"footnotes":""},"categories":[2],"tags":[],"class_list":["post-24239","post","type-post","status-publish","format-standard","has-post-thumbnail","hentry","category-uadec","wpcat-2-id"],"_links":{"self":[{"href":"https:\/\/www.aquilaguna.com\/index.php\/wp-json\/wp\/v2\/posts\/24239","targetHints":{"allow":["GET"]}}],"collection":[{"href":"https:\/\/www.aquilaguna.com\/index.php\/wp-json\/wp\/v2\/posts"}],"about":[{"href":"https:\/\/www.aquilaguna.com\/index.php\/wp-json\/wp\/v2\/types\/post"}],"author":[{"embeddable":true,"href":"https:\/\/www.aquilaguna.com\/index.php\/wp-json\/wp\/v2\/users\/1"}],"replies":[{"embeddable":true,"href":"https:\/\/www.aquilaguna.com\/index.php\/wp-json\/wp\/v2\/comments?post=24239"}],"version-history":[{"count":1,"href":"https:\/\/www.aquilaguna.com\/index.php\/wp-json\/wp\/v2\/posts\/24239\/revisions"}],"predecessor-version":[{"id":24241,"href":"https:\/\/www.aquilaguna.com\/index.php\/wp-json\/wp\/v2\/posts\/24239\/revisions\/24241"}],"wp:featuredmedia":[{"embeddable":true,"href":"https:\/\/www.aquilaguna.com\/index.php\/wp-json\/wp\/v2\/media\/24240"}],"wp:attachment":[{"href":"https:\/\/www.aquilaguna.com\/index.php\/wp-json\/wp\/v2\/media?parent=24239"}],"wp:term":[{"taxonomy":"category","embeddable":true,"href":"https:\/\/www.aquilaguna.com\/index.php\/wp-json\/wp\/v2\/categories?post=24239"},{"taxonomy":"post_tag","embeddable":true,"href":"https:\/\/www.aquilaguna.com\/index.php\/wp-json\/wp\/v2\/tags?post=24239"}],"curies":[{"name":"wp","href":"https:\/\/api.w.org\/{rel}","templated":true}]}}