{"id":24246,"date":"2025-01-17T19:55:54","date_gmt":"2025-01-18T01:55:54","guid":{"rendered":"https:\/\/www.aquilaguna.com\/?p=24246"},"modified":"2025-01-17T19:55:56","modified_gmt":"2025-01-18T01:55:56","slug":"anuncia-uadec-proceso-de-admision-nuevas-carreras-y-que-el-examen-sera-presencial","status":"publish","type":"post","link":"https:\/\/www.aquilaguna.com\/index.php\/2025\/01\/17\/anuncia-uadec-proceso-de-admision-nuevas-carreras-y-que-el-examen-sera-presencial\/","title":{"rendered":"Anuncia UAdeC Proceso de Admisi\u00f3n, Nuevas Carreras y que el Examen ser\u00e1 Presencial."},"content":{"rendered":"\n<p>SALTILLO, Coahuila. 17 de enero de 2025. En conferencia de prensa, encabezada<br>por el rector de la Universidad Aut\u00f3noma de Coahuila, Octavio Pimentel Mart\u00ednez se<br>anunci\u00f3 que ya est\u00e1 disponible la convocatoria para el proceso de admisi\u00f3n para el<br>semestre agosto-diciembre 2025 y a partir del lunes 20 al 29 de enero las y los<br>aspirantes podr\u00e1n registrarse para obtener su ficha de la oferta educativa para<br>bachillerato, licenciatura, posgrado y educaci\u00f3n a distancia en<br><a href=\"http:\/\/www.uadec.mx\/admisiones\/\" target=\"_blank\" rel=\"noreferrer noopener\">www.uadec.mx\/admisiones\/<\/a>.<\/p>\n\n\n\n<p>El Rector inform\u00f3 que para este proceso los ex\u00e1menes de admisi\u00f3n son para<br>Bachillerato EXANI-I, Licenciatura EXANI-II y posgrado EXANI III del Centro Nacional<br>de Evaluaci\u00f3n para la Educaci\u00f3n Superior (CENEVAL), mismos que se aplicar\u00e1n de<br>manera presencial en todas las instalaciones de la m\u00e1xima casa de estudios en el<br>estado.<\/p>\n\n\n\n<p>\u201cLo anterior, debido a que ya no estamos en pandemia y se cuenta con las<br>condiciones para la aplicaci\u00f3n de un examen presencial que permite tener<br>congruencia en la Admisi\u00f3n y el Egreso con los instrumentos del CENEVAL, para<br>una acertada medici\u00f3n de nuestro contenido de formaci\u00f3n y de egreso con el EGEL,<br>evaluaci\u00f3n que se aplica a todos los egresados de licenciatura\u201d, expres\u00f3 Pimentel<br>Mart\u00ednez.<\/p>\n\n\n\n<p>Anunci\u00f3 que como parte de la oferta educativa, que demanda el sector productivo,<br>se ofrecen dos nuevas carreras, la Licenciatura en Nutrici\u00f3n en la Facultad de<br>Enfermer\u00eda \u201cSantiago Vald\u00e9s Galindo\u201d en la Unidad Sureste y la Licenciatura de<br>Negocios Internacionales en la Facultad de Contadur\u00eda y Administraci\u00f3n de Piedras<br>Negras de la Unidad Norte, adicional a las 108 opciones acad\u00e9micas que ofrece la<br>UAdeC.<\/p>\n\n\n\n<p>or su parte, la directora de Asuntos Acad\u00e9micos, Adriana Centeno Aranda, dijo que<br>las fechas de pago de la ficha son del 20 al 29 de enero, el costo es de $886 pesos,<br>y para los aspirantes a medicina, debido a un examen adicional de premedicina, el<br>costo es de $1772; el examen para bachillerato ser\u00e1 el s\u00e1bado 29 de marzo y<br>licenciatura el 5 de abril.<\/p>\n\n\n\n<p>El jefe de admisiones y orientaci\u00f3n educativa Josu\u00e9 Manuel Lara G\u00f3mez, explic\u00f3<br>que los aspirantes generar\u00e1n su ficha del 21 al 26 de febrero, la impresi\u00f3n es<br>obligatoria pues la tendr\u00e1 que portar el aspirante el d\u00eda de su examen de admisi\u00f3n<br>para su acceso a los diferentes campus.<\/p>\n\n\n\n<p>Dijo que la ficha con fotograf\u00eda, contar\u00e1 con los datos de la hora a presentarse, el<br>sal\u00f3n, el pupitre, la Facultad o Escuela a la cual deber\u00e1 asistir, as\u00ed como los<\/p>\n\n\n\n<p>requisitos como l\u00e1piz, sacapuntas, y alguna identificaci\u00f3n con fotograf\u00eda que<br>corrobore que es la persona aspirante.<\/p>\n\n\n\n<p>Para los aspirantes al Instituto de Lenguas Extranjeras (ILE) se ponderar\u00e1 el \u00e1rea de<br>ingl\u00e9s como lengua extranjera, promediando el resultado de dicho m\u00f3dulo en la<br>calificaci\u00f3n global del examen.<\/p>\n\n\n\n<p>El coordinador general de Educaci\u00f3n a Distancia, Daniel C\u00e1rdenas Hern\u00e1ndez,<br>mencion\u00f3 que de igual manera las carreras que se ofertan en l\u00ednea son las<br>licenciaturas en Contabilidad, en Administraci\u00f3n de Recursos Humanos, en Negocios<br>Internacionales y en Administraci\u00f3n de Empresas y el Bachillerato a distancia,<br>adem\u00e1s del curso para el examen de admisi\u00f3n que tiene un costo de $400 pesos y<br>estar\u00e1 disponible para inscripci\u00f3n hasta el 7 de marzo.<\/p>\n\n\n\n<p>El director de Investigaci\u00f3n y Posgrado, Luis Guti\u00e9rrez Flores inform\u00f3 que el proceso<br>de admisi\u00f3n para las 81 opciones de posgrado, est\u00e1 entrando tambi\u00e9n en una etapa<br>de estandarizaci\u00f3n con el proceso de admisi\u00f3n general de la Universidad, \u201cen<br>algunas opciones de posgrado cuentan con compromisos con instituciones externas,<br>en cuanto a su certificaci\u00f3n de calidad o el reconocimiento de la calidad con que se<br>ofrecen, por ello, tenemos un proceso de reinscripci\u00f3n, de un examen que ya se<br>present\u00f3 el semestre pasado, del 21 al 31 de enero\u201d, dijo.<\/p>\n\n\n\n<p>Se\u00f1al\u00f3 que la idea es ir avanzando en el proceso hacia un mismo modelo en el<br>proceso de admisi\u00f3n, en el cual la universidad estar\u00e1 en posibilidades de cobrar una<br>tarifa estandarizada para que los estudiantes cursen de manera adecuada sus<br>estudios de posgrado, y a partir de este proceso se aplicar\u00e1 el examen del CENEVAL<br>para darle seguimiento al estudiante desde el bachillerato hasta el posgrado.<\/p>\n\n\n\n<p>\u201cTenemos ingreso en el mes de agosto del 2025 y para ello vamos a abrir tres<br>convocatorias, el 20 de enero de este a\u00f1o con registro y pago del 20 al 30 de enero<br>con examen del 3 de mayo, la segunda convocatoria se va a publicar el 10 de<br>febrero tambi\u00e9n con registro y pago de ficha del 10 al 20 de febrero a presentar el 31<br>de mayo, y la \u00faltima convocatoria ser\u00e1 del 24 de febrero al 6 de marzo para<br>presentar el 14 de junio, actualmente tenemos una matr\u00edcula de mil 800 personas\u201d,<br>se\u00f1al\u00f3 Guti\u00e9rrez Flores.<\/p>\n","protected":false},"excerpt":{"rendered":"<p>SALTILLO, Coahuila. 17 de enero de 2025. En conferencia de prensa, encabezadapor el rector de la Universidad Aut\u00f3noma de Coahuila, Octavio Pimentel Mart\u00ednez seanunci\u00f3 que ya est\u00e1 disponible la convocatoria para el proceso de admisi\u00f3n para elsemestre agosto-diciembre 2025 y a partir del lunes 20 al 29 de enero las y losaspirantes podr\u00e1n registrarse para obtener su ficha de la oferta educativa parabachillerato, licenciatura, posgrado y educaci\u00f3n a distancia enwww.uadec.mx\/admisiones\/&#8230;.<\/p>\n","protected":false},"author":1,"featured_media":24247,"comment_status":"closed","ping_status":"closed","sticky":false,"template":"","format":"standard","meta":{"footnotes":""},"categories":[2],"tags":[],"class_list":["post-24246","post","type-post","status-publish","format-standard","has-post-thumbnail","hentry","category-uadec","wpcat-2-id"],"_links":{"self":[{"href":"https:\/\/www.aquilaguna.com\/index.php\/wp-json\/wp\/v2\/posts\/24246","targetHints":{"allow":["GET"]}}],"collection":[{"href":"https:\/\/www.aquilaguna.com\/index.php\/wp-json\/wp\/v2\/posts"}],"about":[{"href":"https:\/\/www.aquilaguna.com\/index.php\/wp-json\/wp\/v2\/types\/post"}],"author":[{"embeddable":true,"href":"https:\/\/www.aquilaguna.com\/index.php\/wp-json\/wp\/v2\/users\/1"}],"replies":[{"embeddable":true,"href":"https:\/\/www.aquilaguna.com\/index.php\/wp-json\/wp\/v2\/comments?post=24246"}],"version-history":[{"count":1,"href":"https:\/\/www.aquilaguna.com\/index.php\/wp-json\/wp\/v2\/posts\/24246\/revisions"}],"predecessor-version":[{"id":24248,"href":"https:\/\/www.aquilaguna.com\/index.php\/wp-json\/wp\/v2\/posts\/24246\/revisions\/24248"}],"wp:featuredmedia":[{"embeddable":true,"href":"https:\/\/www.aquilaguna.com\/index.php\/wp-json\/wp\/v2\/media\/24247"}],"wp:attachment":[{"href":"https:\/\/www.aquilaguna.com\/index.php\/wp-json\/wp\/v2\/media?parent=24246"}],"wp:term":[{"taxonomy":"category","embeddable":true,"href":"https:\/\/www.aquilaguna.com\/index.php\/wp-json\/wp\/v2\/categories?post=24246"},{"taxonomy":"post_tag","embeddable":true,"href":"https:\/\/www.aquilaguna.com\/index.php\/wp-json\/wp\/v2\/tags?post=24246"}],"curies":[{"name":"wp","href":"https:\/\/api.w.org\/{rel}","templated":true}]}}