{"id":24315,"date":"2025-01-22T20:25:02","date_gmt":"2025-01-23T02:25:02","guid":{"rendered":"https:\/\/www.aquilaguna.com\/?p=24315"},"modified":"2025-01-22T20:25:03","modified_gmt":"2025-01-23T02:25:03","slug":"se-mantiene-ambiente-frio-en-coahuila","status":"publish","type":"post","link":"https:\/\/www.aquilaguna.com\/index.php\/2025\/01\/22\/se-mantiene-ambiente-frio-en-coahuila\/","title":{"rendered":"SE MANTIENE AMBIENTE FR\u00cdO EN COAHUILA."},"content":{"rendered":"\n<p>Saltillo, Coahuila de Zaragoza; 22 de enero de 2025.- La Subsecretar\u00eda de Protecci\u00f3n Civil del Estado informa que, este jueves se prev\u00e9 que una&nbsp;nueva masa de aire polar&nbsp;ingrese a Coahuila, manteniendo el ambiente fr\u00edo a muy fr\u00edo durante la ma\u00f1ana y noche en el Estado, con temperaturas m\u00ednimas de -5 a 0 \u00b0C con heladas para la madrugada del viernes en zonas altas del Estado.&nbsp;<\/p>\n\n\n\n<p>De acuerdo con el pron\u00f3stico del Servicio Meteorol\u00f3gico Nacional, se prev\u00e9n las siguientes temperaturas:<\/p>\n\n\n\n<p><strong>Regi\u00f3n Norte<\/strong><\/p>\n\n\n\n<p>&#8211; Jueves :&nbsp;&nbsp;&nbsp;&nbsp;&nbsp;&nbsp;&nbsp; 15\u00b0C\/ -3\u00b0C<\/p>\n\n\n\n<p>&#8211; Viernes:&nbsp;&nbsp;&nbsp;&nbsp;&nbsp;&nbsp;&nbsp;&nbsp;17\u00b0C \/ 3\u00b0C<\/p>\n\n\n\n<p><strong>Regi\u00f3n Carbon\u00edfera<\/strong><\/p>\n\n\n\n<p>&#8211; Jueves :&nbsp;&nbsp;&nbsp;&nbsp;&nbsp;&nbsp;&nbsp; 14\u00b0C\/ -2\u00b0C<\/p>\n\n\n\n<p>&#8211; Viernes:&nbsp;&nbsp;&nbsp;&nbsp;&nbsp;&nbsp;&nbsp;&nbsp;17\u00b0C \/ 2\u00b0C<\/p>\n\n\n\n<p><strong>Regi\u00f3n Centro<\/strong><\/p>\n\n\n\n<p>&#8211; Jueves :&nbsp;&nbsp;&nbsp;&nbsp;&nbsp;&nbsp;&nbsp; 13\u00b0C\/ -1\u00b0C<\/p>\n\n\n\n<p>&#8211; Viernes:&nbsp;&nbsp;&nbsp;&nbsp;&nbsp;&nbsp;&nbsp;&nbsp;17\u00b0C \/ 4\u00b0C<\/p>\n\n\n\n<p><strong>Regi\u00f3n Laguna<\/strong><\/p>\n\n\n\n<p>&#8211; Jueves :&nbsp;&nbsp;&nbsp;&nbsp;&nbsp;&nbsp;&nbsp; 17\u00b0C \/ -2\u00b0C<\/p>\n\n\n\n<p>&#8211; Viernes:&nbsp;&nbsp;&nbsp;&nbsp;&nbsp;&nbsp;&nbsp;&nbsp;18\u00b0C \/ 4\u00b0C<\/p>\n\n\n\n<p><strong>Regi\u00f3n Sureste<\/strong><\/p>\n\n\n\n<p>&#8211; Jueves :&nbsp;&nbsp;&nbsp;&nbsp;&nbsp;&nbsp;&nbsp; 11\u00b0C\/ -1\u00b0C<\/p>\n\n\n\n<p>&#8211; Viernes:&nbsp;&nbsp;&nbsp;&nbsp;&nbsp;&nbsp;&nbsp;&nbsp;15\u00b0C\/7\u00b0C<\/p>\n\n\n\n<p>El Sistema Estatal de Protecci\u00f3n Civil mantiene monitoreo permanente de las condiciones clim\u00e1ticas y, en caso de ser necesario, emitir los alertamientos necesarios con oportunidad y prestar ayuda a la poblaci\u00f3n.<\/p>\n\n\n\n<p>Se recomienda extremar precauciones, abrigarse adecuadamente, y mantenerse informada a trav\u00e9s de los avisos oficiales del Servicio Meteorol\u00f3gico Nacional y las autoridades de Protecci\u00f3n Civil.<\/p>\n\n\n\n<p><strong>EN TU VIVIENDA<\/strong><\/p>\n\n\n\n<p>&#8211;&nbsp;&nbsp;&nbsp;&nbsp;&nbsp;&nbsp;&nbsp;&nbsp;&nbsp;&nbsp;Cierra y asegura puertas, ventanas o toldos.<\/p>\n\n\n\n<p>&#8211;&nbsp;&nbsp;&nbsp;&nbsp;&nbsp;&nbsp;&nbsp;&nbsp;&nbsp;&nbsp;Retira todos aquellos objetos que puedan caer a la calle y provocar un accidente.<\/p>\n\n\n\n<p>&#8211;&nbsp;&nbsp;&nbsp;&nbsp;&nbsp;&nbsp;&nbsp;&nbsp;&nbsp;&nbsp;Si los vidrios de las ventanas no son tan fuertes, coloca cinta adhesiva transparente en la parte interior para evitar que al romperse los vidrios provoquen da\u00f1os.<\/p>\n\n\n\n<p>&#8211;&nbsp;&nbsp;&nbsp;&nbsp;&nbsp;&nbsp;&nbsp;&nbsp;&nbsp;&nbsp;Evita salir de casa si no es necesario.<\/p>\n\n\n\n<p><strong>EN LA CALLE O EL CAMPO<\/strong><\/p>\n\n\n\n<p>&#8211;&nbsp;&nbsp;&nbsp;&nbsp;&nbsp;&nbsp;&nbsp;&nbsp;&nbsp;&nbsp;Al\u00e9jate de cornisas, muros o \u00e1rboles que puedan desprenderse.<\/p>\n\n\n\n<p>&#8211;&nbsp;&nbsp;&nbsp;&nbsp;&nbsp;&nbsp;&nbsp;&nbsp;&nbsp;&nbsp;Toma precauciones frente a edificaciones en construcci\u00f3n o en mal estado.<\/p>\n\n\n\n<p>&#8211;&nbsp;&nbsp;&nbsp;&nbsp;&nbsp;&nbsp;&nbsp;&nbsp;&nbsp;&nbsp;Abstente de subir andamios sin las adecuadas medidas de protecci\u00f3n.<\/p>\n\n\n\n<p>&#8211;&nbsp;&nbsp;&nbsp;&nbsp;&nbsp;&nbsp;&nbsp;&nbsp;&nbsp;&nbsp;No te resguardes del viento en zonas cercanas a muros, \u00e1rboles o edificios en mal estado o en construcci\u00f3n.<\/p>\n\n\n\n<p><strong>SI EST\u00c1S CONDUCIENDO<\/strong><\/p>\n\n\n\n<p>&#8211;&nbsp;&nbsp;&nbsp;&nbsp;&nbsp;&nbsp;&nbsp;&nbsp;&nbsp;&nbsp;Evita manejar por \u00e1reas inundadas y agua estancada.<\/p>\n\n\n\n<p>&#8211;&nbsp;&nbsp;&nbsp;&nbsp;&nbsp;&nbsp;&nbsp;&nbsp;&nbsp;&nbsp;Ten precauci\u00f3n, ya que son frecuentes los cortes en v\u00edas debido a la ca\u00edda de \u00e1rboles y cables el\u00e9ctricos.<\/p>\n\n\n\n<p>&#8211;&nbsp;&nbsp;&nbsp;&nbsp;&nbsp;&nbsp;&nbsp;&nbsp;&nbsp;&nbsp;Conduce con precauci\u00f3n debido a la posibilidad de formaci\u00f3n de nubes de polvo.<\/p>\n\n\n\n<p>&#8211;&nbsp;&nbsp;&nbsp;&nbsp;&nbsp;&nbsp;&nbsp;&nbsp;&nbsp;&nbsp;Si tu auto se ve afectado por la fuerza del viento, evita los rebases y ten precauci\u00f3n en los cruces y puentes.<\/p>\n\n\n\n<p>&#8211;&nbsp;&nbsp;&nbsp;&nbsp;&nbsp;&nbsp;&nbsp;&nbsp;&nbsp;&nbsp;Conduce con precauci\u00f3n, disminuyendo la velocidad y con las luces encendidas si la visibilidad es escasa.<\/p>\n\n\n\n<p>&#8211;&nbsp;&nbsp;&nbsp;&nbsp;&nbsp;&nbsp;&nbsp;&nbsp;&nbsp;&nbsp;Ten precauci\u00f3n al adelantar veh\u00edculos de carga pesada, ya que pueden hacer movimientos imprevistos.<\/p>\n\n\n\n<p>Ante las bajas temperaturas:&nbsp;<\/p>\n\n\n\n<p>+ Evitar intoxicaciones por el uso de carb\u00f3n, le\u00f1a y gas, como fuentes de calefacci\u00f3n en el interior de las casas habitaci\u00f3n.<\/p>\n\n\n\n<p>+ Verificar que su casa no tenga filtraciones de aire. Sellar puertas y ventanas con cinta adhesiva u otros materiales similares.<\/p>\n\n\n\n<p>+ Abr\u00edgate con ropa adecuada (gorro, bufanda, tapabocas, guantes, chamarra, etc.) y permanecer dentro de lo posible en lugares cerrados.<\/p>\n\n\n\n<p>+ Bebe l\u00edquidos calientes y consume alimentos ricos en carbohidratos (energ\u00eda), como pan, tortillas, chocolates y grasas, y vitaminas \u201cC\u201d (c\u00edtricos, ciruelas, guayaba, pi\u00f1a, etc.).<\/p>\n\n\n\n<p>+ Si los materiales con que est\u00e1 construida tu casa son l\u00e1minas, madera y cart\u00f3n, entre otros, identificar el Refugio Temporal m\u00e1s cercano y, en caso de requerirlo, trasladarse hacia \u00e9ste.<\/p>\n\n\n\n<p>+ Informar a las autoridades competentes y procurar especial cuidado a los grupos o personas vulnerables (menores de edad, adultos en plenitud, enfermos, personas con capacidades diferentes y en situaci\u00f3n de calle, etc.) para su atenci\u00f3n.<\/p>\n\n\n\n<p>+ Si padeces enfermedades respiratorias o cardiacas, evitar las corrientes de aire fr\u00edo y salir a zonas fr\u00edas.<\/p>\n\n\n\n<p>+ Ubicar con anticipaci\u00f3n los Refugios Temporales habilitados por las autoridades para estos casos en la p\u00e1gina&nbsp;<a href=\"http:\/\/proteccioncivil.sfpcoahuila.gob.mx\/modulo22.php?opcion=8\" target=\"_blank\" rel=\"noreferrer noopener\">http:\/\/proteccioncivil.sfpcoahuila.gob.mx\/modulo22.php?opcion=8<\/a>.<\/p>\n\n\n\n<p>+ \u00a1Evita incendios! no sobrecargar las tomas de corriente el\u00e9ctrica con aparatos el\u00e9ctricos.<\/p>\n\n\n\n<p>Mant\u00e9ngase informado por los medios oficiales de comunicaci\u00f3n y atento a los avisos que emita el Servicio Meteorol\u00f3gico Nacional y la Subsecretar\u00eda de Protecci\u00f3n Civil de Coahuila.<\/p>\n\n\n\n<p>Ante cualquier emergencia, la ciudadan\u00eda puede llamar al 911.<\/p>\n","protected":false},"excerpt":{"rendered":"<p>Saltillo, Coahuila de Zaragoza; 22 de enero de 2025.- La Subsecretar\u00eda de Protecci\u00f3n Civil del Estado informa que, este jueves se prev\u00e9 que una&nbsp;nueva masa de aire polar&nbsp;ingrese a Coahuila, manteniendo el ambiente fr\u00edo a muy fr\u00edo durante la ma\u00f1ana y noche en el Estado, con temperaturas m\u00ednimas de -5 a 0 \u00b0C con heladas para la madrugada del viernes en zonas altas del Estado.&nbsp; De acuerdo con el pron\u00f3stico&#8230;<\/p>\n","protected":false},"author":1,"featured_media":24316,"comment_status":"closed","ping_status":"closed","sticky":false,"template":"","format":"standard","meta":{"footnotes":""},"categories":[27,5,15,54],"tags":[],"class_list":["post-24315","post","type-post","status-publish","format-standard","has-post-thumbnail","hentry","category-clima","category-coahuila","category-gobierno-de-coahuila","category-proteccion-civil","wpcat-27-id","wpcat-5-id","wpcat-15-id","wpcat-54-id"],"_links":{"self":[{"href":"https:\/\/www.aquilaguna.com\/index.php\/wp-json\/wp\/v2\/posts\/24315","targetHints":{"allow":["GET"]}}],"collection":[{"href":"https:\/\/www.aquilaguna.com\/index.php\/wp-json\/wp\/v2\/posts"}],"about":[{"href":"https:\/\/www.aquilaguna.com\/index.php\/wp-json\/wp\/v2\/types\/post"}],"author":[{"embeddable":true,"href":"https:\/\/www.aquilaguna.com\/index.php\/wp-json\/wp\/v2\/users\/1"}],"replies":[{"embeddable":true,"href":"https:\/\/www.aquilaguna.com\/index.php\/wp-json\/wp\/v2\/comments?post=24315"}],"version-history":[{"count":1,"href":"https:\/\/www.aquilaguna.com\/index.php\/wp-json\/wp\/v2\/posts\/24315\/revisions"}],"predecessor-version":[{"id":24317,"href":"https:\/\/www.aquilaguna.com\/index.php\/wp-json\/wp\/v2\/posts\/24315\/revisions\/24317"}],"wp:featuredmedia":[{"embeddable":true,"href":"https:\/\/www.aquilaguna.com\/index.php\/wp-json\/wp\/v2\/media\/24316"}],"wp:attachment":[{"href":"https:\/\/www.aquilaguna.com\/index.php\/wp-json\/wp\/v2\/media?parent=24315"}],"wp:term":[{"taxonomy":"category","embeddable":true,"href":"https:\/\/www.aquilaguna.com\/index.php\/wp-json\/wp\/v2\/categories?post=24315"},{"taxonomy":"post_tag","embeddable":true,"href":"https:\/\/www.aquilaguna.com\/index.php\/wp-json\/wp\/v2\/tags?post=24315"}],"curies":[{"name":"wp","href":"https:\/\/api.w.org\/{rel}","templated":true}]}}