{"id":24327,"date":"2025-01-23T18:19:33","date_gmt":"2025-01-24T00:19:33","guid":{"rendered":"https:\/\/www.aquilaguna.com\/?p=24327"},"modified":"2025-01-23T18:19:33","modified_gmt":"2025-01-24T00:19:33","slug":"bomberos-de-torreon-acuden-a-california-para-apoyar-en-el-combate-a-los-incendios","status":"publish","type":"post","link":"https:\/\/www.aquilaguna.com\/index.php\/2025\/01\/23\/bomberos-de-torreon-acuden-a-california-para-apoyar-en-el-combate-a-los-incendios\/","title":{"rendered":"Bomberos de Torre\u00f3n acuden a California para apoyar en el combate a los incendios."},"content":{"rendered":"\n<p>Torre\u00f3n, Coahuila. A 23 de enero de 2025.<\/p>\n\n\n\n<p>Dos elementos de Bomberos de Torre\u00f3n se encuentran desde el pasado fin de<br>semana en Los \u00c1ngeles, California, con el objetivo de apoyar en las acciones de<br>contenci\u00f3n y rescate debido a los incendios forestales registrados en esa regi\u00f3n<br>desde inicios de este 2025.<\/p>\n\n\n\n<p>Jorge Luis Ju\u00e1rez Llanas, director de Protecci\u00f3n Civil y Bomberos, se\u00f1al\u00f3 que se<br>trata de los elementos Francisco Javier Mart\u00ednez Basurto y Juan Felipe Rodarte<br>Arellano, quienes pertenecen a grupos de rescate nacionales y cuentan con un<br>amplio adiestramiento en diferentes \u00e1reas de atenci\u00f3n a emergencias.<\/p>\n\n\n\n<p>\u201cNuestros dos elementos est\u00e1n en grupos de ayuda nacional y van con un grupo<br>de rescatistas mexicanos para apoyar en las acciones que se requieran ante esta<br>situaci\u00f3n\u201d, indic\u00f3.<\/p>\n\n\n\n<p>El director destac\u00f3 el inter\u00e9s del alcalde Rom\u00e1n Alberto Cepeda Gonz\u00e1lez en<br>proporcionar a los elementos de la Direcci\u00f3n de Protecci\u00f3n Civil y Bomberos, la<br>capacitaci\u00f3n constante, y el generar las condiciones de equipamiento y<br>preparaci\u00f3n que permita la mejora continua del personal.<\/p>\n\n\n\n<p>Adem\u00e1s, manifest\u00f3 que tanto Francisco Javier como Juan Felipe, son de los<br>elementos que m\u00e1s se han capacitado, incluso en talleres a nivel nacional e<br>internacional.<\/p>\n\n\n\n<p>Ju\u00e1rez Llanas recalc\u00f3 que los bomberos que brindan ayuda en California, cuentan<br>con toda la experiencia y conocimientos para realizar ese tipo de labores, pues<br>han apoyado en incendios y terremotos registrados en diferentes puntos del pa\u00eds y<br>del extranjero.<\/p>\n\n\n\n<p>Como ejemplo de la experiencia de los elementos, el director mencion\u00f3 que hace<br>unos meses, en el marco del D\u00eda del Bombero, en la anterior Administraci\u00f3n del<br>alcalde Rom\u00e1n Alberto Cepeda Gonz\u00e1lez, se entregaron reconocimientos por<br>actos de hero\u00edsmo a Francisco Javier Mart\u00ednez, como primer respondiente en la<br>explosi\u00f3n de San Luciano y rescatista en terremoto de Turqu\u00eda e inundaciones en<br>Brasil, as\u00ed como a Juan Felipe Rodarte, por su apoyo en las acciones de San<br>Luciano.<\/p>\n","protected":false},"excerpt":{"rendered":"<p>Torre\u00f3n, Coahuila. A 23 de enero de 2025. Dos elementos de Bomberos de Torre\u00f3n se encuentran desde el pasado fin desemana en Los \u00c1ngeles, California, con el objetivo de apoyar en las acciones decontenci\u00f3n y rescate debido a los incendios forestales registrados en esa regi\u00f3ndesde inicios de este 2025. Jorge Luis Ju\u00e1rez Llanas, director de Protecci\u00f3n Civil y Bomberos, se\u00f1al\u00f3 que setrata de los elementos Francisco Javier Mart\u00ednez Basurto y&#8230;<\/p>\n","protected":false},"author":1,"featured_media":24328,"comment_status":"closed","ping_status":"closed","sticky":false,"template":"","format":"standard","meta":{"footnotes":""},"categories":[5,28,7],"tags":[],"class_list":["post-24327","post","type-post","status-publish","format-standard","has-post-thumbnail","hentry","category-coahuila","category-la-laguna","category-torreon","wpcat-5-id","wpcat-28-id","wpcat-7-id"],"_links":{"self":[{"href":"https:\/\/www.aquilaguna.com\/index.php\/wp-json\/wp\/v2\/posts\/24327","targetHints":{"allow":["GET"]}}],"collection":[{"href":"https:\/\/www.aquilaguna.com\/index.php\/wp-json\/wp\/v2\/posts"}],"about":[{"href":"https:\/\/www.aquilaguna.com\/index.php\/wp-json\/wp\/v2\/types\/post"}],"author":[{"embeddable":true,"href":"https:\/\/www.aquilaguna.com\/index.php\/wp-json\/wp\/v2\/users\/1"}],"replies":[{"embeddable":true,"href":"https:\/\/www.aquilaguna.com\/index.php\/wp-json\/wp\/v2\/comments?post=24327"}],"version-history":[{"count":1,"href":"https:\/\/www.aquilaguna.com\/index.php\/wp-json\/wp\/v2\/posts\/24327\/revisions"}],"predecessor-version":[{"id":24329,"href":"https:\/\/www.aquilaguna.com\/index.php\/wp-json\/wp\/v2\/posts\/24327\/revisions\/24329"}],"wp:featuredmedia":[{"embeddable":true,"href":"https:\/\/www.aquilaguna.com\/index.php\/wp-json\/wp\/v2\/media\/24328"}],"wp:attachment":[{"href":"https:\/\/www.aquilaguna.com\/index.php\/wp-json\/wp\/v2\/media?parent=24327"}],"wp:term":[{"taxonomy":"category","embeddable":true,"href":"https:\/\/www.aquilaguna.com\/index.php\/wp-json\/wp\/v2\/categories?post=24327"},{"taxonomy":"post_tag","embeddable":true,"href":"https:\/\/www.aquilaguna.com\/index.php\/wp-json\/wp\/v2\/tags?post=24327"}],"curies":[{"name":"wp","href":"https:\/\/api.w.org\/{rel}","templated":true}]}}