{"id":24330,"date":"2025-01-23T18:21:00","date_gmt":"2025-01-24T00:21:00","guid":{"rendered":"https:\/\/www.aquilaguna.com\/?p=24330"},"modified":"2025-01-23T18:21:00","modified_gmt":"2025-01-24T00:21:00","slug":"programa-conduce-seguro-se-extendera-a-las-colonias-de-torreon","status":"publish","type":"post","link":"https:\/\/www.aquilaguna.com\/index.php\/2025\/01\/23\/programa-conduce-seguro-se-extendera-a-las-colonias-de-torreon\/","title":{"rendered":"Programa \u201cConduce Seguro\u201d se extender\u00e1 a las colonias de Torre\u00f3n."},"content":{"rendered":"\n<p>Torre\u00f3n, Coahuila. A 23 de enero de 2025.<\/p>\n\n\n\n<p>Con el objetivo principal de fomentar la educaci\u00f3n vial entre los conductores de<br>motocicletas y prevenir accidentes de tr\u00e1nsito, la Administraci\u00f3n Municipal, a<br>trav\u00e9s de la Direcci\u00f3n de Vialidad y Movilidad Urbana, modificar\u00e1 la din\u00e1mica de<br>los cursos en manejo defensivo y preventivo, a fin de llegar a un mayor n\u00famero de<br>participantes.<\/p>\n\n\n\n<p>Luis Alberto Morales Cort\u00e9s, director de la dependencia, se\u00f1al\u00f3 que por<br>indicaciones del alcalde Rom\u00e1n Alberto Cepeda Gonz\u00e1lez, se realizar\u00e1 una<br>adecuaci\u00f3n a este curso para que m\u00e1s motociclistas cuenten con las herramientas<br>de un manejo seguro.<\/p>\n\n\n\n<p>Dijo que el curso cuenta actualmente con una duraci\u00f3n de seis horas, y agreg\u00f3<br>que en la actual Administraci\u00f3n se han capacitado en las primeras semanas a m\u00e1s<br>de 200 motociclistas.<\/p>\n\n\n\n<p>Sin embargo, coment\u00f3 que una de las variantes que se har\u00e1 al programa<br>\u201cConduce Seguro\u201d, es reducir a tres horas la capacitaci\u00f3n en la sede actual que es<br>en las oficinas del Banco de M\u00e9xico, para aprovechar las otras tres horas en<br>acudir a aplicar el curso a distintas colonias de Torre\u00f3n.<\/p>\n\n\n\n<p>\u201cPara poder incrementar el n\u00famero de motociclistas capacitados en el manejo<br>preventivo y defensivo, haremos una adecuaci\u00f3n al contenido, en donde se<br>reduzca a la mitad del tiempo, para en otra fase, ir a las colonias en donde hay un<br>mayor n\u00famero de motociclistas, que adem\u00e1s en su gran mayor\u00eda son menores de<br>edad\u201d, indic\u00f3.<\/p>\n\n\n\n<p>Morales Cort\u00e9s se\u00f1al\u00f3 que esta estrategia se desarroll\u00f3 con la colaboraci\u00f3n de la<br>Direcci\u00f3n de Desarrollo Social, y del Sistema para el Desarrollo Integral de la<br>Familia (DIF) Torre\u00f3n, para acudir a los centros comunitarios a su cargo a<br>implementar el curso.<\/p>\n\n\n\n<p>\u201cSe entregar\u00e1 a los participantes una constancia y acreditaci\u00f3n de que tomaron el<br>curso y de esta manera evitar que se interrumpa su rutina cuando un operativo los<br>retire de la circulaci\u00f3n con su motocicleta\u201d, explic\u00f3.<\/p>\n\n\n\n<p>El director dijo que en la actual Administraci\u00f3n se pretende incrementar al doble al<br>n\u00famero de motociclistas capacitados durante la gesti\u00f3n pasada, en donde fueron<br>m\u00e1s de 5 mil 500 asistentes a los cursos.<\/p>\n\n\n\n<p>Adem\u00e1s, el funcionario destac\u00f3 el incremento en el parque vehicular de<br>motociclistas en los \u00faltimos a\u00f1os, el cual indic\u00f3, en el 2021 se ten\u00eda un padr\u00f3n de<br>11 mil 400 motos, y en el 2023 aument\u00f3 a 16 mil.<\/p>\n\n\n\n<p>En ese sentido, destac\u00f3 que estos cursos buscan reducir los \u00edndices de accidentes<br>en motocicletas, pues los conductores de estos veh\u00edculos representan una<br>proporci\u00f3n significativa de los fallecidos en hechos de tr\u00e1nsito.<\/p>\n\n\n\n<p>Morales Cort\u00e9s acentu\u00f3 que gracias a iniciativas como esta y al programa<br>\u201cConduce Seguro\u201d, se ha logrado una disminuci\u00f3n en los accidentes viales con<br>participaci\u00f3n de motociclistas.<\/p>\n\n\n\n<p>Tambi\u00e9n recalc\u00f3 que el uso del casco, adem\u00e1s de ser obligatorio seg\u00fan el<br>reglamento de tr\u00e1nsito, es una herramienta esencial para reducir lesiones en el<br>cr\u00e1neo, en caso de accidentes.<\/p>\n\n\n\n<p>El director reiter\u00f3 que la capacitaci\u00f3n est\u00e1 enfocada a prevenir las muertes por<br>accidente Vial y las lesiones graves al usar la motocicleta.<\/p>\n","protected":false},"excerpt":{"rendered":"<p>Torre\u00f3n, Coahuila. A 23 de enero de 2025. Con el objetivo principal de fomentar la educaci\u00f3n vial entre los conductores demotocicletas y prevenir accidentes de tr\u00e1nsito, la Administraci\u00f3n Municipal, atrav\u00e9s de la Direcci\u00f3n de Vialidad y Movilidad Urbana, modificar\u00e1 la din\u00e1mica delos cursos en manejo defensivo y preventivo, a fin de llegar a un mayor n\u00famero departicipantes. Luis Alberto Morales Cort\u00e9s, director de la dependencia, se\u00f1al\u00f3 que porindicaciones del alcalde&#8230;<\/p>\n","protected":false},"author":1,"featured_media":24331,"comment_status":"closed","ping_status":"closed","sticky":false,"template":"","format":"standard","meta":{"footnotes":""},"categories":[5,28,7],"tags":[],"class_list":["post-24330","post","type-post","status-publish","format-standard","has-post-thumbnail","hentry","category-coahuila","category-la-laguna","category-torreon","wpcat-5-id","wpcat-28-id","wpcat-7-id"],"_links":{"self":[{"href":"https:\/\/www.aquilaguna.com\/index.php\/wp-json\/wp\/v2\/posts\/24330","targetHints":{"allow":["GET"]}}],"collection":[{"href":"https:\/\/www.aquilaguna.com\/index.php\/wp-json\/wp\/v2\/posts"}],"about":[{"href":"https:\/\/www.aquilaguna.com\/index.php\/wp-json\/wp\/v2\/types\/post"}],"author":[{"embeddable":true,"href":"https:\/\/www.aquilaguna.com\/index.php\/wp-json\/wp\/v2\/users\/1"}],"replies":[{"embeddable":true,"href":"https:\/\/www.aquilaguna.com\/index.php\/wp-json\/wp\/v2\/comments?post=24330"}],"version-history":[{"count":1,"href":"https:\/\/www.aquilaguna.com\/index.php\/wp-json\/wp\/v2\/posts\/24330\/revisions"}],"predecessor-version":[{"id":24332,"href":"https:\/\/www.aquilaguna.com\/index.php\/wp-json\/wp\/v2\/posts\/24330\/revisions\/24332"}],"wp:featuredmedia":[{"embeddable":true,"href":"https:\/\/www.aquilaguna.com\/index.php\/wp-json\/wp\/v2\/media\/24331"}],"wp:attachment":[{"href":"https:\/\/www.aquilaguna.com\/index.php\/wp-json\/wp\/v2\/media?parent=24330"}],"wp:term":[{"taxonomy":"category","embeddable":true,"href":"https:\/\/www.aquilaguna.com\/index.php\/wp-json\/wp\/v2\/categories?post=24330"},{"taxonomy":"post_tag","embeddable":true,"href":"https:\/\/www.aquilaguna.com\/index.php\/wp-json\/wp\/v2\/tags?post=24330"}],"curies":[{"name":"wp","href":"https:\/\/api.w.org\/{rel}","templated":true}]}}