{"id":24353,"date":"2025-01-24T16:34:29","date_gmt":"2025-01-24T22:34:29","guid":{"rendered":"https:\/\/www.aquilaguna.com\/?p=24353"},"modified":"2025-01-24T16:34:30","modified_gmt":"2025-01-24T22:34:30","slug":"simas-torreon-inicia-mantenimiento-de-la-bomba-48-de-la-colonia-valle-verde","status":"publish","type":"post","link":"https:\/\/www.aquilaguna.com\/index.php\/2025\/01\/24\/simas-torreon-inicia-mantenimiento-de-la-bomba-48-de-la-colonia-valle-verde\/","title":{"rendered":"SIMAS Torre\u00f3n inicia mantenimiento de la Bomba 48 de la colonia Valle Verde."},"content":{"rendered":"\n<p>Torre\u00f3n, Coahuila. A 24 de enero de 2025.<\/p>\n\n\n\n<p>El Sistema Municipal de Aguas y Saneamiento (SIMAS) Torre\u00f3n, informa que hoy<br>viernes iniciaron trabajos de mantenimiento a la bomba 48, ubicada en Avenida<br>Saltillo y calle Arteaga de la colonia Valle Verde.<\/p>\n\n\n\n<p>La bomba abastece tambi\u00e9n a las colonias Sat\u00e9lite, Fidel Vel\u00e1zquez, La Mina y La<br>Cortina, las cuales presentar\u00e1n solo baja presi\u00f3n, pues se les dotar\u00e1 del l\u00edquido de<br>otros pozos aleda\u00f1os.<\/p>\n\n\n\n<p>Los trabajos se realizar\u00e1n en un per\u00edodo aproximado de siete d\u00edas, en los cuales<br>se causar\u00e1n molestias m\u00ednimas gracias a la baja en el consumo del l\u00edquido debido<br>a las bajas temperaturas que se registran.<\/p>\n\n\n\n<p>El Simas Torre\u00f3n pone a disposici\u00f3n de la ciudadan\u00eda la l\u00ednea de WhatsApp 871<br>521 06 22, tel\u00e9fono del Call Center 871 690 95 95, conmutador 871 749 17 00 y la<br>p\u00e1gina de Facebook SIMAS TORRE\u00d3N para externar sus inquietudes, dudas y<br>comentarios.<\/p>\n","protected":false},"excerpt":{"rendered":"<p>Torre\u00f3n, Coahuila. A 24 de enero de 2025. El Sistema Municipal de Aguas y Saneamiento (SIMAS) Torre\u00f3n, informa que hoyviernes iniciaron trabajos de mantenimiento a la bomba 48, ubicada en AvenidaSaltillo y calle Arteaga de la colonia Valle Verde. La bomba abastece tambi\u00e9n a las colonias Sat\u00e9lite, Fidel Vel\u00e1zquez, La Mina y LaCortina, las cuales presentar\u00e1n solo baja presi\u00f3n, pues se les dotar\u00e1 del l\u00edquido deotros pozos aleda\u00f1os. Los trabajos&#8230;<\/p>\n","protected":false},"author":1,"featured_media":24354,"comment_status":"closed","ping_status":"closed","sticky":false,"template":"","format":"standard","meta":{"footnotes":""},"categories":[5,28,7],"tags":[],"class_list":["post-24353","post","type-post","status-publish","format-standard","has-post-thumbnail","hentry","category-coahuila","category-la-laguna","category-torreon","wpcat-5-id","wpcat-28-id","wpcat-7-id"],"_links":{"self":[{"href":"https:\/\/www.aquilaguna.com\/index.php\/wp-json\/wp\/v2\/posts\/24353","targetHints":{"allow":["GET"]}}],"collection":[{"href":"https:\/\/www.aquilaguna.com\/index.php\/wp-json\/wp\/v2\/posts"}],"about":[{"href":"https:\/\/www.aquilaguna.com\/index.php\/wp-json\/wp\/v2\/types\/post"}],"author":[{"embeddable":true,"href":"https:\/\/www.aquilaguna.com\/index.php\/wp-json\/wp\/v2\/users\/1"}],"replies":[{"embeddable":true,"href":"https:\/\/www.aquilaguna.com\/index.php\/wp-json\/wp\/v2\/comments?post=24353"}],"version-history":[{"count":1,"href":"https:\/\/www.aquilaguna.com\/index.php\/wp-json\/wp\/v2\/posts\/24353\/revisions"}],"predecessor-version":[{"id":24355,"href":"https:\/\/www.aquilaguna.com\/index.php\/wp-json\/wp\/v2\/posts\/24353\/revisions\/24355"}],"wp:featuredmedia":[{"embeddable":true,"href":"https:\/\/www.aquilaguna.com\/index.php\/wp-json\/wp\/v2\/media\/24354"}],"wp:attachment":[{"href":"https:\/\/www.aquilaguna.com\/index.php\/wp-json\/wp\/v2\/media?parent=24353"}],"wp:term":[{"taxonomy":"category","embeddable":true,"href":"https:\/\/www.aquilaguna.com\/index.php\/wp-json\/wp\/v2\/categories?post=24353"},{"taxonomy":"post_tag","embeddable":true,"href":"https:\/\/www.aquilaguna.com\/index.php\/wp-json\/wp\/v2\/tags?post=24353"}],"curies":[{"name":"wp","href":"https:\/\/api.w.org\/{rel}","templated":true}]}}