{"id":24356,"date":"2025-01-24T16:35:18","date_gmt":"2025-01-24T22:35:18","guid":{"rendered":"https:\/\/www.aquilaguna.com\/?p=24356"},"modified":"2025-01-24T16:35:19","modified_gmt":"2025-01-24T22:35:19","slug":"ante-pronostico-de-proteccion-civil-sobre-posible-llegada-de-masa-de-aire-polar-se-suspenden-clases-en-coahuila","status":"publish","type":"post","link":"https:\/\/www.aquilaguna.com\/index.php\/2025\/01\/24\/ante-pronostico-de-proteccion-civil-sobre-posible-llegada-de-masa-de-aire-polar-se-suspenden-clases-en-coahuila\/","title":{"rendered":"ANTE PRON\u00d3STICO DE PROTECCI\u00d3N CIVIL SOBRE POSIBLE LLEGADA DE MASA DE AIRE POLAR SE SUSPENDEN CLASES EN COAHUILA."},"content":{"rendered":"\n<p>Saltillo, Coahuila; 23 de enero de 2025.- La Secretar\u00eda de Educaci\u00f3n de Coahuila da a conocer que, de acuerdo a la informaci\u00f3n que emiten las autoridades de Protecci\u00f3n Civil, en la que se indica la llegada de una nueva masa de aire polar en la madrugada y ma\u00f1ana de este viernes 24 de enero, y considerando los riesgos que se pueden presentar con la presencia de hielo en las vialidades, se suspenden las clases presenciales en todos los niveles educativos y municipios del estado.&nbsp;<\/p>\n\n\n\n<p>Ello con la finalidad de salvaguardar el bienestar f\u00edsico de nuestro alumnado, personal docente y administrativo.&nbsp;<\/p>\n\n\n\n<p>En el caso de las escuelas particulares se aplicar\u00e1n sus propios criterios, agradeciendo mantengan comunicaci\u00f3n cercana al respecto con sus alumnos y padres de familia.<\/p>\n\n\n\n<p>Invitamos a la comunidad educativa a atender las recomendaciones de la p\u00e1gina oficial de Gobierno del Estado de Coahuila y de Protecci\u00f3n Civil.<\/p>\n","protected":false},"excerpt":{"rendered":"<p>Saltillo, Coahuila; 23 de enero de 2025.- La Secretar\u00eda de Educaci\u00f3n de Coahuila da a conocer que, de acuerdo a la informaci\u00f3n que emiten las autoridades de Protecci\u00f3n Civil, en la que se indica la llegada de una nueva masa de aire polar en la madrugada y ma\u00f1ana de este viernes 24 de enero, y considerando los riesgos que se pueden presentar con la presencia de hielo en las vialidades,&#8230;<\/p>\n","protected":false},"author":1,"featured_media":0,"comment_status":"closed","ping_status":"closed","sticky":false,"template":"","format":"standard","meta":{"footnotes":""},"categories":[27,5,9,15,54],"tags":[],"class_list":["post-24356","post","type-post","status-publish","format-standard","hentry","category-clima","category-coahuila","category-educacion","category-gobierno-de-coahuila","category-proteccion-civil","wpcat-27-id","wpcat-5-id","wpcat-9-id","wpcat-15-id","wpcat-54-id"],"_links":{"self":[{"href":"https:\/\/www.aquilaguna.com\/index.php\/wp-json\/wp\/v2\/posts\/24356","targetHints":{"allow":["GET"]}}],"collection":[{"href":"https:\/\/www.aquilaguna.com\/index.php\/wp-json\/wp\/v2\/posts"}],"about":[{"href":"https:\/\/www.aquilaguna.com\/index.php\/wp-json\/wp\/v2\/types\/post"}],"author":[{"embeddable":true,"href":"https:\/\/www.aquilaguna.com\/index.php\/wp-json\/wp\/v2\/users\/1"}],"replies":[{"embeddable":true,"href":"https:\/\/www.aquilaguna.com\/index.php\/wp-json\/wp\/v2\/comments?post=24356"}],"version-history":[{"count":1,"href":"https:\/\/www.aquilaguna.com\/index.php\/wp-json\/wp\/v2\/posts\/24356\/revisions"}],"predecessor-version":[{"id":24357,"href":"https:\/\/www.aquilaguna.com\/index.php\/wp-json\/wp\/v2\/posts\/24356\/revisions\/24357"}],"wp:attachment":[{"href":"https:\/\/www.aquilaguna.com\/index.php\/wp-json\/wp\/v2\/media?parent=24356"}],"wp:term":[{"taxonomy":"category","embeddable":true,"href":"https:\/\/www.aquilaguna.com\/index.php\/wp-json\/wp\/v2\/categories?post=24356"},{"taxonomy":"post_tag","embeddable":true,"href":"https:\/\/www.aquilaguna.com\/index.php\/wp-json\/wp\/v2\/tags?post=24356"}],"curies":[{"name":"wp","href":"https:\/\/api.w.org\/{rel}","templated":true}]}}