{"id":2438,"date":"2021-05-26T13:41:40","date_gmt":"2021-05-26T18:41:40","guid":{"rendered":"https:\/\/www.aquilaguna.com\/?p=2438"},"modified":"2021-05-26T13:41:41","modified_gmt":"2021-05-26T18:41:41","slug":"invita-escuela-superior-de-musica-a-la-presentacion-de-ensambles-de-estudiantes","status":"publish","type":"post","link":"https:\/\/www.aquilaguna.com\/index.php\/2021\/05\/26\/invita-escuela-superior-de-musica-a-la-presentacion-de-ensambles-de-estudiantes\/","title":{"rendered":"Invita Escuela Superior de M\u00fasica a la Presentaci\u00f3n de Ensambles de Estudiantes."},"content":{"rendered":"\n<p>SALTILLO, Coahuila. 26 de mayo de 2021.- La Escuela Superior de M\u00fasica de la<br>Universidad Aut\u00f3noma de Coahuila en colaboraci\u00f3n con la Facultad de M\u00fasica de<br>la Universidad Veracruzana, invitan a la presentaci\u00f3n de Ensambles de<br>Estudiantes que se llevar\u00e1 a cabo el lunes 31 de mayo a las 7 pm, por medio de<br>transmisi\u00f3n en vivo en el canal de Youtube: Cuerpo Acad\u00e9mico FIEM UV-514.<\/p>\n\n\n\n<p>Este proyecto de vinculaci\u00f3n e intercambio acad\u00e9mico, moderado por la<br>acad\u00e9mica del Centro Iniciaci\u00f3n Musical Infantil (CIMI) de la Universidad<br>Veracruzana, \u00c9rica R\u00edos Hern\u00e1ndez, es coordinado por los cuerpos acad\u00e9micos:<\/p>\n\n\n\n<p>&#8220;Divulgaci\u00f3n Cient\u00edfica de la M\u00fasica&#8221; de la Escuela Superior de M\u00fasica de la<br>UAdeC y \u201cFormaci\u00f3n e Investigaci\u00f3n en Educaci\u00f3n Musical&#8221; de la Facultad de<br>M\u00fasica de la UV.<\/p>\n\n\n\n<p>Cuenta con la participaci\u00f3n musical de estudiantes de la m\u00e1xima casa de estudios:<br>Kelvin Ramos, Alejandra Sifuentes, Luis Ram\u00edrez, Debanhi Garc\u00eda, Luis Mel\u00e9ndez,<br>Cinthia G\u00f3mez, Rodrigo Alvarado, Evelin Rocha, Abdiel Tejada, Esdras<br>Hern\u00e1ndez, Guadalupe Arredondo, Leonardo Gonz\u00e1lez, Luis Badillo y Salvador<br>Flores.<\/p>\n\n\n\n<p>As\u00ed como la participaci\u00f3n de alumnas y alumnos de Xalapa, Veracruz: Elizabeth<br>Ochoa, Irving M\u00e9ndez, Julieta Arias, Luis Bautista y Stefany Ochoa; no te pierdas<br>esta transmisi\u00f3n el pr\u00f3ximo lunes 31 de mayo a las 7 pm en:<br><a href=\"https:\/\/www.youtube.com\/channel\/UCHtpv_uXyTxZoF5X1Kcn3Ag\" target=\"_blank\" rel=\"noreferrer noopener\">https:\/\/www.youtube.com\/channel\/UCHtpv_uXyTxZoF5X1Kcn3Ag<\/a>.<\/p>\n\n\n\n<p>La Escuela Superior de M\u00fasica de la UAdeC comprometida socialmente con la<br>creaci\u00f3n, innovaci\u00f3n y difusi\u00f3n del arte musical, promueve actividades<br>extracurriculares que garanticen la formaci\u00f3n integral de sus estudiantes, a trav\u00e9s<br>de la investigaci\u00f3n y extensi\u00f3n de la cultura; para m\u00e1s informaci\u00f3n sobre este y<br>m\u00e1s eventos, visita <a href=\"https:\/\/www.facebook.com\/ESMUAC\" target=\"_blank\" rel=\"noreferrer noopener\">https:\/\/www.facebook.com\/ESMUAC<\/a>.<\/p>\n","protected":false},"excerpt":{"rendered":"<p>SALTILLO, Coahuila. 26 de mayo de 2021.- La Escuela Superior de M\u00fasica de laUniversidad Aut\u00f3noma de Coahuila en colaboraci\u00f3n con la Facultad de M\u00fasica dela Universidad Veracruzana, invitan a la presentaci\u00f3n de Ensambles deEstudiantes que se llevar\u00e1 a cabo el lunes 31 de mayo a las 7 pm, por medio detransmisi\u00f3n en vivo en el canal de Youtube: Cuerpo Acad\u00e9mico FIEM UV-514. Este proyecto de vinculaci\u00f3n e intercambio acad\u00e9mico, moderado&#8230;<\/p>\n","protected":false},"author":1,"featured_media":2439,"comment_status":"closed","ping_status":"closed","sticky":false,"template":"","format":"standard","meta":{"footnotes":""},"categories":[2],"tags":[],"class_list":["post-2438","post","type-post","status-publish","format-standard","has-post-thumbnail","hentry","category-uadec","wpcat-2-id"],"_links":{"self":[{"href":"https:\/\/www.aquilaguna.com\/index.php\/wp-json\/wp\/v2\/posts\/2438","targetHints":{"allow":["GET"]}}],"collection":[{"href":"https:\/\/www.aquilaguna.com\/index.php\/wp-json\/wp\/v2\/posts"}],"about":[{"href":"https:\/\/www.aquilaguna.com\/index.php\/wp-json\/wp\/v2\/types\/post"}],"author":[{"embeddable":true,"href":"https:\/\/www.aquilaguna.com\/index.php\/wp-json\/wp\/v2\/users\/1"}],"replies":[{"embeddable":true,"href":"https:\/\/www.aquilaguna.com\/index.php\/wp-json\/wp\/v2\/comments?post=2438"}],"version-history":[{"count":1,"href":"https:\/\/www.aquilaguna.com\/index.php\/wp-json\/wp\/v2\/posts\/2438\/revisions"}],"predecessor-version":[{"id":2440,"href":"https:\/\/www.aquilaguna.com\/index.php\/wp-json\/wp\/v2\/posts\/2438\/revisions\/2440"}],"wp:featuredmedia":[{"embeddable":true,"href":"https:\/\/www.aquilaguna.com\/index.php\/wp-json\/wp\/v2\/media\/2439"}],"wp:attachment":[{"href":"https:\/\/www.aquilaguna.com\/index.php\/wp-json\/wp\/v2\/media?parent=2438"}],"wp:term":[{"taxonomy":"category","embeddable":true,"href":"https:\/\/www.aquilaguna.com\/index.php\/wp-json\/wp\/v2\/categories?post=2438"},{"taxonomy":"post_tag","embeddable":true,"href":"https:\/\/www.aquilaguna.com\/index.php\/wp-json\/wp\/v2\/tags?post=2438"}],"curies":[{"name":"wp","href":"https:\/\/api.w.org\/{rel}","templated":true}]}}