{"id":24400,"date":"2025-01-27T20:55:17","date_gmt":"2025-01-28T02:55:17","guid":{"rendered":"https:\/\/www.aquilaguna.com\/?p=24400"},"modified":"2025-01-27T20:55:17","modified_gmt":"2025-01-28T02:55:17","slug":"gobernador-manolo-jimenez-salinas-reitera-su-compromiso-con-coahuila-de-cara-el-proceso-de-renovacion-del-poder-judicial","status":"publish","type":"post","link":"https:\/\/www.aquilaguna.com\/index.php\/2025\/01\/27\/gobernador-manolo-jimenez-salinas-reitera-su-compromiso-con-coahuila-de-cara-el-proceso-de-renovacion-del-poder-judicial\/","title":{"rendered":"Gobernador Manolo Jim\u00e9nez Salinas, reitera su compromiso con Coahuila, de cara el proceso de renovaci\u00f3n del Poder Judicial."},"content":{"rendered":"\n<p>Torre\u00f3n, Coahuila.- En su intervenci\u00f3n\u00a0 con la que se cerr\u00f3 el acto en el que el Magistrado Miguel Mery Ayup present\u00f3 su Informe de actividades al frente\u00a0 del Poder Judicial en Coahuila \u00a0 y que calificara como &#8220;hist\u00f3rico&#8221;, por ser la primera ocasi\u00f3n que\u00a0 se desarrolla en Torre\u00f3n, pudiera ser el\u00a0 \u00faltimo tal y como\u00a0 se constituy\u00f3, toda vez que este a\u00f1o y el siguiente\u00a0 se realizar\u00e1\u00a0 la integraci\u00f3n de sus\u00a0 miembros \u00a0 a trav\u00e9s de procesos in\u00e9ditos de\u00a0 reclutamiento y selecci\u00f3n, que incluye una fase final de elecci\u00f3n universal y directa.<\/p>\n\n\n\n<p>Tras los saludos y bienvenida a la audiencia \u00a0 integrada por profesionales\u00a0 del Derecho, funcionarios e\u00a0 integrantes\u00a0 del Poder Judicial\u00a0 en pleno, as\u00ed como magistrados federales, alcaldes, ex alcaldes y\u00a0 el ex gobernador Enrique Mart\u00ednez y Mart\u00ednez, autoridades\u00a0 militares, dirigentes empresariales, grupos estudiantiles reunidos\u00a0 bajo la Velaria\u00a0 del Centro de Convenciones de esta ciudad.\u00a0\u00a0<\/p>\n\n\n\n<p>El gobernante felicita los miembros del Poder Judicial, ah\u00ed presentes, por ese\u00a0 gran trabajo y los exhort\u00f3\u00a0 a socializarlo, citando luego que &#8220;las comparaciones son odiosas, pero a veces, son necesarias para saber donde estamos parados&#8221;.<\/p>\n\n\n\n<p>&#8220;El trabajo que se hace por parte del Poder\u00a0 Judicial en Coahuila, es muy positivo, obviamente hay \u00e1reas de oportunidad, siempre va\u00a0 a haberlas, pero en comparaci\u00f3n con lo que se trabaja a nivel nacional, tenemos buenos indicadores&#8221;.<\/p>\n\n\n\n<p>Reiter\u00f3 sus felicitaciones a\u00a0 los integrantes del poder judicial de Coahuila, &#8220;trabajo que es muy importante, pues tener buenos resultados, un poder judicial fuerte,\u00a0 apoyan al fortalecimiento de\u00a0la gobernabilidad\u00a0 y el Estado de Derecho que tenemos aqu\u00ed en Coahuila&#8221;.<\/p>\n\n\n\n<p>Esto, dijo, &#8220;repercute \u00a0 o impacta\u00a0 positivamente\u00a0 en temas importantes\u00a0 para nuestra gente como lo es, el desarrollo econ\u00f3mico, como lo son las inversiones&#8221;.\u00a0<\/p>\n\n\n\n<p>&#8220;Uno de los pilares que inciden entre los que deciden\u00a0 invertir en nuestro Estado, es la certeza jur\u00eddica,\u00a0 y te lo dicen inversionistas nacionales y extranjeros, y que solo \u00a0 el a\u00f1o pasado invirtieron en Coahuila 96 mil millones de pesos, y esto ayud\u00f3\u00a0 para que al final, en equipo con la iniciativa privada 30 mil nuevos empleos, y esto significa \u00a0 prosperidad\u00a0 para nuestra gente eso de suma importancia tener un poder judicial que de garant\u00edas a los inversionistas&#8221;.<\/p>\n\n\n\n<p>&#8220;Otro\u00a0 punto que impacta positivamente en nuestro Estado el que tengamos un poder judicial fuerte y bien organizado, es en el tema de la seguridad&#8221;.<\/p>\n\n\n\n<p>&#8220;Yo pienso que el tema de seguridad, es posiblemente para nuestra gente es el m\u00e1s importante y m\u00e1s cuando voltea y se ve lo que esta pasando en otros Estados&#8221;.<\/p>\n\n\n\n<p>&#8220;Ah\u00ed es cuando todav\u00eda valoramos m\u00e1s el tema de seguridad, porque a veces lo normalizamos y creemos que sea normal que en Coahuila vivamos seguros y en paz y detr\u00e1s de eso, hay un gran esfuerzo, mucho trabajo,\u00a0 hay una voluntad total de querer entrar al tema&#8221;.<\/p>\n\n\n\n<p>&#8220;Y eso, es lo que\u00a0 distingue a Coahuila. Aqu\u00ed, todas las instituciones relacionadas con el tema de seguridad le entramos\u00a0 le entramos de frente, le entramos con todo&#8221;.<\/p>\n\n\n\n<p>&#8220;Y una de esas instituciones es el Poder Judicial, donde si bien nos representamos por la autonom\u00eda que tenemos cada una de las instituciones, hay un trabajo coordinando total, hay una total coordinaci\u00f3n con la fiscal\u00eda y las fuerzas armadas&#8221;.<\/p>\n\n\n\n<p>&#8220;En el tema de seguridad estamos todos juntos, embonados y jalando todos para un mismo lado&#8221;.<\/p>\n\n\n\n<p>&#8220;Hoy los delitos de alto impacto que hemos tenido en Coahuila,\u00a0 el a\u00f1o 2024, fue el a\u00f1o con menos homicidios en nuestro Estado desde que existe la medici\u00f3n, all\u00e1 por el 2010&#8221;.\u00a0<\/p>\n\n\n\n<p>&#8220;De estos homicidios del 2024, pr\u00e1cticamente el 85% est\u00e1n resueltos,\u00a0 ya sea en proceso\u00a0 o ya con la sentencia, siendo el promedio nacional en en este tema, debajo del 50%&#8221;.<\/p>\n\n\n\n<p>&#8220;Trabajamos en otros temas\u00a0 como es el de cuidar a nuestras mujeres,  por primera vez se creo la Fiscal\u00eda\u00a0 de las\u00a0 Mujeres&#8221;.<\/p>\n\n\n\n<p>&#8220;Traemos proyectos\u00a0 sociales con Mejora Coahuila,\u00a0 y bueno de esta manera se\u00a0 socializa, se acerca la justicia a las colonias barrios y ejidos&#8221;.<\/p>\n\n\n\n<p>&#8220;Finalmente\u00a0 el 2024\u00a0 fue un a\u00f1o de cambios\u00a0 de sorpresas en\u00a0 materia judicial, con una nueva reforma judicial. En el caso de Coahuila tonamos\u00a0 con institucionalidad, pues hay ya una reforma Constitucional&#8221;.\u00a0<\/p>\n\n\n\n<p>&#8220;Aqu\u00ed lo que\u00a0 hicimos fue homologamos\u00a0 de manera responsable\u00a0 y nos coordinamos\u00a0 con el Poder Judicial, el Legislativo y el Ejecutivo\u00a0 para hacer una reforma, una ruta que garantizara que el Poder Judicial se fortaleciera y se\u00a0 fortaleci\u00f3&#8221;.<\/p>\n\n\n\n<p>&#8220;Aqu\u00ed en Coahuila decidimos hacerlo de manera responsable\u00a0 donde habr\u00e1 elecciones\u00a0 en junio y habr\u00e1\u00a0 una nueva integraci\u00f3n\u00a0 del Poder Judicial\u00a0 a partir de agosto del 2025&#8221;.<\/p>\n\n\n\n<p>&#8220;Reiteramos\u00a0 nuestro compromiso\u00a0 de trabajar con responsabilidad, se van a hacer las cosas bien\u00a0 que todo lo que hagamos sea\u00a0 para el bien de Coahuila&#8221;.<\/p>\n\n\n\n<p>Asegur\u00f3 que adem\u00e1s &#8220;hay coordinaci\u00f3n y respeto entre los Poderes del Estado y eso garantiza que lo hagamos lo vamos a hacer bien para que cada d\u00eda entre todos\u00a0 y todas, podamos ir mejorando las vidas de nuestra gente, por ello el d\u00eda de hoy reiteramos el compromiso de seguir cuidando nuestra casa, nuestro hogar que se llama Coahuila&#8221;.<\/p>\n","protected":false},"excerpt":{"rendered":"<p>Torre\u00f3n, Coahuila.- En su intervenci\u00f3n\u00a0 con la que se cerr\u00f3 el acto en el que el Magistrado Miguel Mery Ayup present\u00f3 su Informe de actividades al frente\u00a0 del Poder Judicial en Coahuila \u00a0 y que calificara como &#8220;hist\u00f3rico&#8221;, por ser la primera ocasi\u00f3n que\u00a0 se desarrolla en Torre\u00f3n, pudiera ser el\u00a0 \u00faltimo tal y como\u00a0 se constituy\u00f3, toda vez que este a\u00f1o y el siguiente\u00a0 se realizar\u00e1\u00a0 la integraci\u00f3n de&#8230;<\/p>\n","protected":false},"author":2,"featured_media":0,"comment_status":"closed","ping_status":"closed","sticky":false,"template":"","format":"standard","meta":{"footnotes":""},"categories":[5,15,102],"tags":[],"class_list":["post-24400","post","type-post","status-publish","format-standard","hentry","category-coahuila","category-gobierno-de-coahuila","category-poder-judicial","wpcat-5-id","wpcat-15-id","wpcat-102-id"],"_links":{"self":[{"href":"https:\/\/www.aquilaguna.com\/index.php\/wp-json\/wp\/v2\/posts\/24400","targetHints":{"allow":["GET"]}}],"collection":[{"href":"https:\/\/www.aquilaguna.com\/index.php\/wp-json\/wp\/v2\/posts"}],"about":[{"href":"https:\/\/www.aquilaguna.com\/index.php\/wp-json\/wp\/v2\/types\/post"}],"author":[{"embeddable":true,"href":"https:\/\/www.aquilaguna.com\/index.php\/wp-json\/wp\/v2\/users\/2"}],"replies":[{"embeddable":true,"href":"https:\/\/www.aquilaguna.com\/index.php\/wp-json\/wp\/v2\/comments?post=24400"}],"version-history":[{"count":1,"href":"https:\/\/www.aquilaguna.com\/index.php\/wp-json\/wp\/v2\/posts\/24400\/revisions"}],"predecessor-version":[{"id":24401,"href":"https:\/\/www.aquilaguna.com\/index.php\/wp-json\/wp\/v2\/posts\/24400\/revisions\/24401"}],"wp:attachment":[{"href":"https:\/\/www.aquilaguna.com\/index.php\/wp-json\/wp\/v2\/media?parent=24400"}],"wp:term":[{"taxonomy":"category","embeddable":true,"href":"https:\/\/www.aquilaguna.com\/index.php\/wp-json\/wp\/v2\/categories?post=24400"},{"taxonomy":"post_tag","embeddable":true,"href":"https:\/\/www.aquilaguna.com\/index.php\/wp-json\/wp\/v2\/tags?post=24400"}],"curies":[{"name":"wp","href":"https:\/\/api.w.org\/{rel}","templated":true}]}}