{"id":24423,"date":"2025-01-29T20:00:21","date_gmt":"2025-01-30T02:00:21","guid":{"rendered":"https:\/\/www.aquilaguna.com\/?p=24423"},"modified":"2025-01-29T20:00:23","modified_gmt":"2025-01-30T02:00:23","slug":"roman-alberto-cepeda-gonzalez-inaugura-el-primer-encuentro-nacional-lechero-2025","status":"publish","type":"post","link":"https:\/\/www.aquilaguna.com\/index.php\/2025\/01\/29\/roman-alberto-cepeda-gonzalez-inaugura-el-primer-encuentro-nacional-lechero-2025\/","title":{"rendered":"Rom\u00e1n Alberto Cepeda Gonz\u00e1lez inaugura el primer \u201cEncuentro Nacional Lechero 2025\u201d."},"content":{"rendered":"\n<p>Torre\u00f3n, Coahuila. A 29 de enero de 2025.<\/p>\n\n\n\n<p>Esta ma\u00f1ana, el alcalde Rom\u00e1n Alberto Cepeda Gonz\u00e1lez inaugur\u00f3 el primer<br>\u201cEncuentro Nacional Lechero 2025\u201d, convocado por la Asociaci\u00f3n Mexicana de<br>Productores de Leche (AMLAC), y el Consejo de Exportaci\u00f3n de Soya de Estados<br>Unidos (USSEC).<\/p>\n\n\n\n<p>El evento que tiene como sede el Centro de Convenciones de Torre\u00f3n, es un<br>espacio que re\u00fane a los l\u00edderes del sector lechero y a ponentes de nivel<br>internacional, que abordar\u00e1n durante dos d\u00edas temas como la producci\u00f3n, el<br>bienestar animal y la innovaci\u00f3n tecnol\u00f3gica.<\/p>\n\n\n\n<p>En su mensaje, el Presidente Municipal felicit\u00f3 a los miembros de AMLAC y<br>USSEC, por este Encuentro Nacional en el que, a trav\u00e9s de la instalaci\u00f3n de los<br>distintos paneles y actividades, se busca impulsar el desarrollo de la red de valor<br>de la leche en M\u00e9xico, y reconoci\u00f3 el trabajo del sector agroalimentario.<\/p>\n\n\n\n<p>\u201cSomos una ciudad que tenemos 117 a\u00f1os de antig\u00fcedad, y el origen de Torre\u00f3n<br>tiene que ver con el sector agroalimentario, tanto agr\u00edcola como principalmente<br>ganadero. Esta es una de las concentraciones lecheras por kil\u00f3metro cuadrado<br>m\u00e1s grande del mundo, y el intercambio de experiencias, de conocimientos y de<br>capacitaci\u00f3n, que es el fondo de esta gran convenci\u00f3n, ser\u00e1n parte fundamental<br>para encontrar el destino actual y el futuro de este importante sector\u201d, manifest\u00f3.<\/p>\n\n\n\n<p>El Alcalde expres\u00f3 su reconocimiento a los productores del sector agroalimentario<br>del pa\u00eds, y dijo que es un trabajo que debe privilegiarse y exponerse en otros<br>foros, por lo que les reiter\u00f3 su apoyo.<\/p>\n\n\n\n<p>\u201cComo ex secretario de Fomento Agropecuario del Estado, como ex delegado<br>Federal y actualmente como Alcalde, tienen todo nuestro reconocimiento y el de<br>una sociedad que puede prescindir de cualquier otra cosa, pero nunca de la<br>alimentaci\u00f3n. Tengan la certeza que desde esta trinchera que nos toca hoy<br>presidir, y como lo est\u00e1 haciendo el gobernador Manolo Jim\u00e9nez, vamos a seguir<br>generando las condiciones para que este tipo de encuentros se sigan llevando a<br>cabo en todo el pa\u00eds\u201d, asegur\u00f3 el edil.<\/p>\n\n\n\n<p>Cepeda Gonz\u00e1lez destac\u00f3 tambi\u00e9n las condiciones de seguridad y de certeza que<br>ofrecen Torre\u00f3n y Coahuila, para realizar este tipo de eventos, al ser la tercera<br>ciudad y uno de los tres estados m\u00e1s seguros del pa\u00eds.<\/p>\n\n\n\n<p>Dijo que se seguir\u00e1 trabajando de manera coordinada y conjunta para que cada<br>productor desde cualquier trinchera, pueda seguir produciendo desde aqu\u00ed y en<br>todo en el pa\u00eds con toda tranquilidad y ejerciendo una actividad que trae la<br>satisfacci\u00f3n de poder llevar el alimento a todos los hogares de Torre\u00f3n, Coahuila,<br>M\u00e9xico y a otras partes del mundo, por el intercambio comercial.<\/p>\n\n\n\n<p>El presidente de la Asociaci\u00f3n Mexicana de Productores de Leche (AMLAC),<br>Ricardo Alberto Vald\u00e9s Quintanilla, manifest\u00f3 su orgullo por elegir a la Comarca<br>Lagunera, la cuenca lechera m\u00e1s importante del pa\u00eds, como sede del primer<br>Encuentro Nacional.<\/p>\n\n\n\n<p>\u201cEn dos d\u00edas abordaremos una agenda que incluye temas relacionados con la<br>visi\u00f3n global de la lecher\u00eda, producci\u00f3n sostenible, estrategias de alimentaci\u00f3n,<br>mejoramiento gen\u00e9tico, y tendremos la oportunidad de dialogar con nuestros<br>hom\u00f3logos de centro y Sudam\u00e9rica sobre oportunidades y retos de nuestro<br>sector\u201d, detall\u00f3.<\/p>\n\n\n\n<p>Destac\u00f3 la presencia al foro por parte de autoridades municipales, estatales y<br>legisladores, porque dijo, la soberan\u00eda alimentaria y la fortaleza de las actividades<br>pecuarias tambi\u00e9n pasa por el apoyo y coordinaci\u00f3n con quienes hacen las leyes,<br>aprueban presupuestos y ejecutan la pol\u00edtica p\u00fablica.<\/p>\n\n\n\n<p>Por su parte, Carlos Salinas, director regional de las Am\u00e9ricas del Consejo de<br>Exportaci\u00f3n de Soya de EE. UU. (USSEC), se\u00f1al\u00f3 que el evento en Torre\u00f3n es<br>extremadamente importante en el sector lechero de M\u00e9xico, pero tambi\u00e9n es un<br>evento internacional porque se cuenta con la presencia de participantes de<br>diferentes partes de M\u00e9xico y del mundo como Colombia, Costa Rica y Estados<br>Unidos.<\/p>\n\n\n\n<p>Adem\u00e1s, Carlos Pe\u00f1a, representante para Am\u00e9rica Latina de la Agencia de<br>Exportaci\u00f3n de Gen\u00e9tica Ganadera de los Estados Unidos (USLGE), mencion\u00f3<br>que la colaboraci\u00f3n en este tipo de espacios, permite estar en contacto con m\u00e1s<br>personas que los apoyan a lograr sus objetivos de producci\u00f3n para atender las<br>demandas de producci\u00f3n de los pr\u00f3ximos 20 a 30 a\u00f1os.<\/p>\n\n\n\n<p>Posterior a la inauguraci\u00f3n, el Alcalde y las autoridades dieron un recorrido por la<br>exposici\u00f3n comercial.<\/p>\n\n\n\n<p>Estuvieron presentes tambi\u00e9n: Pedro D\u00edaz Jer\u00f3nimo, Director General Adjunto de<br>FIRA, Fideicomisos Instituidos en Relaci\u00f3n con la Agricultura; Diputada Leticia<br>Barrera Maldonado, presidenta de la Comisi\u00f3n de Desarrollo y Conservaci\u00f3n<br>Rural, Agr\u00edcola y Autosuficiencia Alimentaria; Diputada Cinthia Cuevas S\u00e1nchez,<br>Integrante de la Comisi\u00f3n de Recursos Hidr\u00e1ulicos, Agua Potable y Saneamiento;<br>Homero Garc\u00eda de la Llata, presidente de la Confederaci\u00f3n Nacional de<br>Organizaciones Ganaderas (CNOG); Laura Arvizu Tovar, presidenta de la<br>Federaci\u00f3n de Colegios y Asociaciones de M\u00e9dicos Veterinarios Zootecnistas de<br>M\u00e9xico (FEDMVZ); Ricardo Villavicencio Contreras, presidente de la C\u00e1mara<br>Nacional de Industriales de la Leche; Luis Fernando Haro Encinas, director<br>general del Consejo Nacional Agropecuario; Alejandro Estrada Attolini, secretario<br>de la Uni\u00f3n Ganadera regional de La Laguna; Juan Pablo Urraza Guerrero,<br>Subsecretario de Desarrollo Rural en la Laguna, en el Edo. de Coahuila; y Miguel<br>\u00c1ngel Soto Rodr\u00edguez, subsecretario de Ganader\u00eda en Durango.<\/p>\n","protected":false},"excerpt":{"rendered":"<p>Torre\u00f3n, Coahuila. A 29 de enero de 2025. Esta ma\u00f1ana, el alcalde Rom\u00e1n Alberto Cepeda Gonz\u00e1lez inaugur\u00f3 el primer\u201cEncuentro Nacional Lechero 2025\u201d, convocado por la Asociaci\u00f3n Mexicana deProductores de Leche (AMLAC), y el Consejo de Exportaci\u00f3n de Soya de EstadosUnidos (USSEC). El evento que tiene como sede el Centro de Convenciones de Torre\u00f3n, es unespacio que re\u00fane a los l\u00edderes del sector lechero y a ponentes de nivelinternacional, que abordar\u00e1n&#8230;<\/p>\n","protected":false},"author":1,"featured_media":24424,"comment_status":"closed","ping_status":"closed","sticky":false,"template":"","format":"standard","meta":{"footnotes":""},"categories":[5,28,7],"tags":[],"class_list":["post-24423","post","type-post","status-publish","format-standard","has-post-thumbnail","hentry","category-coahuila","category-la-laguna","category-torreon","wpcat-5-id","wpcat-28-id","wpcat-7-id"],"_links":{"self":[{"href":"https:\/\/www.aquilaguna.com\/index.php\/wp-json\/wp\/v2\/posts\/24423","targetHints":{"allow":["GET"]}}],"collection":[{"href":"https:\/\/www.aquilaguna.com\/index.php\/wp-json\/wp\/v2\/posts"}],"about":[{"href":"https:\/\/www.aquilaguna.com\/index.php\/wp-json\/wp\/v2\/types\/post"}],"author":[{"embeddable":true,"href":"https:\/\/www.aquilaguna.com\/index.php\/wp-json\/wp\/v2\/users\/1"}],"replies":[{"embeddable":true,"href":"https:\/\/www.aquilaguna.com\/index.php\/wp-json\/wp\/v2\/comments?post=24423"}],"version-history":[{"count":1,"href":"https:\/\/www.aquilaguna.com\/index.php\/wp-json\/wp\/v2\/posts\/24423\/revisions"}],"predecessor-version":[{"id":24425,"href":"https:\/\/www.aquilaguna.com\/index.php\/wp-json\/wp\/v2\/posts\/24423\/revisions\/24425"}],"wp:featuredmedia":[{"embeddable":true,"href":"https:\/\/www.aquilaguna.com\/index.php\/wp-json\/wp\/v2\/media\/24424"}],"wp:attachment":[{"href":"https:\/\/www.aquilaguna.com\/index.php\/wp-json\/wp\/v2\/media?parent=24423"}],"wp:term":[{"taxonomy":"category","embeddable":true,"href":"https:\/\/www.aquilaguna.com\/index.php\/wp-json\/wp\/v2\/categories?post=24423"},{"taxonomy":"post_tag","embeddable":true,"href":"https:\/\/www.aquilaguna.com\/index.php\/wp-json\/wp\/v2\/tags?post=24423"}],"curies":[{"name":"wp","href":"https:\/\/api.w.org\/{rel}","templated":true}]}}