{"id":24464,"date":"2025-01-31T20:04:38","date_gmt":"2025-02-01T02:04:38","guid":{"rendered":"https:\/\/www.aquilaguna.com\/?p=24464"},"modified":"2025-01-31T20:04:38","modified_gmt":"2025-02-01T02:04:38","slug":"realizan-senalamientos-a-finanzas-de-torreon-en-junta-de-cabildo","status":"publish","type":"post","link":"https:\/\/www.aquilaguna.com\/index.php\/2025\/01\/31\/realizan-senalamientos-a-finanzas-de-torreon-en-junta-de-cabildo\/","title":{"rendered":"Realizan se\u00f1alamientos a finanzas de Torre\u00f3n en junta de cabildo."},"content":{"rendered":"\n<p>Torre\u00f3n, Coahuila.- La sindica de minor\u00eda,\u00a0 Mar\u00eda del Socorro\u00a0 Aguilar P\u00e9rez\u00a0 gener\u00f3 con sus se\u00f1alamientos\u00a0 en torno a las finanzas y de los\u00a0 servicios que presta la naciente administraci\u00f3n municipal\u00a0 de la que forma pare \u00a0 como oposici\u00f3n,\u00a0 un desencuentro con el resto de los miembros en tal cuerpo edilicio\u00a0 que preside el Licenciado Rom\u00e1n Alberto Cepeda Gonz\u00e1lez\u00a0 durante el desarrollo\u00a0 de la orden del d\u00eda, de la tercera Sesi\u00f3n Ordinaria\u00a0 \u00a0 de ese\u00a0 cuerpo colegiado celebrado este d\u00eda.<\/p>\n\n\n\n<p>Lo anterior cuando apenas en\u00a0 el IV punto de la Orden del d\u00eda se hab\u00eda agotado tras \u00a0 la protesta de rigor, el ciudadano Ra\u00fal Alejandro Garza del Valle, como s\u00e9ptimo regidor, por\u00a0 designaci\u00f3n\u00a0 directa del Congreso del Estado, en sustituci\u00f3n del defenestrado \u00a0 profesor Mario Cepeda Ram\u00edrez, titular de cargo quien\u00a0 enfrenta un singular proceso judicial en su contra.\u00a0<\/p>\n\n\n\n<p>\u00c9ste acto\u00a0 que marco el inicio\u00a0 de la\u00a0 Sesi\u00f3n citada, con la presencia de lideres y lideresas\u00a0 de diversos puntos de la ciudad, que se manifestaron a favor del nuevo integrante del Cabildo con aplausos y porras a favor, lo que gener\u00f3 mas adelante, se\u00f1alamiento por parte del regidor por el PT, Luis Alberto Ruiz Zorrilla.\u00a0<\/p>\n\n\n\n<p>Abri\u00f3 las participaciones, la sindica de minor\u00eda, de MORENA,\u00a0 luego de proponerse\u00a0 para su aprobaci\u00f3n el dictamen emitido por la Comisi\u00f3n de Hacienda Patrimonio y\u00a0 Cuenta P\u00fablica -de la que ella misma forma parte-,\u00a0 el Estado Financiero que correspondi\u00f3 al mes de diciembre del ejercicio\u00a0 Fiscal 2024.<\/p>\n\n\n\n<p>Sin pre\u00e1mbulo, la citada Sindica se\u00f1al\u00f3 \u00a0&#8220;las deficiencias\u00a0 en los servicios p\u00fablicos y seguridad,\u00a0 \u00a0 y  un manejo financiero que deja mucho que desear&#8221;.<\/p>\n\n\n\n<p>\u00a0Y en cuanto a la transparencia, que calific\u00f3 como la eterna promesa de la administraci\u00f3n p\u00fablica, una transparencia que solo existe en discursos enf\u00e1ticos pero que en la pr\u00e1ctica se deshace ante contratos &#8220;adjudicados a modo&#8221; gastos inflados y una falta absoluta de fiscalizaci\u00f3n real.<\/p>\n\n\n\n<p>Pero, no nos preocupemos\u00a0 dijo, &#8220;probablemente\u00a0 nos dir\u00e1n\u00a0 que todo se encuentra en orden, que los n\u00fameros cuadran, y que aqu\u00ed, no pasa nada&#8221;.<\/p>\n\n\n\n<p>No podemos, afirm\u00f3,\u00a0 &#8220;seguir validando informes, que parecen dise\u00f1ados m\u00e1s para encubrir que para informar. No podemos seguir fingiendo que ese ejercicio de glosa es algo m\u00e1s\u00a0 que una farsa, un mero tr\u00e1mite dise\u00f1ado para legitimar decisiones que no representan ni benefician a la ciudadan\u00eda&#8221;.<\/p>\n\n\n\n<p>Por eso, &#8220;con total convicci\u00f3n, y un profundo sentido de responsabilidad mi voto es en sentido negativo ante este dictamen exijo que se haga una revisi\u00f3n real, exhaustiva de los recursos p\u00fablicos. Los ciudadanos de Torre\u00f3n no merecen otro a\u00f1o de\u00a0 cuentas alegres y falsas promesas. Merecen respuestas y acciones concretas&#8221;, siendo\u00a0 interrumpida su participaci\u00f3n por voz del Secretario del Ayuntamiento\u00a0 Jos\u00e9 Ganem \u00a0 bajo la justificaci\u00f3n que &#8220;hab\u00eda agotado su tiempo&#8221;.<\/p>\n\n\n\n<p>Y\u00a0 ante tan\u00a0 inesperada irrupci\u00f3n de la s\u00edndica de Minor\u00eda, se generaran las\u00a0 respuestas\u00a0 de parte de sus pares ah\u00ed presentes, bien rechazando sus dichos\u00a0 y\u00a0 condenando\u00a0 la supuesta ideologizaci\u00f3n o\u00a0 partidizaci\u00f3n de tal acci\u00f3n, que sum\u00f3 a un primer regidor\u00a0 los priistas\u00a0 Luis Jorge Cuerda Serna, a la sindica de Mayor\u00eda, Licenciada Natalia Guadalupe Fern\u00e1ndez Mart\u00ednez, a un\u00a0 panista, Sergio Lara Galv\u00e1n, por m\u00e1s y que\u00a0 expresaran que estaban m\u00e1s all\u00e1 de los partidos, y que est\u00e1n al servicio de los torreonenses, pues las finanzas de Torre\u00f3n reflejan responsabilidad, transparencia y eficiencia de acuerdo a revisiones del ICAI.<\/p>\n\n\n\n<p>Algunos fueron m\u00e1s all\u00e1 en sus argumentos atrayendo\u00a0 a su defensa argumentos, entre otros de &#8220;me extra\u00f1a sobremanera el tema de la inseguridad, cuando el pa\u00eds arde y Torre\u00f3n sigue entre los primeros municipios en cuesti\u00f3n de seguridad&#8221;, destacado que en esa parte se sigue trabajando, &#8220;se siguen invirtiendo de manera responsable, importante, como\u00a0 uno\u00a0 de los cuatro municipios que as\u00ed invierten\u00a0 en relaci\u00f3n a sus ingresos y hoy analizamos n\u00fameros no analizando las circunstancias&#8221;, para pasar a  votaci\u00f3n, donde en el Dict\u00e1men que gener\u00f3 el\u00a0 singular e in\u00e9dito\u00a0 desencuentro, no registrado en ocasi\u00f3n alguna\u00a0 durante la pasada administraci\u00f3n, que tambi\u00e9n cont\u00f3 con bancada morenista en su Cabildo que se gano\u00a0 con honores, el mote de &#8220;los monosabios&#8221;.<\/p>\n\n\n\n<p>Finalmente, el desencuentro\u00a0 termin\u00f3 en &#8220;aguas de borrajas&#8221;, toda vez que sometido a votaci\u00f3n la aplanadora\u00a0 termin\u00f3 aprob\u00e1ndolo por mayor\u00eda.<\/p>\n","protected":false},"excerpt":{"rendered":"<p>Torre\u00f3n, Coahuila.- La sindica de minor\u00eda,\u00a0 Mar\u00eda del Socorro\u00a0 Aguilar P\u00e9rez\u00a0 gener\u00f3 con sus se\u00f1alamientos\u00a0 en torno a las finanzas y de los\u00a0 servicios que presta la naciente administraci\u00f3n municipal\u00a0 de la que forma pare \u00a0 como oposici\u00f3n,\u00a0 un desencuentro con el resto de los miembros en tal cuerpo edilicio\u00a0 que preside el Licenciado Rom\u00e1n Alberto Cepeda Gonz\u00e1lez\u00a0 durante el desarrollo\u00a0 de la orden del d\u00eda, de la tercera Sesi\u00f3n&#8230;<\/p>\n","protected":false},"author":2,"featured_media":0,"comment_status":"closed","ping_status":"closed","sticky":false,"template":"","format":"standard","meta":{"footnotes":""},"categories":[5,28,7],"tags":[],"class_list":["post-24464","post","type-post","status-publish","format-standard","hentry","category-coahuila","category-la-laguna","category-torreon","wpcat-5-id","wpcat-28-id","wpcat-7-id"],"_links":{"self":[{"href":"https:\/\/www.aquilaguna.com\/index.php\/wp-json\/wp\/v2\/posts\/24464","targetHints":{"allow":["GET"]}}],"collection":[{"href":"https:\/\/www.aquilaguna.com\/index.php\/wp-json\/wp\/v2\/posts"}],"about":[{"href":"https:\/\/www.aquilaguna.com\/index.php\/wp-json\/wp\/v2\/types\/post"}],"author":[{"embeddable":true,"href":"https:\/\/www.aquilaguna.com\/index.php\/wp-json\/wp\/v2\/users\/2"}],"replies":[{"embeddable":true,"href":"https:\/\/www.aquilaguna.com\/index.php\/wp-json\/wp\/v2\/comments?post=24464"}],"version-history":[{"count":1,"href":"https:\/\/www.aquilaguna.com\/index.php\/wp-json\/wp\/v2\/posts\/24464\/revisions"}],"predecessor-version":[{"id":24465,"href":"https:\/\/www.aquilaguna.com\/index.php\/wp-json\/wp\/v2\/posts\/24464\/revisions\/24465"}],"wp:attachment":[{"href":"https:\/\/www.aquilaguna.com\/index.php\/wp-json\/wp\/v2\/media?parent=24464"}],"wp:term":[{"taxonomy":"category","embeddable":true,"href":"https:\/\/www.aquilaguna.com\/index.php\/wp-json\/wp\/v2\/categories?post=24464"},{"taxonomy":"post_tag","embeddable":true,"href":"https:\/\/www.aquilaguna.com\/index.php\/wp-json\/wp\/v2\/tags?post=24464"}],"curies":[{"name":"wp","href":"https:\/\/api.w.org\/{rel}","templated":true}]}}