{"id":24469,"date":"2025-02-03T08:30:41","date_gmt":"2025-02-03T14:30:41","guid":{"rendered":"https:\/\/www.aquilaguna.com\/?p=24469"},"modified":"2025-02-03T08:30:41","modified_gmt":"2025-02-03T14:30:41","slug":"trabajando-con-voluntad-y-coordinacion-logramos-buenos-indicadores-en-seguridad-manolo","status":"publish","type":"post","link":"https:\/\/www.aquilaguna.com\/index.php\/2025\/02\/03\/trabajando-con-voluntad-y-coordinacion-logramos-buenos-indicadores-en-seguridad-manolo\/","title":{"rendered":"TRABAJANDO CON VOLUNTAD Y COORDINACI\u00d3N LOGRAMOS BUENOS INDICADORES EN SEGURIDAD: MANOLO."},"content":{"rendered":"\n<ul class=\"wp-block-list\">\n<li>El 2024 fue el a\u00f1o de menor incidencia delictiva en los \u00faltimos 18 a\u00f1os, destacando la coordinaci\u00f3n de autoridades en materia de seguridad en los tres \u00f3rdenes de gobierno<\/li>\n<\/ul>\n\n\n\n<p>Saltillo, Coahuila de Zaragoza. 02 de febrero de 2025.- El Gobernador de Coahuila, Manolo Jim\u00e9nez Salinas, destac\u00f3 la coordinaci\u00f3n de las fuerzas de seguridad del estado con las fuerzas federales lo que ha impactado en un menor n\u00famero de homicidios durante el 2024.<\/p>\n\n\n\n<p>El mandatario estatal destac\u00f3 a Saltillo como la capital m\u00e1s segura del pa\u00eds, a Piedras Negras como la segunda ciudad m\u00e1s segura a nivel nacional y a Torre\u00f3n ubicada dentro del TOP 15 de las ciudades mejor evaluadas en cuanto a percepci\u00f3n de seguridad, esto seg\u00fan los resultados publicados bajo la Encuesta Nacional de Seguridad P\u00fablica Urbana (ENSU).<\/p>\n\n\n\n<p>En las reuniones de seguridad que se realizan tanto semanalmente como mensual, esta \u00faltima encabezada por el titular del Poder Ejecutivo Estatal, se resalt\u00f3 que el primer a\u00f1o de administraci\u00f3n de Manolo Jim\u00e9nez Salinas se obtuvo la menor incidencia delictiva en los \u00faltimos 18 a\u00f1os.<\/p>\n\n\n\n<p>Estos resultados son producto de un trabajo coordinado con la Polic\u00eda Estatal, Agencia de Investigaci\u00f3n Criminal, Ej\u00e9rcito Mexicano, Guardia Nacional, Marina, as\u00ed como las corporaciones municipales.<\/p>\n\n\n\n<p>El Gobernador indic\u00f3 que esta coordinaci\u00f3n se realiza en intercambio de informaci\u00f3n, patrullaje en conjunto, revisi\u00f3n de brechas y an\u00e1lisis del trabajo de campo.<\/p>\n\n\n\n<p>Todas estas acciones tienen el seguimiento puntual de la Secretar\u00eda de Seguridad P\u00fablica como de la Fiscal\u00eda General del Estado.<\/p>\n\n\n\n<p>Manolo Jim\u00e9nez reiter\u00f3 su compromiso de mantener un Coahuila Blindado, un Coahuila Seguro para beneficio de las y los coahuilenses.<\/p>\n","protected":false},"excerpt":{"rendered":"<p>Saltillo, Coahuila de Zaragoza. 02 de febrero de 2025.- El Gobernador de Coahuila, Manolo Jim\u00e9nez Salinas, destac\u00f3 la coordinaci\u00f3n de las fuerzas de seguridad del estado con las fuerzas federales lo que ha impactado en un menor n\u00famero de homicidios durante el 2024. El mandatario estatal destac\u00f3 a Saltillo como la capital m\u00e1s segura del pa\u00eds, a Piedras Negras como la segunda ciudad m\u00e1s segura a nivel nacional y a&#8230;<\/p>\n","protected":false},"author":1,"featured_media":24470,"comment_status":"closed","ping_status":"closed","sticky":false,"template":"","format":"standard","meta":{"footnotes":""},"categories":[5,15,24],"tags":[],"class_list":["post-24469","post","type-post","status-publish","format-standard","has-post-thumbnail","hentry","category-coahuila","category-gobierno-de-coahuila","category-seguridad","wpcat-5-id","wpcat-15-id","wpcat-24-id"],"_links":{"self":[{"href":"https:\/\/www.aquilaguna.com\/index.php\/wp-json\/wp\/v2\/posts\/24469","targetHints":{"allow":["GET"]}}],"collection":[{"href":"https:\/\/www.aquilaguna.com\/index.php\/wp-json\/wp\/v2\/posts"}],"about":[{"href":"https:\/\/www.aquilaguna.com\/index.php\/wp-json\/wp\/v2\/types\/post"}],"author":[{"embeddable":true,"href":"https:\/\/www.aquilaguna.com\/index.php\/wp-json\/wp\/v2\/users\/1"}],"replies":[{"embeddable":true,"href":"https:\/\/www.aquilaguna.com\/index.php\/wp-json\/wp\/v2\/comments?post=24469"}],"version-history":[{"count":1,"href":"https:\/\/www.aquilaguna.com\/index.php\/wp-json\/wp\/v2\/posts\/24469\/revisions"}],"predecessor-version":[{"id":24471,"href":"https:\/\/www.aquilaguna.com\/index.php\/wp-json\/wp\/v2\/posts\/24469\/revisions\/24471"}],"wp:featuredmedia":[{"embeddable":true,"href":"https:\/\/www.aquilaguna.com\/index.php\/wp-json\/wp\/v2\/media\/24470"}],"wp:attachment":[{"href":"https:\/\/www.aquilaguna.com\/index.php\/wp-json\/wp\/v2\/media?parent=24469"}],"wp:term":[{"taxonomy":"category","embeddable":true,"href":"https:\/\/www.aquilaguna.com\/index.php\/wp-json\/wp\/v2\/categories?post=24469"},{"taxonomy":"post_tag","embeddable":true,"href":"https:\/\/www.aquilaguna.com\/index.php\/wp-json\/wp\/v2\/tags?post=24469"}],"curies":[{"name":"wp","href":"https:\/\/api.w.org\/{rel}","templated":true}]}}