{"id":24520,"date":"2025-02-05T19:46:12","date_gmt":"2025-02-06T01:46:12","guid":{"rendered":"https:\/\/www.aquilaguna.com\/?p=24520"},"modified":"2025-02-05T19:46:13","modified_gmt":"2025-02-06T01:46:13","slug":"dan-seguimiento-al-gran-programa-de-salud-mental-en-la-laguna","status":"publish","type":"post","link":"https:\/\/www.aquilaguna.com\/index.php\/2025\/02\/05\/dan-seguimiento-al-gran-programa-de-salud-mental-en-la-laguna\/","title":{"rendered":"DAN SEGUIMIENTO AL GRAN PROGRAMA DE SALUD MENTAL EN LA LAGUNA."},"content":{"rendered":"\n<p>Torre\u00f3n, Coahuila de Zaragoza; a 05 de febrero de 2025.- Con el objetivo de presentar las acciones y avances que se han tenido en 2024 dentro de la operaci\u00f3n del Gran Programa de Salud Mental, el Gobierno del Estado a trav\u00e9s de la oficina Inspira Coahuila llevaron a cabo una reuni\u00f3n de trabajo en la regi\u00f3n Laguna, en la que asistieron representantes de los municipios de: San Pedro, Matamoros, Sierra Mojada, Viesca, Francisco I Madero y Torre\u00f3n.<\/p>\n\n\n\n<p>Paola Rodr\u00edguez L\u00f3pez, presidenta honoraria de Inspira, present\u00f3 ante los asistentes un informe de actividades en materia de Salud Mental de 2024, adem\u00e1s de informar sobre los proyectos estrat\u00e9gicos que en la materia se tienen planeados detonar en 2025.<\/p>\n\n\n\n<p>Asimismo, se presentaron los resultados que se obtuvieron de la regi\u00f3n Laguna en la encuesta que se aplic\u00f3 en las escuelas en meses pasados, que son de gran utilidad y sirven como parteaguas para las estrategias que se generar\u00e1n en el corto, mediano y largo plazo.<\/p>\n\n\n\n<p>De la misma manera, en esta reuni\u00f3n y desde Inspira Coahuila, se invit\u00f3 a los representantes de salud de todos los municipios de esa regi\u00f3n, y a los responsables regionales de las diferentes dependencias, para generar una agenda de trabajo regional y conjunta enfocada a las necesidades espec\u00edficas de estos municipios y regi\u00f3n.<\/p>\n\n\n\n<p>Cecilia de la Garza Mart\u00ednez, directora general de Inspira, inform\u00f3 que se integrar\u00e1 tambi\u00e9n un directorio de servicios en conjunto para que todos los involucrados est\u00e9n en sinton\u00eda y en la misma ruta de trabajo.<\/p>\n\n\n\n<p>En esta reuni\u00f3n estuvieron presentes, adem\u00e1s, Iv\u00e1n Alejandro Moscoso Gonz\u00e1lez, subsecretario de Prevenci\u00f3n y Control de Enfermedades; Ang\u00e9lica Lizeth Ram\u00edrez Ram\u00edrez, directora de Salud Mental y Adicciones en Coahuila.<\/p>\n","protected":false},"excerpt":{"rendered":"<p>Torre\u00f3n, Coahuila de Zaragoza; a 05 de febrero de 2025.- Con el objetivo de presentar las acciones y avances que se han tenido en 2024 dentro de la operaci\u00f3n del Gran Programa de Salud Mental, el Gobierno del Estado a trav\u00e9s de la oficina Inspira Coahuila llevaron a cabo una reuni\u00f3n de trabajo en la regi\u00f3n Laguna, en la que asistieron representantes de los municipios de: San Pedro, Matamoros, Sierra&#8230;<\/p>\n","protected":false},"author":1,"featured_media":24521,"comment_status":"closed","ping_status":"closed","sticky":false,"template":"","format":"standard","meta":{"footnotes":""},"categories":[5,15,14],"tags":[],"class_list":["post-24520","post","type-post","status-publish","format-standard","has-post-thumbnail","hentry","category-coahuila","category-gobierno-de-coahuila","category-salud","wpcat-5-id","wpcat-15-id","wpcat-14-id"],"_links":{"self":[{"href":"https:\/\/www.aquilaguna.com\/index.php\/wp-json\/wp\/v2\/posts\/24520","targetHints":{"allow":["GET"]}}],"collection":[{"href":"https:\/\/www.aquilaguna.com\/index.php\/wp-json\/wp\/v2\/posts"}],"about":[{"href":"https:\/\/www.aquilaguna.com\/index.php\/wp-json\/wp\/v2\/types\/post"}],"author":[{"embeddable":true,"href":"https:\/\/www.aquilaguna.com\/index.php\/wp-json\/wp\/v2\/users\/1"}],"replies":[{"embeddable":true,"href":"https:\/\/www.aquilaguna.com\/index.php\/wp-json\/wp\/v2\/comments?post=24520"}],"version-history":[{"count":1,"href":"https:\/\/www.aquilaguna.com\/index.php\/wp-json\/wp\/v2\/posts\/24520\/revisions"}],"predecessor-version":[{"id":24522,"href":"https:\/\/www.aquilaguna.com\/index.php\/wp-json\/wp\/v2\/posts\/24520\/revisions\/24522"}],"wp:featuredmedia":[{"embeddable":true,"href":"https:\/\/www.aquilaguna.com\/index.php\/wp-json\/wp\/v2\/media\/24521"}],"wp:attachment":[{"href":"https:\/\/www.aquilaguna.com\/index.php\/wp-json\/wp\/v2\/media?parent=24520"}],"wp:term":[{"taxonomy":"category","embeddable":true,"href":"https:\/\/www.aquilaguna.com\/index.php\/wp-json\/wp\/v2\/categories?post=24520"},{"taxonomy":"post_tag","embeddable":true,"href":"https:\/\/www.aquilaguna.com\/index.php\/wp-json\/wp\/v2\/tags?post=24520"}],"curies":[{"name":"wp","href":"https:\/\/api.w.org\/{rel}","templated":true}]}}