{"id":24531,"date":"2025-02-06T19:45:26","date_gmt":"2025-02-07T01:45:26","guid":{"rendered":"https:\/\/www.aquilaguna.com\/?p=24531"},"modified":"2025-02-06T19:45:27","modified_gmt":"2025-02-07T01:45:27","slug":"desarrollo-social-invita-a-artistas-locales-a-exponer-su-talento-en-el-escenario-principal-del-paseo-colon","status":"publish","type":"post","link":"https:\/\/www.aquilaguna.com\/index.php\/2025\/02\/06\/desarrollo-social-invita-a-artistas-locales-a-exponer-su-talento-en-el-escenario-principal-del-paseo-colon\/","title":{"rendered":"Desarrollo Social invita a artistas locales a exponer su talento en el escenario principal del Paseo Col\u00f3n."},"content":{"rendered":"\n<p>Torre\u00f3n, Coahuila. A 6 de febrero 2025.<\/p>\n\n\n\n<p>La Direcci\u00f3n General de Desarrollo Social, a trav\u00e9s del \u00e1rea de Paseo Col\u00f3n,<br>invita a artistas y grupos locales a participar en las presentaciones dominicales<br>que se realizan en este emblem\u00e1tico espacio de cultura y recreaci\u00f3n familiar en la<br>ciudad.<\/p>\n\n\n\n<p>Esta iniciativa busca impulsar el talento lagunero y brindar una plataforma de<br>exposici\u00f3n para diversas expresiones art\u00edsticas.<\/p>\n\n\n\n<p>La directora del Paseo Col\u00f3n y Centros Comunitarios de la dependencia, Ana del<br>Toro Mu\u00f1oz, inform\u00f3 que la convocatoria est\u00e1 dirigida a grupos y artistas de<br>m\u00fasica, canto, baile, shows infantiles y payasos, que deseen compartir su talento.<\/p>\n\n\n\n<p>Indic\u00f3 que el escenario principal de Paseo Col\u00f3n es un espacio para la creatividad<br>y la cultura local, que ofrece la oportunidad de proyecci\u00f3n ante el p\u00fablico lagunero.<\/p>\n\n\n\n<p>Dio a conocer que para participar, los interesados deben enviar un mensaje a la<br>cuenta de Facebook &#8220;Paseo Col\u00f3n Torre\u00f3n&#8221;, donde recibir\u00e1n informaci\u00f3n sobre la<br>din\u00e1mica de participaci\u00f3n y la agenda de presentaciones.<\/p>\n\n\n\n<p>&#8220;Este programa es un espacio que la Administraci\u00f3n Municipal encabezada por el<br>alcalde Rom\u00e1n Alberto Cepeda Gonz\u00e1lez, pone a disposici\u00f3n para fortalecer la<br>convivencia familiar y, sobre todo, para impulsar el talento local. Adem\u00e1s de<br>fomentar la cultura, la actividad f\u00edsica y el arte en la regi\u00f3n&#8221;, dijo la funcionaria.<\/p>\n\n\n\n<p>Del Toro Mu\u00f1oz invit\u00f3 a los artistas interesados a aprovechar esta oportunidad y<br>contribuir al enriquecimiento cultural del Paseo.<\/p>\n\n\n\n<p>La convocatoria estar\u00e1 abierta de manera permanente, permitiendo una rotaci\u00f3n<br>continua de espect\u00e1culos y propuestas art\u00edsticas.<\/p>\n\n\n\n<p>Cabe destacar que el Paseo Col\u00f3n es un espacio para las familias que habitan en<br>Torre\u00f3n, y para visitantes de otros municipios.<\/p>\n\n\n\n<p>La diversidad de oferta en la programaci\u00f3n de cada domingo, atrae a m\u00e1s de 7 mil<br>personas en cada edici\u00f3n.<\/p>\n","protected":false},"excerpt":{"rendered":"<p>Torre\u00f3n, Coahuila. A 6 de febrero 2025. La Direcci\u00f3n General de Desarrollo Social, a trav\u00e9s del \u00e1rea de Paseo Col\u00f3n,invita a artistas y grupos locales a participar en las presentaciones dominicalesque se realizan en este emblem\u00e1tico espacio de cultura y recreaci\u00f3n familiar en laciudad. Esta iniciativa busca impulsar el talento lagunero y brindar una plataforma deexposici\u00f3n para diversas expresiones art\u00edsticas. La directora del Paseo Col\u00f3n y Centros Comunitarios de la&#8230;<\/p>\n","protected":false},"author":1,"featured_media":24532,"comment_status":"closed","ping_status":"closed","sticky":false,"template":"","format":"standard","meta":{"footnotes":""},"categories":[5,28,7],"tags":[],"class_list":["post-24531","post","type-post","status-publish","format-standard","has-post-thumbnail","hentry","category-coahuila","category-la-laguna","category-torreon","wpcat-5-id","wpcat-28-id","wpcat-7-id"],"_links":{"self":[{"href":"https:\/\/www.aquilaguna.com\/index.php\/wp-json\/wp\/v2\/posts\/24531","targetHints":{"allow":["GET"]}}],"collection":[{"href":"https:\/\/www.aquilaguna.com\/index.php\/wp-json\/wp\/v2\/posts"}],"about":[{"href":"https:\/\/www.aquilaguna.com\/index.php\/wp-json\/wp\/v2\/types\/post"}],"author":[{"embeddable":true,"href":"https:\/\/www.aquilaguna.com\/index.php\/wp-json\/wp\/v2\/users\/1"}],"replies":[{"embeddable":true,"href":"https:\/\/www.aquilaguna.com\/index.php\/wp-json\/wp\/v2\/comments?post=24531"}],"version-history":[{"count":1,"href":"https:\/\/www.aquilaguna.com\/index.php\/wp-json\/wp\/v2\/posts\/24531\/revisions"}],"predecessor-version":[{"id":24533,"href":"https:\/\/www.aquilaguna.com\/index.php\/wp-json\/wp\/v2\/posts\/24531\/revisions\/24533"}],"wp:featuredmedia":[{"embeddable":true,"href":"https:\/\/www.aquilaguna.com\/index.php\/wp-json\/wp\/v2\/media\/24532"}],"wp:attachment":[{"href":"https:\/\/www.aquilaguna.com\/index.php\/wp-json\/wp\/v2\/media?parent=24531"}],"wp:term":[{"taxonomy":"category","embeddable":true,"href":"https:\/\/www.aquilaguna.com\/index.php\/wp-json\/wp\/v2\/categories?post=24531"},{"taxonomy":"post_tag","embeddable":true,"href":"https:\/\/www.aquilaguna.com\/index.php\/wp-json\/wp\/v2\/tags?post=24531"}],"curies":[{"name":"wp","href":"https:\/\/api.w.org\/{rel}","templated":true}]}}