{"id":24601,"date":"2025-02-11T18:18:34","date_gmt":"2025-02-12T00:18:34","guid":{"rendered":"https:\/\/www.aquilaguna.com\/?p=24601"},"modified":"2025-02-11T18:18:34","modified_gmt":"2025-02-12T00:18:34","slug":"continua-en-la-uadec-la-campana-vacunate-en-el-campus-de-rectoria-y-en-la-facultad-de-odontologia-unidad-laguna","status":"publish","type":"post","link":"https:\/\/www.aquilaguna.com\/index.php\/2025\/02\/11\/continua-en-la-uadec-la-campana-vacunate-en-el-campus-de-rectoria-y-en-la-facultad-de-odontologia-unidad-laguna\/","title":{"rendered":"Contin\u00faa en la UAdeC la Campa\u00f1a \u201cVac\u00fanate\u201d en el Campus de Rector\u00eda y en la Facultad de Odontolog\u00eda Unidad Laguna."},"content":{"rendered":"\n<p>SALTILLO, Coahuila. 11 de febrero de 2025. Este martes, la Universidad Aut\u00f3noma<br>de Coahuila, a trav\u00e9s de la Coordinaci\u00f3n General de Extensi\u00f3n Universitaria, llev\u00f3 a<br>cabo una nueva jornada de la Campa\u00f1a de Vacunaci\u00f3n \u201cVac\u00fanate\u201d, esta vez en el<br>Campus Central de Saltillo en colaboraci\u00f3n con la Unidad de Medicina Familiar<br>(UMF) No. 89 del Instituto Mexicano del Seguro Social (IMSS) y, en la Facultad de<br>Odontolog\u00eda de la Unidad Laguna con el apoyo del Hospital General de Zona<br>Medicina Familiar N.\u00ba 18 de Torre\u00f3n.<\/p>\n\n\n\n<p>En el vest\u00edbulo de la Rector\u00eda del Campus Central estuvieron presentes el secretario<br>general de la UAdeC, V\u00edctor Manuel S\u00e1nchez Vald\u00e9s; la coordinadora de la Unidad<br>Sureste, Eva Kerena Hern\u00e1ndez; la directora de Asuntos Acad\u00e9micos, Martha<br>Adriana Centeno Aranda; el coordinador de Extensi\u00f3n Universitaria, David<br>Hern\u00e1ndez Barrera, as\u00ed como personal y comunidad docente y estudiantil del<br>Campus Central.<\/p>\n\n\n\n<p>Durante el evento, el coordinador de Extensi\u00f3n Universitaria, David Hern\u00e1ndez<br>Barrera, resalt\u00f3 que la jornada de vacunaci\u00f3n en el Campus Central permite a<br>estudiantes y trabajadores acceder de manera sencilla a vacunas contra influenza,<br>hepatitis, t\u00e9tanos y VPH, fomentando la prevenci\u00f3n entre la comunidad universitaria.<\/p>\n\n\n\n<p>Adem\u00e1s, agradeci\u00f3 el apoyo del del rector de la UAdeC, Octavio Pimentel Mart\u00ednez,<br>y del tesorero general de la UAdeC, Evaristo Alf\u00e9rez Rodr\u00edguez, por brindar el<br>espacio para la realizaci\u00f3n de esta iniciativa.<\/p>\n\n\n\n<p>Mientras tanto, el pasado lunes en la Facultad de Odontolog\u00eda de la Unidad Laguna<br>tambi\u00e9n se llev\u00f3 a cabo una jornada de vacunaci\u00f3n en la que se aplicaron m\u00e1s de<br>200 dosis de vacunas contra Influenza, Hepatitis B y T\u00e9tanos, actividad que cont\u00f3<br>con el apoyo del Hospital General de Zona Medicina Familiar N.\u00ba 18 de Torre\u00f3n.<\/p>\n\n\n\n<p>El director de la Facultad de Odontolog\u00eda, Enrique D\u00edaz Palomares, agradeci\u00f3 la<br>colaboraci\u00f3n del IMSS y destac\u00f3 la importancia de acercar estos servicios de salud a<br>la comunidad universitaria.<\/p>\n\n\n\n<p>La campa\u00f1a \u201cVac\u00fanate\u201d continuar\u00e1 en distintos campus de la UAdeC en las<br>siguientes fechas: el 13 de febrero en Campus Poniente y el 18 de febrero en<br>Campus Arteaga, en un horario de 9:00 a 13:00 horas.<\/p>\n","protected":false},"excerpt":{"rendered":"<p>SALTILLO, Coahuila. 11 de febrero de 2025. Este martes, la Universidad Aut\u00f3nomade Coahuila, a trav\u00e9s de la Coordinaci\u00f3n General de Extensi\u00f3n Universitaria, llev\u00f3 acabo una nueva jornada de la Campa\u00f1a de Vacunaci\u00f3n \u201cVac\u00fanate\u201d, esta vez en elCampus Central de Saltillo en colaboraci\u00f3n con la Unidad de Medicina Familiar(UMF) No. 89 del Instituto Mexicano del Seguro Social (IMSS) y, en la Facultad deOdontolog\u00eda de la Unidad Laguna con el apoyo del&#8230;<\/p>\n","protected":false},"author":1,"featured_media":24602,"comment_status":"closed","ping_status":"closed","sticky":false,"template":"","format":"standard","meta":{"footnotes":""},"categories":[2],"tags":[],"class_list":["post-24601","post","type-post","status-publish","format-standard","has-post-thumbnail","hentry","category-uadec","wpcat-2-id"],"_links":{"self":[{"href":"https:\/\/www.aquilaguna.com\/index.php\/wp-json\/wp\/v2\/posts\/24601","targetHints":{"allow":["GET"]}}],"collection":[{"href":"https:\/\/www.aquilaguna.com\/index.php\/wp-json\/wp\/v2\/posts"}],"about":[{"href":"https:\/\/www.aquilaguna.com\/index.php\/wp-json\/wp\/v2\/types\/post"}],"author":[{"embeddable":true,"href":"https:\/\/www.aquilaguna.com\/index.php\/wp-json\/wp\/v2\/users\/1"}],"replies":[{"embeddable":true,"href":"https:\/\/www.aquilaguna.com\/index.php\/wp-json\/wp\/v2\/comments?post=24601"}],"version-history":[{"count":1,"href":"https:\/\/www.aquilaguna.com\/index.php\/wp-json\/wp\/v2\/posts\/24601\/revisions"}],"predecessor-version":[{"id":24603,"href":"https:\/\/www.aquilaguna.com\/index.php\/wp-json\/wp\/v2\/posts\/24601\/revisions\/24603"}],"wp:featuredmedia":[{"embeddable":true,"href":"https:\/\/www.aquilaguna.com\/index.php\/wp-json\/wp\/v2\/media\/24602"}],"wp:attachment":[{"href":"https:\/\/www.aquilaguna.com\/index.php\/wp-json\/wp\/v2\/media?parent=24601"}],"wp:term":[{"taxonomy":"category","embeddable":true,"href":"https:\/\/www.aquilaguna.com\/index.php\/wp-json\/wp\/v2\/categories?post=24601"},{"taxonomy":"post_tag","embeddable":true,"href":"https:\/\/www.aquilaguna.com\/index.php\/wp-json\/wp\/v2\/tags?post=24601"}],"curies":[{"name":"wp","href":"https:\/\/api.w.org\/{rel}","templated":true}]}}