{"id":24670,"date":"2025-02-14T19:59:03","date_gmt":"2025-02-15T01:59:03","guid":{"rendered":"https:\/\/www.aquilaguna.com\/?p=24670"},"modified":"2025-02-14T19:59:04","modified_gmt":"2025-02-15T01:59:04","slug":"celebraran-el-dia-nacional-del-aguila-real-en-paseo-colon","status":"publish","type":"post","link":"https:\/\/www.aquilaguna.com\/index.php\/2025\/02\/14\/celebraran-el-dia-nacional-del-aguila-real-en-paseo-colon\/","title":{"rendered":"Celebrar\u00e1n el D\u00eda Nacional del \u00c1guila Real en Paseo Col\u00f3n."},"content":{"rendered":"\n<p>Torre\u00f3n, Coahuila. A 14 de febrero de 2025.<\/p>\n\n\n\n<p>En el marco del D\u00eda Nacional del \u00c1guila Real que se estableci\u00f3 como el 13 de<br>febrero, la Direcci\u00f3n General de Medio Ambiente (DGMA) dedicar\u00e1 sus<br>actividades a esta tem\u00e1tica, el pr\u00f3ximo domingo en el Paseo Col\u00f3n.<\/p>\n\n\n\n<p>La din\u00e1mica tendr\u00e1 lugar en el m\u00f3dulo de la dependencia localizado dentro de<br>este corredor, en el camell\u00f3n de la avenida Escobedo y Ocampo, a partir de las<br>09:00 horas.<\/p>\n\n\n\n<p>El director de la dependencia, Marcelo S\u00e1nchez Adame, destac\u00f3 que la<br>programaci\u00f3n est\u00e1 dise\u00f1ada para que las familias que visitan el Paseo Col\u00f3n,<br>puedan conocer acerca del \u00e1guila real, su importancia ecol\u00f3gica y las amenazas<br>que enfrenta de sobrevivencia.<\/p>\n\n\n\n<p>En ese sentido, detall\u00f3 que se llevar\u00e1n a cabo diversas actividades educativas en<br>torno a la especie como ilustraciones, informaci\u00f3n sobre su h\u00e1bitat y conservaci\u00f3n,<br>as\u00ed como otros recursos did\u00e1cticos.<\/p>\n\n\n\n<p>S\u00e1nchez Adame inform\u00f3 que para esta actividad, estar\u00e1 como invitado Jorge Luis<br>Cortinas Salazar, maestro en neuroetolog\u00eda, para ayudar a los asistentes a<br>comprender mejor la biolog\u00eda y h\u00e1bitos del \u00e1guila real, as\u00ed como la relaci\u00f3n entre<br>su comportamiento y su entorno natural.<\/p>\n\n\n\n<p>Adem\u00e1s, el director de Medio Ambiente resalt\u00f3 la importancia de esta especie,<br>pues el \u00e1guila real no solo es un s\u00edmbolo nacional de M\u00e9xico, sino que tambi\u00e9n se<br>encuentra en peligro de extinci\u00f3n, y destac\u00f3 la necesidad de promover su<br>protecci\u00f3n y recuperaci\u00f3n a trav\u00e9s de acciones como esta.<\/p>\n\n\n\n<p>S\u00e1nchez Adame indic\u00f3 que el evento forma parte de las estrategias de la<br>Administraci\u00f3n Municipal que preside el alcalde Rom\u00e1n Alberto Cepeda Gonz\u00e1lez,<br>con el objetivo de fortalecer la educaci\u00f3n ambiental y la conciencia ecol\u00f3gica entre<br>la ciudadan\u00eda.<\/p>\n","protected":false},"excerpt":{"rendered":"<p>Torre\u00f3n, Coahuila. A 14 de febrero de 2025. En el marco del D\u00eda Nacional del \u00c1guila Real que se estableci\u00f3 como el 13 defebrero, la Direcci\u00f3n General de Medio Ambiente (DGMA) dedicar\u00e1 susactividades a esta tem\u00e1tica, el pr\u00f3ximo domingo en el Paseo Col\u00f3n. La din\u00e1mica tendr\u00e1 lugar en el m\u00f3dulo de la dependencia localizado dentro deeste corredor, en el camell\u00f3n de la avenida Escobedo y Ocampo, a partir de las09:00&#8230;<\/p>\n","protected":false},"author":1,"featured_media":24671,"comment_status":"closed","ping_status":"closed","sticky":false,"template":"","format":"standard","meta":{"footnotes":""},"categories":[5,28,7],"tags":[],"class_list":["post-24670","post","type-post","status-publish","format-standard","has-post-thumbnail","hentry","category-coahuila","category-la-laguna","category-torreon","wpcat-5-id","wpcat-28-id","wpcat-7-id"],"_links":{"self":[{"href":"https:\/\/www.aquilaguna.com\/index.php\/wp-json\/wp\/v2\/posts\/24670","targetHints":{"allow":["GET"]}}],"collection":[{"href":"https:\/\/www.aquilaguna.com\/index.php\/wp-json\/wp\/v2\/posts"}],"about":[{"href":"https:\/\/www.aquilaguna.com\/index.php\/wp-json\/wp\/v2\/types\/post"}],"author":[{"embeddable":true,"href":"https:\/\/www.aquilaguna.com\/index.php\/wp-json\/wp\/v2\/users\/1"}],"replies":[{"embeddable":true,"href":"https:\/\/www.aquilaguna.com\/index.php\/wp-json\/wp\/v2\/comments?post=24670"}],"version-history":[{"count":1,"href":"https:\/\/www.aquilaguna.com\/index.php\/wp-json\/wp\/v2\/posts\/24670\/revisions"}],"predecessor-version":[{"id":24672,"href":"https:\/\/www.aquilaguna.com\/index.php\/wp-json\/wp\/v2\/posts\/24670\/revisions\/24672"}],"wp:featuredmedia":[{"embeddable":true,"href":"https:\/\/www.aquilaguna.com\/index.php\/wp-json\/wp\/v2\/media\/24671"}],"wp:attachment":[{"href":"https:\/\/www.aquilaguna.com\/index.php\/wp-json\/wp\/v2\/media?parent=24670"}],"wp:term":[{"taxonomy":"category","embeddable":true,"href":"https:\/\/www.aquilaguna.com\/index.php\/wp-json\/wp\/v2\/categories?post=24670"},{"taxonomy":"post_tag","embeddable":true,"href":"https:\/\/www.aquilaguna.com\/index.php\/wp-json\/wp\/v2\/tags?post=24670"}],"curies":[{"name":"wp","href":"https:\/\/api.w.org\/{rel}","templated":true}]}}