{"id":24683,"date":"2025-02-16T20:20:06","date_gmt":"2025-02-17T02:20:06","guid":{"rendered":"https:\/\/www.aquilaguna.com\/?p=24683"},"modified":"2025-02-16T20:20:06","modified_gmt":"2025-02-17T02:20:06","slug":"aqui-laguna-389","status":"publish","type":"post","link":"https:\/\/www.aquilaguna.com\/index.php\/2025\/02\/16\/aqui-laguna-389\/","title":{"rendered":"Aqu\u00ed Laguna."},"content":{"rendered":"\n<p>\u00a1Incertidumbre!, la\u00a0 que recorre\u00a0de intermitente manera los medios pol\u00edticos y econ\u00f3micos del pa\u00eds, \u00a0 con todo el impasse\u00a0 negociado por\u00a0 la Presidenta\u00a0 Claudia\u00a0 Sheinbaum para apaciguar las bravatas \u00a0que cual,\u00a0 Espada de Dam\u00f3cles\u00a0 sostiene\u00a0 Donald Trump\u00a0 como sello de su muy particular &#8220;estilo\u00a0 personal\u00a0 de gobernar&#8221;, no solo sobre su pa\u00eds, sino\u00a0 que pretende extender\u00a0 e imponer\u00a0no solo a nuestro\u00a0 pa\u00eds, sino que a otros pa\u00edses &#8220;que se lo permitan&#8221;,\u00a0 seg\u00fan \u00a0 las condiciones\u00a0 sociales, pol\u00edticas, econ\u00f3micas y  militar del pa\u00eds\u00a0 que gobierna lo permitan, subyugados o intimidados\u00a0 seg\u00fan sea el cas, con base en \u00a0 bravuconadas como los que ya les hemos\u00a0 o\u00a0 visto y escuchado\u00a0 a partir\u00a0 desde mucho\u00a0 antes del\u00a0 20 de enero pasado, d\u00eda en el\u00a0 asumi\u00f3 el cargo de Presidente de los Estados Unidos. El miedo que es pariente muy cercano\u00a0de la incertidumbre, paraliza, obnubila, ya no digamos en el \u00e1mbito econ\u00f3mico y sus anunciados -solo eso, por ahora-, aranceles sobre productos en espec\u00edfico,\u00a0 que su pa\u00eds\u00a0 importa, como es el caso del acero\u00a0 y el aluminio al nuestro que se apresur\u00f3i ipso facto a satisfacer\u00a0 los deseos del Se\u00f1or Trump, fijando a M\u00e9xico\u00a0 ubicar 10 mil efectivos\u00a0 militares y polic\u00edacos  en\u00a0 la frontera norte, y de contener flujo alguno de\u00a0 migrantes y a\u00a0 otros m\u00e1s, que obvio tendr\u00e1n las repercusiones\u00a0 que ya \u00a0 analizan\u00a0 quienes de esto saben,\u00a0 resta aun, las que se generen y que ya est\u00e1n en archa,\u00a0 las que siguen de formalizar,\u00a0 y se\u00f1alar como &#8220;terroristas&#8221;,\u00a0 sin\u00a0 m\u00e1s motivaci\u00f3n ideol\u00f3gica, por ahora -solo ambici\u00f3n-,\u00a0 que en el caso de nuestro pa\u00eds, son simple y llanamente\u00a0 gavillas de narcotraficantes y m\u00e1s aun, cuando, contra todo lo negado -en el pasado reciente-, de que en M\u00e9xico no se produce fentanilo, hoy son casi a diario, sus forzados decomisos. <\/p>\n\n\n\n<p>En este tema, de poco o de nada valdr\u00e1 que\u00a0 las autoridades\u00a0 de este pa\u00eds, se enreden en\u00a0 nuestra Ense\u00f1a Nacional, y se lancen cual \u00a0 s\u00edmil\u00a0 de\u00a0 gloriosas epopeyas patrias, al vac\u00edo. De poco o nada servir\u00e1 si Donald\u00a0 Trump y\u00a0 sus &#8220;Halcones&#8221; deciden incursionar sobre territorio, no\u00a0 solo sobre\u00a0 el espacio a\u00e9reo internacional, como lo hace\u00a0 hoy con sus aviones esp\u00edas, o supuestamente fuera de nuestras aguas territoriales con barcos \u00eddem, am\u00e9n de\u00a0 que ya\u00a0los tenemos\u00a0 -con permiso, of course-, con\u00a0 grupos especiales\u00a0 de &#8220;rambos&#8221; entrenando a\u00a0 los nuestros, dicen,\u00a0 cuando en b\u00fasqueda y ubicaci\u00f3n\u00a0exacta de los cabecillas\u00a0y su infraestructura criminal, que hay que decirlo y no solo lamentarlo, parece ser un\u00a0 mero subterfugio.<\/p>\n\n\n\n<p>Dios nos agarre confesados, una vez que\u00a0 bajo la clasificaci\u00f3n de &#8220;Terroristas&#8221; los grupos delictivos con amplia influencia y penetraci\u00f3n no solo en el \u00e1mbito criminal, que les\u00a0es propio, sino en el pol\u00edtico y financiero, cuando no gestadores\u00a0 y sostendores\u00a0 de su propia &#8220;base social&#8221;\u00a0 han sido ya\u00a0 m\u00e1s que identificados y clasificados como tales; C\u00e1rtel de Sinaloa, Cartel del Golfo, Cartel Jalisco Nueva Generaci\u00f3n, Cartel del Noreste, Familia Michoacana y C\u00e1rteles Unidos, as\u00ed los que el se\u00f1or Trump quiera agregar, es decir,\u00a0 que el vecino quiere realizar la tarea que no solo \u00a0 cabezas del antiguo r\u00e9gimen, sino el\u00a0 apenas concluido, dejaron crecer en potencia y e impunidad,\u00a0 este ultimo\u00a0 aferrado a que &#8220;abrazos y no balazos&#8221; ser\u00eda suficiente para apaciguar\u00a0 tal hecho.<\/p>\n\n\n\n<p>Sin ir tan lejos, aqu\u00ed en Torre\u00f3n ya lo vimos, luego de redadas y m\u00e1s redadas de\u00a0 &#8220;peque\u00f1os comerciantes, de peque\u00f1as dosis&#8221; de drogas, como cristal y anfetaminas, que han venido dominando la zona poniente\u00a0 de la ciudad, se\u00a0 gener\u00f3 ya un decomiso &#8220;importante&#8221;, realizado por autoridades federales, tras las investigaciones y cateos correspondientes, que distaba ya no las tareas de &#8220;inteligencia&#8221; que tanto se presumen, sino\u00a0 del\u00a0 simple sentido com\u00fan, cuando se quiere aplicar este, si bien \u00a0 se quiso que trascendiera que tales\u00a0&#8220;drogas&#8221; no se\u00a0 producen en territorio coahuilense, sino que\u00a0 ingresa, procedentes,\u00a0 allende el Nazas,\u00a0 espacio por cierto, que \u00a0 tiene ya en marcha un proceso electoral renovador de alcald\u00edas y diputaciones, en la entidad que gobierno el se\u00f1or Esteban\u00a0 Villegas,\u00a0 cuyo nombre\u00a0 registra singular\u00a0 por ahora\u00a0 singular\u00a0&#8220;guerra sucia&#8221; o quiz\u00e1s no tanto, que lo ubican\u00a0 en muy buenos t\u00e9rminos con la terrible y dominante banda de &#8220;los Cabrera&#8221;, grupo delictivo que alimenta\u00a0 el imaginario colectivo de los laguneros desde hace alg\u00fan tiempo. Pero en fin, para Durango\u00a0 estos d\u00edas\u00a0 electorales son los que permiten que tales leyendas\u00a0 salgan a la luz. <\/p>\n\n\n\n<p>Por cierto, se rumorea que algunos de sus adl\u00e1teres, en operaci\u00f3n del \u00e1mbito laboral no tienen para nada &#8220;cola de hamster&#8221; como la que presume, por dem\u00e1s orondo,\u00a0 su jefe nato Pedro Haces, \u00bfPodr\u00e1 decir lo mismo Miguelito Batarse?  &#8220;l\u00edder obrero&#8221;, sepa Usted, bajo las siglas de\u00a0 la CATEM&#8230; <\/p>\n\n\n\n<p>Y ya conocidos los aspirantes\u00a0 a\u00a0 figurar en Coahuila en la pr\u00f3xima elecci\u00f3n judicial, en la que resultar\u00e1 renovado todo\u00a0este Poder, pocos, pero muy pocos de los\u00a0 seleccionados por el Poder Legislativo y el Poder Ejecutivo, son conocidos para el gran p\u00fablico, debido quiz\u00e1s a que su procedencia o reclutamiento\u00a0 se hizo sobre \u00a0 grupos que\u00a0por m\u00e1s y que en ella figuren funcionarios y profesionales\u00a0 del Derecho acreditados,\u00a0 tal conocimiento no abarca mucho, como para \u00a0 figurar como candidatos a una elecci\u00f3n universal y directa, como la que \u00a0 jornada a realizar el pr\u00f3ximo primero\u00a0 de junio. As\u00ed vemos adem\u00e1s, que pocos\u00a0 abogados \u00a0 y litigante s\u00a0 que pasaron los\u00a0 filtros establecido para lograr tal participaci\u00f3n,\u00a0 solo uno que otro\u00a0 -como es el caso de Miguel Mery Ayup-,\u00a0 cuenta con\u00a0 alguna &#8220;popularidad&#8221; que les permita en el poco\u00a0 tiempo asignado para hacer campa\u00f1a -apenas del\u00a0 9 al 28 de mayo-, y sin recursos alcanzar alguna votaci\u00f3n significativa.<\/p>\n\n\n\n<p>En fin veremos qu\u00e9 pasa y \u00a0 que\u00a0 sujetos pol\u00edticos, como la es el caso de\u00a0 Licenciada Yeska Garza, \u00a0 una de las\u00a0 conocidas y acreditada funcionaria p\u00fablica, lagunera, por cierto, lograr superar el reto, as\u00ed tambi\u00e9n, otro\u00a0 prestigiado\u00a0 abogado, y mejor amigo, hoy aun Notario P\u00fablico, Licenciado Rodolfo R\u00e1bago R\u00e1bago\u00a0 logra, entre los 118 seleccionados\u00a0 alcanzar su meta.<\/p>\n\n\n\n<p>Ser\u00e1 hasta muy entrada la tarde de este mismo domingo cuando se vayan conociendo los resultados de la elecci\u00f3n de los nuevos liderazgos convocados por la Confederaci\u00f3n Nacional\u00a0 Campesina, que aunque Usted no lo crea, se resiste a la extinci\u00f3n, y se apresta a renovar su dirigencia estatal en manos por ahora del sampetrino Nati Navarro, llam\u00f3 la atenci\u00f3n\u00a0 la inclusi\u00f3n de\u00a0 candidaturas a cargo de\u00a0 mujeres, y eso,\u00a0 no es solo porque &#8220;sea su tiempo&#8221;, sino porque los varones, al aparecer ya no les interesa tanto tal encargo, m\u00e1s all\u00e1 de Jos\u00e9 Luis Flores M\u00e9ndez -el Chapo bueno-, claro. <\/p>\n\n\n\n<p>Y vaya que el diputado local por el X Distrito, licenciado Felipe Gonz\u00e1lez, en el \u00e1mbito pol\u00edtico regional, se llev\u00f3 la semana que concluye, la inauguraci\u00f3n de la Casa de Gesti\u00f3n, y Dispensario M\u00e9dico \u00a0 fue arropada con las presencias de la l\u00edder del Congreso Luz Elena Morales, y varios de\u00a0 sus pares y hasta por Gerardo &#8220;quillo&#8221; Aguado y m\u00e1s aun, por\u00a0 Diego Rodr\u00edguez Canales, en su dualidad de\u00a0 Subsecretario de Gobierno y Comunicaci\u00f3n, as\u00ed como\u00a0 miembro\u00a0 directivo del comit\u00e9\u00a0 estatal del PRI,\u00a0 y en representaci\u00f3n de su dirigente, Carlos Robles Lostanau, quien\u00a0dirigi\u00f3 consistente\u00a0 discurso a los\u00a0 tricolores que ah\u00ed se congregaron, \u00a0 y en el que no falt\u00f3, para nada, el alcalde Rom\u00e1n Cepeda Gonz\u00e1lez, con todo y que era su cumplea\u00f1os.<\/p>\n\n\n\n<p>Y vaya a que al &#8220;Hombre del babero&#8221;, el diputado pluri Antonio Attolini Murra, se le apareci\u00f3 Juan Diego, sin la virgen, resulta que\u00a0 la Licenciada Natalia Fern\u00e1ndez, present\u00f3 denuncia en su contra, por la presunta comisi\u00f3n de delitos relacionados con la equidad de G\u00e9nero. Veremos si esta acci\u00f3n, del todo apegada a derecho, resulta ser el &#8220;tap\u00f3n&#8221; que\u00a0 salve al\u00a0 controversial diputado de\u00a0 seguir metiendo la pata por donde se aparece&#8230;<\/p>\n","protected":false},"excerpt":{"rendered":"<p>\u00a1Incertidumbre!, la\u00a0 que recorre\u00a0de intermitente manera los medios pol\u00edticos y econ\u00f3micos del pa\u00eds, \u00a0 con todo el impasse\u00a0 negociado por\u00a0 la Presidenta\u00a0 Claudia\u00a0 Sheinbaum para apaciguar las bravatas \u00a0que cual,\u00a0 Espada de Dam\u00f3cles\u00a0 sostiene\u00a0 Donald Trump\u00a0 como sello de su muy particular &#8220;estilo\u00a0 personal\u00a0 de gobernar&#8221;, no solo sobre su pa\u00eds, sino\u00a0 que pretende extender\u00a0 e imponer\u00a0no solo a nuestro\u00a0 pa\u00eds, sino que a otros pa\u00edses &#8220;que se lo permitan&#8221;,\u00a0&#8230;<\/p>\n","protected":false},"author":2,"featured_media":0,"comment_status":"closed","ping_status":"","sticky":false,"template":"","format":"standard","meta":{"footnotes":""},"categories":[8],"tags":[],"class_list":["post-24683","post","type-post","status-publish","format-standard","hentry","category-aqui-laguna","wpcat-8-id"],"_links":{"self":[{"href":"https:\/\/www.aquilaguna.com\/index.php\/wp-json\/wp\/v2\/posts\/24683","targetHints":{"allow":["GET"]}}],"collection":[{"href":"https:\/\/www.aquilaguna.com\/index.php\/wp-json\/wp\/v2\/posts"}],"about":[{"href":"https:\/\/www.aquilaguna.com\/index.php\/wp-json\/wp\/v2\/types\/post"}],"author":[{"embeddable":true,"href":"https:\/\/www.aquilaguna.com\/index.php\/wp-json\/wp\/v2\/users\/2"}],"replies":[{"embeddable":true,"href":"https:\/\/www.aquilaguna.com\/index.php\/wp-json\/wp\/v2\/comments?post=24683"}],"version-history":[{"count":1,"href":"https:\/\/www.aquilaguna.com\/index.php\/wp-json\/wp\/v2\/posts\/24683\/revisions"}],"predecessor-version":[{"id":24684,"href":"https:\/\/www.aquilaguna.com\/index.php\/wp-json\/wp\/v2\/posts\/24683\/revisions\/24684"}],"wp:attachment":[{"href":"https:\/\/www.aquilaguna.com\/index.php\/wp-json\/wp\/v2\/media?parent=24683"}],"wp:term":[{"taxonomy":"category","embeddable":true,"href":"https:\/\/www.aquilaguna.com\/index.php\/wp-json\/wp\/v2\/categories?post=24683"},{"taxonomy":"post_tag","embeddable":true,"href":"https:\/\/www.aquilaguna.com\/index.php\/wp-json\/wp\/v2\/tags?post=24683"}],"curies":[{"name":"wp","href":"https:\/\/api.w.org\/{rel}","templated":true}]}}