{"id":24705,"date":"2025-02-17T19:33:26","date_gmt":"2025-02-18T01:33:26","guid":{"rendered":"https:\/\/www.aquilaguna.com\/?p=24705"},"modified":"2025-02-17T19:33:26","modified_gmt":"2025-02-18T01:33:26","slug":"entrega-gobierno-del-estado-vehiculos-a-dspm-de-torreon","status":"publish","type":"post","link":"https:\/\/www.aquilaguna.com\/index.php\/2025\/02\/17\/entrega-gobierno-del-estado-vehiculos-a-dspm-de-torreon\/","title":{"rendered":"Entrega Gobierno del Estado veh\u00edculos a DSPM de Torre\u00f3n."},"content":{"rendered":"\n<p>Torre\u00f3n, Coahuila.- El Gobierno de Coahuila hizo entrega esta ma\u00f1ana, de 50 nuevas\u00a0 unidades vehiculares a la Direcci\u00f3n de Seguridad P\u00fablica con una inversi\u00f3n de 55 millones de pesos, destinadas al fortalecimiento de\u00a0 la vigilancia\u00a0 y seguridad de la poblaci\u00f3n torreonense.\u00a0<\/p>\n\n\n\n<p>El acto, celebrado a partir de las 10:00 horas, cont\u00f3 con la presencia del Gobernador Manolo\u00a0 Jim\u00e9nez Salinas, altos mandos regionales, encabezados por el General Humberto Ibarra Flores Comandante de la XI Zona Militar, autoridades civiles, funcionarios estatales\u00a0 y municipales as\u00ed como diputados locales y federales,\u00a0y empresarios, siendo anfitri\u00f3n, el alcalde Rom\u00e1n Alberto Cepeda Gonz\u00e1lez.\u00a0<\/p>\n\n\n\n<p>En su intervenci\u00f3n, el alcalde Cepeda Gonz\u00e1lez, agradeci\u00f3 la presencia del Gobernador, as\u00ed como otros invitados, se\u00f1alo que si bien &#8220;lo cuantitativo, es importante poder invertir\u00a0 al que es el primer eje de mi gobierno, que tiene que ver con seguridad, con orden es importante, pero la coordinaci\u00f3n, el respeto, la colaboraci\u00f3n, como lo hemos hecho y particularmente aqu\u00ed en La laguna, y particularmente\u00a0 en Torre\u00f3n en donde la coordinaci\u00f3n de esfuerzos despu\u00e9s de la creaci\u00f3n del Mando Especial \u00a0 fue clave\u00a0 para\u00a0 traer a Torre\u00f3n, desde\u00a0 hace ya m\u00e1s de una d\u00e9cada, la seguridad a Torre\u00f3n, a la comarca. Eso, es importante&#8221;.<\/p>\n\n\n\n<p>&#8220;Hoy\u00a0 podemos presenciar, la primera entrega del a\u00f1o, de 50 patrullas, en colaboraci\u00f3n con el gobierno del Estado, con nuestro principal aliado Manolo Jim\u00e9nez, es importante por dos\u00a0 cosas, que a solo\u00a0 seis semanas de haber asumido la responsabilidad \u00a0 lo atendemos con compromiso, con responsabilidad y un tema que es fundamental para poder dar continuidad al desarrollo econ\u00f3mico\u00a0 a la cultura, al arte, etc., etc&#8221;.<\/p>\n\n\n\n<p>Puntualizo luego que, &#8220;Torre\u00f3n asigna el 18.3% -600 millones de pesos-, de su presupuesto a\u00a0 seguridad, en coordinaci\u00f3n con el Estado&#8221;.<\/p>\n\n\n\n<p>El Coordinador de la DSPM, C\u00e9sar Antonio Perales Esparza,\u00a0 al hacer uso de la palabra, manifest\u00f3\u00a0 los saludos de rigor, diciendo que en la gesti\u00f3n del alcalde Rom\u00e1n Alberto Cepeda Gonzalez, &#8220;se ha puesto en marcha distintas acciones para mejorar y fortalecer la capacidad operativa\u00a0 de\u00a0 esta la DSPM,\u00a0 mediante la profesionalizaci\u00f3n y equipamiento&#8221;.<\/p>\n\n\n\n<p>&#8220;Este\u00a0 dia se reciben Camionetas Ford F-150, equipadas de manera t\u00e1ctica, as\u00ed\u00a0 como 10 Durango\u00a0 CCRP, y dos RAM-500 T\u00e1ctica\u00a0 acorazadas y 10 veh\u00edculos\u00a0 de penetraci\u00f3n ligera como son las patrullas Suzuki 2023&#8221;.<\/p>\n\n\n\n<p>Esto, afirm\u00f3, &#8220;mejorar\u00e1 la respuesta por parte de mis compa\u00f1eros polic\u00edas en las diferentes zonas de Torre\u00f3n, nos permite estar muy al pendiente y pr\u00f3ximos para atender los problemas que ocurren en cada una de las colonias&#8221;.<\/p>\n\n\n\n<p>Se procedi\u00f3\u00a0 luego a\u00a0 entregar\u00a0 la llave simb\u00f3lica de las nuevas unidades, a una elemento\u00a0 Patricia G\u00f3mez\u00a0 Bravo.<\/p>\n\n\n\n<p><strong>MENSAJE.<\/strong><\/p>\n\n\n\n<p>La intervenci\u00f3n del Gobernador Manolo Jim\u00e9nez\u00a0 Salinas\u00a0 tras saludar a la audiencia ah\u00ed reunida, en especial al Comandante de la XI Regi\u00f3n Militar\u00a0 y\u00a0 resto de los mandos castrenses ah\u00ed presentes, \u00a0 para reconocer luego el invaluable apoyo recibido por \u00a0 los coahuilenses de parte del cuerpo armado,\u00a0 \u00a0 anticipando\u00a0 felicitaciones\u00a0 en la v\u00edspera de la celebraci\u00f3n del D\u00eda del Ejercito Mexicano, este 18 de febrero.\u00a0\u00a0<\/p>\n\n\n\n<p>Indic\u00f3 que &#8220;esos eventos\u00a0 son muy importantes,\u00a0 pues de entrada se fortalece la seguridad, del municipio y al mismo tiempo se fortalece la seguridad de nuestro Estado&#8221;.<\/p>\n\n\n\n<p>&#8220;Esto es fundamental, pues la seguridad es muy importante para nosotros, y as\u00ed se manda un mensaje muy claro a toda la comunidad, no solo de Torre\u00f3n, de la Laguna, de Coahuila, mas all\u00e1 de nuestras fronteras de\u00a0 que\u00a0aqu\u00ed, trabajamos coordinados, con voluntad, que son dos temas diferentes, y que son dos pilares muy importantes, uno es la coordinaci\u00f3n, que aqu\u00ed estamos todas las instituciones  presentes, las\u00a0 fuerzas armadas, el poder legislativo, ejecutivo y judicial, as\u00ed como alcaldes, la\u00a0 Fiscal\u00eda y sociedad civil\u00a0 organizada, iniciativa\u00a0 privada cerrando filas una vez m\u00e1s&#8221;.<\/p>\n\n\n\n<p>Esto, afirm\u00f3, &#8220;lo hacemos seguido, en diversas partes del Estado, y como dec\u00eda mi General, aqu\u00ed\u00a0 no esperamos a que haya un tema de inseguridad para actuar, no reaccionamos, aqu\u00ed prevenimos, y todos los d\u00edas invertimos en prevenci\u00f3n en proximidad, en inteligencia, en fuerza&#8221;.<\/p>\n\n\n\n<p>&#8220;Estas patrullas y las que hemos entregado en estos primeros meses del a\u00f1o no se entregan porque hayamos tenido un problema,\u00a0 esto es algo cotidiano, porque en el tema no podemos echar\u00a0 campanas al vuelo, no podemos bajar la guardia, aprovechar los tiempos de paz y tranquilidad para robustecerlo&#8221;.<\/p>\n\n\n\n<p>&#8220;Hoy en Coahuila en conjunto, tenemos\u00a0 10 mil elementos\u00a0 trabajando, que tambi\u00e9n es otro factor muy importante\u00a0 en el \u00e9xito\u00a0 de tenemos, y contamos con excelentes elementos&#8221;.<\/p>\n\n\n\n<p>&#8220;Hay otro tema importante aqu\u00ed, hay voluntad de entrarle\u00a0 a las cosas, porque se puede tener toda la fuerza, las herramientas, el equipo, pero si no hay voluntad\u00a0 se merma todo ese esfuerzo&#8221;.<\/p>\n\n\n\n<p>&#8220;Entonces, un reconocimiento a este gran equipo, que nos permite tener a Coahuila, como uno de los tres Estados m\u00e1s seguros del pa\u00eds&#8221;.<\/p>\n\n\n\n<p>&#8220;Adentro de Coahuila tenemos a 3 de las 15 ciudades m\u00e1s seguras de M\u00e9xico, y si tenemos seguridad tenemos calidad de vida, y para esto trabajamos toda los que estamos aqu\u00ed, y hoy con esta acci\u00f3n que tenemos aqu\u00ed, en autom\u00e1tico estamos garantizando la paz y la tranquilidad de nuestras familias. Aqu\u00ed mandamos nosotros&#8221;, expres\u00f3 para concluir\u00a0 el Gobernador.<\/p>\n","protected":false},"excerpt":{"rendered":"<p>Torre\u00f3n, Coahuila.- El Gobierno de Coahuila hizo entrega esta ma\u00f1ana, de 50 nuevas\u00a0 unidades vehiculares a la Direcci\u00f3n de Seguridad P\u00fablica con una inversi\u00f3n de 55 millones de pesos, destinadas al fortalecimiento de\u00a0 la vigilancia\u00a0 y seguridad de la poblaci\u00f3n torreonense.\u00a0 El acto, celebrado a partir de las 10:00 horas, cont\u00f3 con la presencia del Gobernador Manolo\u00a0 Jim\u00e9nez Salinas, altos mandos regionales, encabezados por el General Humberto Ibarra Flores Comandante&#8230;<\/p>\n","protected":false},"author":2,"featured_media":0,"comment_status":"closed","ping_status":"","sticky":false,"template":"","format":"standard","meta":{"footnotes":""},"categories":[5,15,28,24,7],"tags":[],"class_list":["post-24705","post","type-post","status-publish","format-standard","hentry","category-coahuila","category-gobierno-de-coahuila","category-la-laguna","category-seguridad","category-torreon","wpcat-5-id","wpcat-15-id","wpcat-28-id","wpcat-24-id","wpcat-7-id"],"_links":{"self":[{"href":"https:\/\/www.aquilaguna.com\/index.php\/wp-json\/wp\/v2\/posts\/24705","targetHints":{"allow":["GET"]}}],"collection":[{"href":"https:\/\/www.aquilaguna.com\/index.php\/wp-json\/wp\/v2\/posts"}],"about":[{"href":"https:\/\/www.aquilaguna.com\/index.php\/wp-json\/wp\/v2\/types\/post"}],"author":[{"embeddable":true,"href":"https:\/\/www.aquilaguna.com\/index.php\/wp-json\/wp\/v2\/users\/2"}],"replies":[{"embeddable":true,"href":"https:\/\/www.aquilaguna.com\/index.php\/wp-json\/wp\/v2\/comments?post=24705"}],"version-history":[{"count":1,"href":"https:\/\/www.aquilaguna.com\/index.php\/wp-json\/wp\/v2\/posts\/24705\/revisions"}],"predecessor-version":[{"id":24706,"href":"https:\/\/www.aquilaguna.com\/index.php\/wp-json\/wp\/v2\/posts\/24705\/revisions\/24706"}],"wp:attachment":[{"href":"https:\/\/www.aquilaguna.com\/index.php\/wp-json\/wp\/v2\/media?parent=24705"}],"wp:term":[{"taxonomy":"category","embeddable":true,"href":"https:\/\/www.aquilaguna.com\/index.php\/wp-json\/wp\/v2\/categories?post=24705"},{"taxonomy":"post_tag","embeddable":true,"href":"https:\/\/www.aquilaguna.com\/index.php\/wp-json\/wp\/v2\/tags?post=24705"}],"curies":[{"name":"wp","href":"https:\/\/api.w.org\/{rel}","templated":true}]}}