{"id":24710,"date":"2025-02-17T20:27:22","date_gmt":"2025-02-18T02:27:22","guid":{"rendered":"https:\/\/www.aquilaguna.com\/?p=24710"},"modified":"2025-02-17T20:27:22","modified_gmt":"2025-02-18T02:27:22","slug":"definicion-sobre-el-transporte-publico-de-torreon-se-hara-por-parte-del-municipio","status":"publish","type":"post","link":"https:\/\/www.aquilaguna.com\/index.php\/2025\/02\/17\/definicion-sobre-el-transporte-publico-de-torreon-se-hara-por-parte-del-municipio\/","title":{"rendered":"Definici\u00f3n sobre el transporte p\u00fablico de Torre\u00f3n, se hara por parte del municipio."},"content":{"rendered":"\n<p>Torre\u00f3n, Coahuila.- La definici\u00f3n\u00a0 que\u00a0 se tome en torno\u00a0 al proyecto\u00a0 del\u00a0 transporte p\u00fablico de Torreon &#8211; que incluye el destino final del metrob\u00fas-, \u00a0 correr\u00e1\u00a0 a\u00a0 cargo de\u00a0 la autoridad municipal, y  el Gobierno del Estado,\u00a0 lo estar\u00e1\u00a0 fortaleciendo\u00a0y una vez\u00a0 tomada la decisi\u00f3n se\u00a0 estar\u00e1 comunicando a la poblaci\u00f3n,\u00a0 asegura el Gobernador Manolo Jim\u00e9nez Salinas.<\/p>\n\n\n\n<p>&#8220;Lo que s\u00ed s\u00e9\u00a0 es que hay un avance, una pl\u00e1tica importante\u00a0 con Banobras\u00a0 con el municipio, para poder sumar\u00a0 lo que se ha venido haciendo\u00a0 en lo que puede ser la estrategia final\u00a0 del Transporte P\u00fablico en Torre\u00f3n&#8221;.<\/p>\n\n\n\n<p>Afirm\u00f3\u00a0 que \u00a0 &#8220;en ello se trabaja, y cuando est\u00e9\u00a0 esto todo liso, se va a comunicar. Ya estamos en eso y cuando se tenga listo se va a comunicar&#8221;.<\/p>\n\n\n\n<p>Informo adem\u00e1s, que en pr\u00f3ximas fechas &#8220;se va a definir en todo el Estado, el tema del transporte p\u00fablico,\u00a0 tema que dirige y organiza y ejecutan los municipios&#8221;.<\/p>\n\n\n\n<p>&#8220;Lo que hacemos nosotros, Saltillo define su proyecto\u00a0 de su transporte Monclova igual,\u00a0 y nosotros apoyamos y nos sumamos&#8221;.<\/p>\n\n\n\n<p>&#8220;Aqu\u00ed, junto con el alcalde se va a definir cual es el mejor proyecto de transporte para Torre\u00f3n y en torno a eso, vamos a fortalecerlo, h\u00e1blese del metrob\u00fas, de una estrategia que fortalezca, o algo por el estilo&#8221;.\u00a0<\/p>\n\n\n\n<p><strong>AUDITORIAS.<\/strong><\/p>\n\n\n\n<p>En cuanto al proceso de Auditor\u00eda que se viene aplicando sobre la operaci\u00f3n de SIMAS-Rural que opera \u00a0 colonias y ejidos\u00a0 la zona norte del municipio de Torre\u00f3n y\u00a0 la zona urbana de Matamoros,\u00a0 el Gobernador\u00a0 Jim\u00e9nez Salinas\u00a0 inform\u00f3 que\u00a0&#8220;ya hay algunos resultados y tengo entendido que en la pr\u00f3xima semana se dar\u00e1 a conocer sus resultados a quienes\u00a0 est\u00e1n en tal servicio para hacer las correciones necesarias&#8221;.<\/p>\n\n\n\n<p><strong>\u00a0ESTACION NAZAS.<\/strong><\/p>\n\n\n\n<p>En\u00a0 el tema  sobre\u00a0 resultados arrojados a la fecha\u00a0 sobre las investigaciones que gener\u00f3 a su gobierno, el colapso registrado en las obras inconclusas de la Estaci\u00f3n Nazas, del Metrob\u00fas Laguna, hace ya unas semanas,\u00a0 dio a conocer\u00a0&#8220;no tengo a detalle\u00a0 sobre lo que se est\u00e1 haciendo, se que se est\u00e1 haciendo, ah\u00ed le voy a pedir a ya sea al Secretario de Obras P\u00fablicas, o al de Transporte que pueda pasar la informaci\u00f3n de este Dict\u00e1men&#8221;.<\/p>\n","protected":false},"excerpt":{"rendered":"<p>Torre\u00f3n, Coahuila.- La definici\u00f3n\u00a0 que\u00a0 se tome en torno\u00a0 al proyecto\u00a0 del\u00a0 transporte p\u00fablico de Torreon &#8211; que incluye el destino final del metrob\u00fas-, \u00a0 correr\u00e1\u00a0 a\u00a0 cargo de\u00a0 la autoridad municipal, y el Gobierno del Estado,\u00a0 lo estar\u00e1\u00a0 fortaleciendo\u00a0y una vez\u00a0 tomada la decisi\u00f3n se\u00a0 estar\u00e1 comunicando a la poblaci\u00f3n,\u00a0 asegura el Gobernador Manolo Jim\u00e9nez Salinas. &#8220;Lo que s\u00ed s\u00e9\u00a0 es que hay un avance, una pl\u00e1tica importante\u00a0 con&#8230;<\/p>\n","protected":false},"author":2,"featured_media":0,"comment_status":"closed","ping_status":"","sticky":false,"template":"","format":"standard","meta":{"footnotes":""},"categories":[5,28,7,68],"tags":[],"class_list":["post-24710","post","type-post","status-publish","format-standard","hentry","category-coahuila","category-la-laguna","category-torreon","category-transporte","wpcat-5-id","wpcat-28-id","wpcat-7-id","wpcat-68-id"],"_links":{"self":[{"href":"https:\/\/www.aquilaguna.com\/index.php\/wp-json\/wp\/v2\/posts\/24710","targetHints":{"allow":["GET"]}}],"collection":[{"href":"https:\/\/www.aquilaguna.com\/index.php\/wp-json\/wp\/v2\/posts"}],"about":[{"href":"https:\/\/www.aquilaguna.com\/index.php\/wp-json\/wp\/v2\/types\/post"}],"author":[{"embeddable":true,"href":"https:\/\/www.aquilaguna.com\/index.php\/wp-json\/wp\/v2\/users\/2"}],"replies":[{"embeddable":true,"href":"https:\/\/www.aquilaguna.com\/index.php\/wp-json\/wp\/v2\/comments?post=24710"}],"version-history":[{"count":1,"href":"https:\/\/www.aquilaguna.com\/index.php\/wp-json\/wp\/v2\/posts\/24710\/revisions"}],"predecessor-version":[{"id":24711,"href":"https:\/\/www.aquilaguna.com\/index.php\/wp-json\/wp\/v2\/posts\/24710\/revisions\/24711"}],"wp:attachment":[{"href":"https:\/\/www.aquilaguna.com\/index.php\/wp-json\/wp\/v2\/media?parent=24710"}],"wp:term":[{"taxonomy":"category","embeddable":true,"href":"https:\/\/www.aquilaguna.com\/index.php\/wp-json\/wp\/v2\/categories?post=24710"},{"taxonomy":"post_tag","embeddable":true,"href":"https:\/\/www.aquilaguna.com\/index.php\/wp-json\/wp\/v2\/tags?post=24710"}],"curies":[{"name":"wp","href":"https:\/\/api.w.org\/{rel}","templated":true}]}}