{"id":24746,"date":"2025-02-19T20:17:11","date_gmt":"2025-02-20T02:17:11","guid":{"rendered":"https:\/\/www.aquilaguna.com\/?p=24746"},"modified":"2025-02-19T20:17:12","modified_gmt":"2025-02-20T02:17:12","slug":"se-preve-descenso-en-la-en-coahuila","status":"publish","type":"post","link":"https:\/\/www.aquilaguna.com\/index.php\/2025\/02\/19\/se-preve-descenso-en-la-en-coahuila\/","title":{"rendered":"SE PREV\u00c9 DESCENSO EN LA EN COAHUILA."},"content":{"rendered":"\n<p>Saltillo, Coahuila de Zaragoza; a 19 de febrero de 2025.- La Secretar\u00eda de Gobierno a trav\u00e9s de la Coordinaci\u00f3n de Protecci\u00f3n Civil Estatal informa que una masa de aire \u00e1rtico asociada al frente fr\u00edo 28, en combinaci\u00f3n con la corriente en chorro subtropical, generar\u00e1 un descenso en las temperaturas en Coahuila.<\/p>\n\n\n\n<p><strong>TEMPERATURAS ESPERADAS:<\/strong><\/p>\n\n\n\n<p><strong>REGI\u00d3N NORTE:<\/strong><\/p>\n\n\n\n<p>\u00b7&nbsp;&nbsp;&nbsp;&nbsp;&nbsp;&nbsp;Jueves: M\u00e1xima 7\u00b0C \/ M\u00ednima 0\u00b0C<\/p>\n\n\n\n<p>\u00b7&nbsp;&nbsp;&nbsp;&nbsp;&nbsp;&nbsp;Viernes: M\u00e1xima 8\u00b0C \/ M\u00ednima 3\u00b0C<\/p>\n\n\n\n<p><strong>REGI\u00d3N CARBON\u00cdFERA:<\/strong><\/p>\n\n\n\n<p>\u00b7&nbsp;&nbsp;&nbsp;&nbsp;&nbsp;&nbsp;Jueves: M\u00e1xima 7\u00b0C \/ M\u00ednima -1\u00b0C<\/p>\n\n\n\n<p>\u00b7&nbsp;&nbsp;&nbsp;&nbsp;&nbsp;&nbsp;Viernes: M\u00e1xima 9\u00b0C \/ M\u00ednima 1\u00b0C<\/p>\n\n\n\n<p><strong>REGI\u00d3N CENTRO:<\/strong><\/p>\n\n\n\n<p>\u00b7&nbsp;&nbsp;&nbsp;&nbsp;&nbsp;&nbsp;Jueves: M\u00e1xima 9\u00b0C \/ M\u00ednima 0\u00b0C<\/p>\n\n\n\n<p>\u00b7&nbsp;&nbsp;&nbsp;&nbsp;&nbsp;&nbsp;Viernes: M\u00e1xima 11\u00b0C \/ M\u00ednima 3\u00b0C<\/p>\n\n\n\n<p><strong>REGI\u00d3N LAGUNA:<\/strong><\/p>\n\n\n\n<p>\u00b7&nbsp;&nbsp;&nbsp;&nbsp;&nbsp;&nbsp;Jueves: M\u00e1xima 24\u00b0C \/ M\u00ednima 6\u00b0C<\/p>\n\n\n\n<p>\u00b7&nbsp;&nbsp;&nbsp;&nbsp;&nbsp;&nbsp;Viernes: M\u00e1xima 24\u00b0C \/ M\u00ednima 8\u00b0C<\/p>\n\n\n\n<p><strong>REGI\u00d3N SURESTE:<\/strong><\/p>\n\n\n\n<p>\u00b7&nbsp;&nbsp;&nbsp;&nbsp;&nbsp;&nbsp;Jueves: M\u00e1xima 17\u00b0C \/ M\u00ednima 8\u00b0C<\/p>\n\n\n\n<p>\u00b7&nbsp;&nbsp;&nbsp;&nbsp;&nbsp;&nbsp;Viernes: M\u00e1xima 17\u00b0C \/M\u00ednima 8\u00b0C<\/p>\n\n\n\n<p><strong>OTRAS CONDICIONES:<\/strong><\/p>\n\n\n\n<p>\u00b7&nbsp;&nbsp;&nbsp;&nbsp;&nbsp;&nbsp;Viento de 30 a 50 km\/h con rachas de 60 a 80 km\/h y tolvaneras en las regiones Norte, Carbon\u00edfera y Centro.<\/p>\n\n\n\n<p><strong>RECOMENDACIONES:<\/strong><\/p>\n\n\n\n<p>\u00b7&nbsp;&nbsp;&nbsp;&nbsp;&nbsp;&nbsp;Abr\u00edgate bien, especialmente en las ma\u00f1anas y las noches.<\/p>\n\n\n\n<p>\u00b7&nbsp;&nbsp;&nbsp;&nbsp;&nbsp;&nbsp;Evita salir si hay vientos fuertes o lluvias intensas.<\/p>\n\n\n\n<p>\u00b7&nbsp;&nbsp;&nbsp;&nbsp;&nbsp;&nbsp;Maneja con precauci\u00f3n, ya que la lluvia y el viento pueden dificultar la visibilidad.<\/p>\n\n\n\n<p>\u00b7&nbsp;&nbsp;&nbsp;&nbsp;&nbsp;&nbsp;Mantente informado a trav\u00e9s de los avisos oficiales del Servicio Meteorol\u00f3gico Nacional y de Protecci\u00f3n Civil.<\/p>\n\n\n\n<p>El Sistema Estatal de Protecci\u00f3n Civil est\u00e1 atento a las condiciones del clima. Si es necesario, se enviar\u00e1n alertas y se brindar\u00e1 ayuda a la poblaci\u00f3n.<\/p>\n\n\n\n<p><strong>EN TU VIVIENDA<\/strong><\/p>\n\n\n\n<p>\u00b7&nbsp;&nbsp;&nbsp;&nbsp;&nbsp;&nbsp;Cierra y asegura puertas, ventanas o toldos.<\/p>\n\n\n\n<p>\u00b7&nbsp;&nbsp;&nbsp;&nbsp;&nbsp;&nbsp;Retira todos aquellos objetos que puedan caer a la calle y provocar un accidente.<\/p>\n\n\n\n<p>\u00b7&nbsp;&nbsp;&nbsp;&nbsp;&nbsp;&nbsp;Si los vidrios de las ventanas no son resistentes, coloca cinta adhesiva transparente en la parte interior para evitar que al romperse provoquen da\u00f1os.<\/p>\n\n\n\n<p>\u00b7&nbsp;&nbsp;&nbsp;&nbsp;&nbsp;&nbsp;Evita salir de casa si no es necesario.<\/p>\n\n\n\n<p><strong>EN LA CALLE O EN EL CAMPO:<\/strong><\/p>\n\n\n\n<p>\u00b7&nbsp;&nbsp;&nbsp;&nbsp;&nbsp;&nbsp;Al\u00e9jate de cornisas, muros o \u00e1rboles que puedan desprenderse.<\/p>\n\n\n\n<p>\u00b7&nbsp;&nbsp;&nbsp;&nbsp;&nbsp;&nbsp;Toma precauciones frente a edificaciones en construcci\u00f3n o en mal estado.<\/p>\n\n\n\n<p>\u00b7&nbsp;&nbsp;&nbsp;&nbsp;&nbsp;&nbsp;Abstente de subir a andamios sin las adecuadas medidas de protecci\u00f3n.<\/p>\n\n\n\n<p>\u00b7&nbsp;&nbsp;&nbsp;&nbsp;&nbsp;&nbsp;No te resguardes del viento en zonas cercanas a muros, \u00e1rboles o edificios en mal estado o en construcci\u00f3n.<\/p>\n\n\n\n<p><strong>SI EST\u00c1S CONDUCIENDO:<\/strong><\/p>\n\n\n\n<p>\u00b7&nbsp;&nbsp;&nbsp;&nbsp;&nbsp;&nbsp;Evita manejar por \u00e1reas inundadas y por agua estancada.<\/p>\n\n\n\n<p>\u00b7&nbsp;&nbsp;&nbsp;&nbsp;&nbsp;&nbsp;Ten precauci\u00f3n, ya que son frecuentes los cortes en v\u00edas debido a la ca\u00edda de \u00e1rboles y cables el\u00e9ctricos.<\/p>\n\n\n\n<p>\u00b7&nbsp;&nbsp;&nbsp;&nbsp;&nbsp;&nbsp;Conduce con cuidado, ya que puede haber formaci\u00f3n de nubes de polvo.<\/p>\n\n\n\n<p>\u00b7&nbsp;&nbsp;&nbsp;&nbsp;&nbsp;&nbsp;Si tu auto se ve afectado por la fuerza del viento, evita los rebases y ten precauci\u00f3n en los cruces y puentes.<\/p>\n\n\n\n<p>\u00b7&nbsp;&nbsp;&nbsp;&nbsp;&nbsp;&nbsp;Conduce con precauci\u00f3n, disminuyendo la velocidad y con las luces encendidas si la visibilidad es escasa.<\/p>\n\n\n\n<p>\u00b7&nbsp;&nbsp;&nbsp;&nbsp;&nbsp;&nbsp;Ten precauci\u00f3n al adelantar veh\u00edculos de carga pesada, ya que pueden hacer movimientos imprevistos.<\/p>\n\n\n\n<p>\u00b7&nbsp;&nbsp;&nbsp;&nbsp;&nbsp;&nbsp;Localiza con anticipaci\u00f3n los Refugios Temporales habilitados por las autoridades en la p\u00e1gina&nbsp;<a href=\"http:\/\/proteccioncivil.sfpcoahuila.gob.mx\/modulo22.php?opcion=8\" target=\"_blank\" rel=\"noreferrer noopener\">http:\/\/proteccioncivil.sfpcoahuila.gob.mx\/modulo22.php?opcion=8<\/a>.<\/p>\n\n\n\n<p><strong>PARA LAS ZONAS ALTAS DEL ESTADO, DONDE HABR\u00c1 DESCENSO EN LAS TEMPERATURAS:<\/strong><\/p>\n\n\n\n<p>\u00b7&nbsp;&nbsp;&nbsp;&nbsp;&nbsp;&nbsp;Evita intoxicaciones por el uso de carb\u00f3n, le\u00f1a y gas como fuentes de calefacci\u00f3n en el interior de las casas.<\/p>\n\n\n\n<p>\u00b7&nbsp;&nbsp;&nbsp;&nbsp;&nbsp;&nbsp;Verifica que tu casa no tenga filtraciones de aire. Sella puertas y ventanas con cinta adhesiva u otros materiales similares.<\/p>\n\n\n\n<p>\u00b7&nbsp;&nbsp;&nbsp;&nbsp;&nbsp;&nbsp;Abr\u00edgate con ropa adecuada (gorro, bufanda, tapabocas, guantes, chamarra, etc.) y permanece, en lo posible, en lugares cerrados.<\/p>\n\n\n\n<p>\u00b7&nbsp;&nbsp;&nbsp;&nbsp;&nbsp;&nbsp;Bebe l\u00edquidos calientes y consume alimentos ricos en carbohidratos (energ\u00eda), como pan, tortillas, chocolates y grasas, as\u00ed como vitaminas \u201cC\u201d (c\u00edtricos, ciruelas, guayaba, pi\u00f1a, etc.).<\/p>\n\n\n\n<p>\u00b7&nbsp;&nbsp;&nbsp;&nbsp;&nbsp;&nbsp;Si los materiales con los que est\u00e1 construida tu casa son l\u00e1minas, madera o cart\u00f3n, identifica el Refugio Temporal m\u00e1s cercano y, en caso de necesidad, trasl\u00e1dalo hacia \u00e9l.<\/p>\n\n\n\n<p>\u00b7&nbsp;&nbsp;&nbsp;&nbsp;&nbsp;&nbsp;Informa a las autoridades competentes y procura especial cuidado a los grupos o personas vulnerables (menores de edad, adultos mayores, enfermos, personas con discapacidades y en situaci\u00f3n de calle) para su atenci\u00f3n.<\/p>\n\n\n\n<p>\u00b7&nbsp;&nbsp;&nbsp;&nbsp;&nbsp;&nbsp;Si padeces enfermedades respiratorias o cardiacas, evita las corrientes de aire fr\u00edo y no salgas a zonas fr\u00edas.<\/p>\n\n\n\n<p>\u00b7&nbsp;&nbsp;&nbsp;&nbsp;&nbsp;&nbsp;Ubica con anticipaci\u00f3n los Refugios Temporales habilitados por las autoridades para estos casos en la p\u00e1gina&nbsp;<a href=\"http:\/\/proteccioncivil.sfpcoahuila.gob.mx\/modulo22.php?opcion=8\" target=\"_blank\" rel=\"noreferrer noopener\">http:\/\/proteccioncivil.sfpcoahuila.gob.mx\/modulo22.php?opcion=8<\/a>.<\/p>\n\n\n\n<p>\u00b7&nbsp;&nbsp;&nbsp;&nbsp;&nbsp;&nbsp;\u00a1Evita incendios! No sobrecargues las tomas de corriente el\u00e9ctrica con aparatos el\u00e9ctricos.<\/p>\n\n\n\n<p>\u00b7&nbsp;&nbsp;&nbsp;&nbsp;&nbsp;&nbsp;Mantente informado por los medios oficiales de comunicaci\u00f3n y atento a los avisos que emita el Servicio Meteorol\u00f3gico Nacional y la Coordinaci\u00f3n de Protecci\u00f3n Civil del Estado.<\/p>\n\n\n\n<p>\u00b7&nbsp;&nbsp;&nbsp;&nbsp;&nbsp;&nbsp;Ante cualquier emergencia, la ciudadan\u00eda puede llamar al 911.<\/p>\n","protected":false},"excerpt":{"rendered":"<p>Saltillo, Coahuila de Zaragoza; a 19 de febrero de 2025.- La Secretar\u00eda de Gobierno a trav\u00e9s de la Coordinaci\u00f3n de Protecci\u00f3n Civil Estatal informa que una masa de aire \u00e1rtico asociada al frente fr\u00edo 28, en combinaci\u00f3n con la corriente en chorro subtropical, generar\u00e1 un descenso en las temperaturas en Coahuila. TEMPERATURAS ESPERADAS: REGI\u00d3N NORTE: \u00b7&nbsp;&nbsp;&nbsp;&nbsp;&nbsp;&nbsp;Jueves: M\u00e1xima 7\u00b0C \/ M\u00ednima 0\u00b0C \u00b7&nbsp;&nbsp;&nbsp;&nbsp;&nbsp;&nbsp;Viernes: M\u00e1xima 8\u00b0C \/ M\u00ednima 3\u00b0C REGI\u00d3N CARBON\u00cdFERA: \u00b7&nbsp;&nbsp;&nbsp;&nbsp;&nbsp;&nbsp;Jueves:&#8230;<\/p>\n","protected":false},"author":1,"featured_media":24747,"comment_status":"closed","ping_status":"closed","sticky":false,"template":"","format":"standard","meta":{"footnotes":""},"categories":[27,5,15,54],"tags":[],"class_list":["post-24746","post","type-post","status-publish","format-standard","has-post-thumbnail","hentry","category-clima","category-coahuila","category-gobierno-de-coahuila","category-proteccion-civil","wpcat-27-id","wpcat-5-id","wpcat-15-id","wpcat-54-id"],"_links":{"self":[{"href":"https:\/\/www.aquilaguna.com\/index.php\/wp-json\/wp\/v2\/posts\/24746","targetHints":{"allow":["GET"]}}],"collection":[{"href":"https:\/\/www.aquilaguna.com\/index.php\/wp-json\/wp\/v2\/posts"}],"about":[{"href":"https:\/\/www.aquilaguna.com\/index.php\/wp-json\/wp\/v2\/types\/post"}],"author":[{"embeddable":true,"href":"https:\/\/www.aquilaguna.com\/index.php\/wp-json\/wp\/v2\/users\/1"}],"replies":[{"embeddable":true,"href":"https:\/\/www.aquilaguna.com\/index.php\/wp-json\/wp\/v2\/comments?post=24746"}],"version-history":[{"count":1,"href":"https:\/\/www.aquilaguna.com\/index.php\/wp-json\/wp\/v2\/posts\/24746\/revisions"}],"predecessor-version":[{"id":24748,"href":"https:\/\/www.aquilaguna.com\/index.php\/wp-json\/wp\/v2\/posts\/24746\/revisions\/24748"}],"wp:featuredmedia":[{"embeddable":true,"href":"https:\/\/www.aquilaguna.com\/index.php\/wp-json\/wp\/v2\/media\/24747"}],"wp:attachment":[{"href":"https:\/\/www.aquilaguna.com\/index.php\/wp-json\/wp\/v2\/media?parent=24746"}],"wp:term":[{"taxonomy":"category","embeddable":true,"href":"https:\/\/www.aquilaguna.com\/index.php\/wp-json\/wp\/v2\/categories?post=24746"},{"taxonomy":"post_tag","embeddable":true,"href":"https:\/\/www.aquilaguna.com\/index.php\/wp-json\/wp\/v2\/tags?post=24746"}],"curies":[{"name":"wp","href":"https:\/\/api.w.org\/{rel}","templated":true}]}}