{"id":24751,"date":"2025-02-19T20:32:39","date_gmt":"2025-02-20T02:32:39","guid":{"rendered":"https:\/\/www.aquilaguna.com\/?p=24751"},"modified":"2025-02-19T20:33:18","modified_gmt":"2025-02-20T02:33:18","slug":"24751","status":"publish","type":"post","link":"https:\/\/www.aquilaguna.com\/index.php\/2025\/02\/19\/24751\/","title":{"rendered":"Aqu\u00ed Laguna."},"content":{"rendered":"\n<p>\u00a1Un mundo nos vigila!,\u00a0y nada que\u00a0la presencia de &#8220;aviones\u00a0 esp\u00edas&#8221; y drones desplegando sus vuelos sobre el espacio a\u00e9reo lindando las fronteras de nuestra patria y los otros instrumentos no tan altos, pero a cargo de la CIA,\u00a0 forman parte de los proleg\u00f3menos\u00a0 que anticipan &#8220;otras medidas&#8221; menos &#8220;glamorosas&#8221;, que las citadas,\u00a0 por\u00a0 aut\u00e9nticas\u00a0 incursiones armadas\u00a0 sobre\u00a0 territorio nacional -al m\u00e1s puro\u00a0 y cinemat\u00f3grafo estilo de rambo-, una vez que ya de manera oficial, los\u00a0 vecinos\u00a0 bajo gobierno de\u00a0 Donald\u00a0 Trump \u00a0 han calificado\u00a0de &#8220;Terrroristas&#8221;\u00a0 por lo menos a 7 organizaciones\u00a0 delictivas o &#8220;carteles&#8221; de narcotraficantes de origen mexicano a bajo el argumento de que son estas las que\u00a0 han inundado de\u00a0 droga\u00a0 y muerte a su poblaci\u00f3n.<\/p>\n\n\n\n<p>Tal &#8220;declaratoria&#8221; se produjo este d\u00eda, a cargo del &#8220;Halc\u00f3n&#8221; de la Casa Blanca, siendo pues ya amenaza cumplida. Resta conocer hoy tambi\u00e9n, la respuesta de nuestra Presidenta Claudia Sheinbaum\u00a0 dado que el calificativo impuesto,\u00a0 estar\u00e1 generando \u00a0 impactos\u00a0 impredecibles en la vida de\u00a0 todos los mexicanos, no solo en el \u00e1mbito econ\u00f3mico, que tambi\u00e9n\u00a0 impone el \u00a0 poderoso vecino,\u00a0 sino en materia de seguridad, por la inseguridad que genere las posibles incursiones armadas\u00a0 de &#8220;marines&#8221;\u00a0 y fuerzas especiales \u00a0 para combatir o sustraer a quienes ya tengan identificados\u00a0 como cabezas de &#8220;terrorismo&#8221;, algunos de los cuales ya est\u00e1n\u00a0 en estas tierras,\u00a0 bajo el subterfugio de ser\u00a0 &#8220;entrenadores de nuestro grupos de\u00a0las\u00a0 fuerzas armadas&#8221;\u00a0 una vez que a nuestros gobiernos, el del vecino Estados Unidos ingrese al pais, para realizar\u00a0 la selectiva tarea de combatirlos en sus propios sitios que dominan, algunos \u00a0 conocida y abierta connivencia con\u00a0 ciertos elementos de su clase pol\u00edtica toda.<\/p>\n\n\n\n<p>Al parecer\u00a0 y hasta ahora\u00a0 las tareas a cargo del superman mexicano Omar Garcia\u00a0 Hartfuch, parece que no les llena el ojo a los exigentes vecinos, por m\u00e1s y que aporte resultados\u00a0 hasta hoy solo en el descompuesto territorio Sinaloense\u00a0 y otras entidades de la costa del Pac\u00edfico, entre estas las del vecino Estado de Durango, a\u00a0donde a su Gobernador Esteban Villegas, se la atoran &#8220;los gallos&#8221;\u00a0 no cantando, sino pensando en las dif\u00edciles condiciones\u00a0 en las que se coloca a su gobierno\u00a0 las amenazas de muerte sobre su persona, por muy fake news,\u00a0 que diga que son, en el sensible tiempo electoral por el que atraviesa la entidad a su cargo. Vientos\u00a0 de fronda pues\u00a0 en el escenario patrio&#8230;<\/p>\n\n\n\n<p>Operaci\u00f3n Resurrecci\u00f3n, debi\u00f3 llamarse la realizada el pasado domingo en\u00a0 las cinco municipios de la regi\u00f3n lagunera de Coahuila,\u00a0que culmin\u00f3 tal d\u00eda con la jornada electoral para elegir, designar seg\u00fan sea el caso a\u00a0 quienes encabezaran\u00a0el Comit\u00e9 municipal respectivo de la Confederaci\u00f3n Nacional Campesina -CNC-, tras larga, largu\u00edsima agon\u00eda derivada de la\u00a0 virtual extinci\u00f3n de lo que fuera\u00a0 el llamado &#8220;reino del algod\u00f3n&#8221;, cunero del famoso &#8220;voto verde&#8221; que\u00a0singulariz\u00f3\u00a0 la infraestructura\u00a0 econ\u00f3mica, social y pol\u00edtica\u00a0 del ejido, tras el Reparo Agrario de 1936\u00a0 que encumbrara\u00a0 a tantos y tantos farsantes en tiempos de la hegemon\u00eda priista en el pa\u00eds. Hoy el campesinado lagunero, se encuentra en\u00a0 extinci\u00f3n, pues resulta que son pocos, muy pocos los\u00a0 campesinos que tienen aun como actividad principal el cultivo de la tierra,\u00a0 negados como est\u00e1n\u00a0 desde\u00a0 la mitad de la d\u00e9cada de los a\u00f1os 90&#8217;S de cr\u00e9dito \u00a0oficial alguno, tras la desaparici\u00f3n del famoso Banrural,\u00a0 de ah\u00ed que las tierras ejidales con vocaci\u00f3n agropecuaria, que no fueron acaparadas  tras la reforma\u00a0 de Salinas de Gortari,\u00a0 y que\u00a0no\u00a0se destinaran, ya en manos privadas, en fraccionamientos de nivel medio o de lujo, \u00a0 y hasta en Parques Industriales en espera de los inversionistas\u00a0 que se hacen remolones en llegar, est\u00e1n destinadas a formar parte de los muy extensos neolatifundios\u00a0 destinados a la producci\u00f3n de forrajes destinados a\u00a0 alimentar el m\u00e1s del millon de cabezas de ganado lechero en producci\u00f3n, y la consecuente sobreexplotaci\u00f3n a trav\u00e9s de\u00a0 las\u00a0 m\u00e1s de 2,400 norias \u00a0 del acu\u00edfero\u00a0 subterr\u00e1neo, a las que se agrega el volumen principal de las aguas de gravedad.<\/p>\n\n\n\n<p>En la jornada dominical llam\u00f3 la atenci\u00f3n\u00a0la\u00a0participaci\u00f3n de las mujeres, hoy por hoy,\u00a0 ocupantes en su mayor\u00eda de \u00a0 las posici\u00f3n de &#8220;Comisariadas&#8221; en los ejidos laguneros, situaci\u00f3n impensable\u00a0 hace algunos ayeres, cuando\u00a0 ser el titular, poseedor\u00a0 del uso del famoso &#8220;sello&#8221;\u00a0 ejidal garantizaban la transferencia de recursos p\u00fablicos\u00a0 casi casi a fondo perdido\u00a0 a los ejidos\u00a0 y sobre todo, el dominio pol\u00edtico sobre los representados. Hoy son las f\u00e9minas las que\u00a0 en mayor\u00eda, se encargan de la gesti\u00f3n de los\u00a0 ejidos y lo que  resta de ellos, de ah\u00ed que solo en Torre\u00f3n, se hayan registrado cinco aspirantes a la dirigencia municipal, elecci\u00f3n que no estuvo exenta de &#8220;injerencias&#8221;\u00a0 extra\u00f1as que no se pudieron evitar, reeditando\u00a0 el desencuentro entre el alcalde Cepeda Gonz\u00e1lez, y el Contador\u00a0 Herrera,\u00a0 pues\u00a0 hubo utilizaci\u00f3n de\u00a0 pesos y estructura. Con todo\u00a0 se midi\u00f3\u00a0 el tama\u00f1o\u00a0 y potencial \u00a0 de la fuerza social y pol\u00edtica del mundo rural en la Laguna, que no hace\u00a0&#8220;migas&#8221; con MORENA\u00a0 y otras fuerzas partidistas, de ah\u00ed que al parecer, la presencia de Carlos Robles Lostanau,\u00a0 acompa\u00f1ado por Alvaro Moreira, Chuma Montemayor y Ricardo Delgado la tarde\u00a0 del martes\u00a0 de esta misma semana,\u00a0 en las oficinas del PRI Municipal de Torre\u00f3n,\u00a0 para realizar la Operaci\u00f3n Cicatriz,\u00a0 entre quienes se sienten &#8220;lastimados&#8221; por las incursiones citadas, de ah\u00ed\u00a0 que dicen el suelo no estuvo parejo y exigen respeto, y as\u00ed en el resto de los municipios laguneros donde tambi\u00e9n\u00a0hubo una buena participaci\u00f3n. Este ejercicio\u00a0 de &#8220;calentamiento&#8221; pol\u00edtico, redituar algo a algunos\u00a0 de sus participantes, toda vez que se\u00a0 menciona que algunos pudieran resultar incluidos, como meros suplentes en las f\u00f3rmulas\u00a0 que propondr\u00e1 el PRI para las diputaciones locales en el 2026, adem\u00e1s, corren invitaciones para la comida, este mismo s\u00e1bado cual\u00a0 celebraci\u00f3n del Dia del Agr\u00f3nomo,\u00a0 cual\u00a0 festin de la victoria, por parte de H\u00e9ctor Estrada&#8230;<\/p>\n\n\n\n<p>Otra elecci\u00f3n en puerta,\u00a0 que seg\u00fan se ve, hay recursos para derrochar es la que est\u00e1 en proceso entre los integrantes de la Secci\u00f3n XII\u00a0del Sindicato\u00a0 nacional del IMSS, la profusi\u00f3n de im\u00e1genes y lemas\u00a0 identificatorios\u00a0 de los tres aspirantes a la Secretaria General de la Secci\u00f3n mencionada\u00a0 tapizan literal y figuradamente\u00a0 paredes, pasillos, puerta, etc., etc.,\u00a0 esperando despertar el inter\u00e9s de\u00a0 los trabajadores Anastasio G\u00f3mez Moreno &#8220;Tacho&#8221;, el\u00a0 enfermero Enrique Omar Meza Sandoval, y Doctor Gerardo Gonz\u00e1lez&#8230;<\/p>\n\n\n\n<p>Y el Rector de la UAdeC, Ingeniero\u00a0 Octavio Pimentel, hizo suyo el Auditorio del Centro Cultural Universitario, esta misma semana, para\u00a0 rendir\u00a0 especialmente a la \u00a0 comunidad estudiantil\u00a0 de la Unidad Torre\u00f3n un pormenorizado\u00a0 Informe\u00a0 de Resultados obtenidos en su primer a\u00f1o de Gesti\u00f3n\u00a0 al frente de la M\u00e1xima Casa de estudios y anticipar planes y retos\u00a0 el segundo tramo\u00a0 que ya inicia&#8230;.<\/p>\n\n\n\n<p>Vaya retraso que registra la entrega de la obra\u00a0 denominada &#8220;Paseo Matamoros&#8221; planeada y ejecutada con recursos\u00a0 de la anterior gesti\u00f3n a cargo del Licenciado Rom\u00e1n\u00a0Cepeda Gonz\u00e1lez, esperando, que\u00a0 no\u00a0 vaya a correr la suerte que ahora exhibe\u00a0el Paseo Morelos\u00a0y la falta de atenci\u00f3n que en ella pusieran los comerciantes organizados por mucho tiempo, para nada&#8230;<\/p>\n","protected":false},"excerpt":{"rendered":"<p>\u00a1Un mundo nos vigila!,\u00a0y nada que\u00a0la presencia de &#8220;aviones\u00a0 esp\u00edas&#8221; y drones desplegando sus vuelos sobre el espacio a\u00e9reo lindando las fronteras de nuestra patria y los otros instrumentos no tan altos, pero a cargo de la CIA,\u00a0 forman parte de los proleg\u00f3menos\u00a0 que anticipan &#8220;otras medidas&#8221; menos &#8220;glamorosas&#8221;, que las citadas,\u00a0 por\u00a0 aut\u00e9nticas\u00a0 incursiones armadas\u00a0 sobre\u00a0 territorio nacional -al m\u00e1s puro\u00a0 y cinemat\u00f3grafo estilo de rambo-, una vez que&#8230;<\/p>\n","protected":false},"author":2,"featured_media":0,"comment_status":"closed","ping_status":"closed","sticky":false,"template":"","format":"standard","meta":{"footnotes":""},"categories":[8],"tags":[],"class_list":["post-24751","post","type-post","status-publish","format-standard","hentry","category-aqui-laguna","wpcat-8-id"],"_links":{"self":[{"href":"https:\/\/www.aquilaguna.com\/index.php\/wp-json\/wp\/v2\/posts\/24751","targetHints":{"allow":["GET"]}}],"collection":[{"href":"https:\/\/www.aquilaguna.com\/index.php\/wp-json\/wp\/v2\/posts"}],"about":[{"href":"https:\/\/www.aquilaguna.com\/index.php\/wp-json\/wp\/v2\/types\/post"}],"author":[{"embeddable":true,"href":"https:\/\/www.aquilaguna.com\/index.php\/wp-json\/wp\/v2\/users\/2"}],"replies":[{"embeddable":true,"href":"https:\/\/www.aquilaguna.com\/index.php\/wp-json\/wp\/v2\/comments?post=24751"}],"version-history":[{"count":2,"href":"https:\/\/www.aquilaguna.com\/index.php\/wp-json\/wp\/v2\/posts\/24751\/revisions"}],"predecessor-version":[{"id":24753,"href":"https:\/\/www.aquilaguna.com\/index.php\/wp-json\/wp\/v2\/posts\/24751\/revisions\/24753"}],"wp:attachment":[{"href":"https:\/\/www.aquilaguna.com\/index.php\/wp-json\/wp\/v2\/media?parent=24751"}],"wp:term":[{"taxonomy":"category","embeddable":true,"href":"https:\/\/www.aquilaguna.com\/index.php\/wp-json\/wp\/v2\/categories?post=24751"},{"taxonomy":"post_tag","embeddable":true,"href":"https:\/\/www.aquilaguna.com\/index.php\/wp-json\/wp\/v2\/tags?post=24751"}],"curies":[{"name":"wp","href":"https:\/\/api.w.org\/{rel}","templated":true}]}}