{"id":24757,"date":"2025-02-20T18:04:03","date_gmt":"2025-02-21T00:04:03","guid":{"rendered":"https:\/\/www.aquilaguna.com\/?p=24757"},"modified":"2025-02-20T18:04:04","modified_gmt":"2025-02-21T00:04:04","slug":"por-una-universidad-inclusiva-la-uadec-presenta-la-guia-integral-de-atencion-y-prevencion-a-la-discriminacion-y-violencia-de-identidad-de-genero-y-orientacion-sexual","status":"publish","type":"post","link":"https:\/\/www.aquilaguna.com\/index.php\/2025\/02\/20\/por-una-universidad-inclusiva-la-uadec-presenta-la-guia-integral-de-atencion-y-prevencion-a-la-discriminacion-y-violencia-de-identidad-de-genero-y-orientacion-sexual\/","title":{"rendered":"Por una Universidad Inclusiva la UAdeC Presenta la Gu\u00eda Integral de Atenci\u00f3n y Prevenci\u00f3n a la Discriminaci\u00f3n y Violencia de Identidad de G\u00e9nero y Orientaci\u00f3n Sexual."},"content":{"rendered":"\n<p>SALTILLO, Coahuila. 20 de febrero de 2025. Como herramienta fundamental para<br>garantizar que todas las personas, sin distinci\u00f3n, puedan desarrollarse en un<br>ambiente acad\u00e9mico y social libre de discriminaci\u00f3n, violencia o exclusi\u00f3n, la<br>Universidad Aut\u00f3noma de Coahuila a trav\u00e9s de la Coordinaci\u00f3n de G\u00e9nero y del<br>Tribunal Universitario, present\u00f3 la Gu\u00eda Integral de Atenci\u00f3n y Prevenci\u00f3n a la<br>Discriminaci\u00f3n y Violencia de Identidad de G\u00e9nero y Orientaci\u00f3n Sexual y la Oficina<br>Virtual de Inclusi\u00f3n y Diversidad sexual y de G\u00e9nero \u201cNancy C\u00e1rdenas\u201d.<\/p>\n\n\n\n<p>Para iniciar la capacitaci\u00f3n a tutores y facilitadores universitarios, en la Sala de la<br>Infoteca Central \u201cDr. Alejando D\u00e1vila Flores\u201d, de la Unidad Camporredondo, el rector<br>de la m\u00e1xima casa de estudios Octavio Pimentel Mart\u00ednez, encabez\u00f3 la reuni\u00f3n, con<br>la coordinadora de Igualdad de G\u00e9nero, Lorena Medina Bocanegra y el secretario de<br>Inclusi\u00f3n y Desarrollo Social de Coahuila, Enrique Mart\u00ednez y Morales.<\/p>\n\n\n\n<p>Asimismo, la titular del Tribunal Universitario, Nadia Salas Carrillo, la directora de<br>Asuntos Acad\u00e9micos, Martha Adriana Centeno Aranda, la coordinadora de Unidad<br>Sureste, Eva Kerena Hern\u00e1ndez, y representantes de colectivos: Maestro No\u00e9 Ruiz,<br>San Aelredo, Lic. Auken Cyan Ramos Monta\u00f1o, de Colectiva Transposici\u00f3n, el Lic.<br>Edwin Morquecho Ram\u00edrez, Coordinador de Vinculaci\u00f3n institucional de Orgullo y<br>Dignidad A.C. y Club Baena.<\/p>\n\n\n\n<p>La coordinadora de Igualdad de G\u00e9nero de la UAdeC, Lorena Medina Bocanegra<br>explic\u00f3 que la Universidad ha asumido un compromiso firme con la promoci\u00f3n de<br>una cultura de respeto, inclusi\u00f3n y equidad para toda su comunidad y la diversidad<br>de identidades de g\u00e9nero y orientaciones sexuales es una riqueza que debe ser<br>celebrada, comprendida y respetada.<\/p>\n\n\n\n<p>La creaci\u00f3n de una gu\u00eda es que atienda espec\u00edficamente la discriminaci\u00f3n y la<br>violencia hacia las personas LGBTIQ+ en la universidad tiene como objetivo<br>transformar el ambiente universitario, asegurando que el estudiantado, su personal y<br>funcionariado puedan desarrollarse en un entorno respetuoso y libre de violencia,<br>formalizar los esfuerzos institucionales previos, consolidando el compromiso de la<br>UAdeC con la defensa de los derechos humanos de la comunidad LGBTIQ+ y<br>proporcionando una estructura clara para la denuncia, prevenci\u00f3n y atenci\u00f3n de<br>casos de violencia y discriminaci\u00f3n.<\/p>\n\n\n\n<p>La Oficina Virtual tiene el objetivo de brindar apoyo, orientaci\u00f3n y recursos a<br>personas LGBTIQ+, enfoc\u00e1ndose especialmente a personas trans y no binarias,<br>promoviendo la inclusi\u00f3n y la sensibilizaci\u00f3n de la Universidad, ambos servicios se<\/p>\n\n\n\n<p>encuentran en la pagina de la coordinaci\u00f3n de Igualdad de G\u00e9nero<br><a href=\"https:\/\/www.uadec.mx\/cig\/\" target=\"_blank\" rel=\"noreferrer noopener\">https:\/\/www.uadec.mx\/cig\/<\/a><\/p>\n\n\n\n<p>Los servicios que ofrece son: Atenci\u00f3n Personalizada, acompa\u00f1amiento en tr\u00e1mites<br>para el reconocimiento de identidad de g\u00e9nero y apoyo emocional para personas<br>trans y no binarias; Capacitaci\u00f3n y Sensibilizaci\u00f3n a trav\u00e9s de talleres y seminarios<br>sobre diversidad de g\u00e9nero y derechos LGBTIQ+ para toda la comunidad<br>universitaria.<\/p>\n\n\n\n<p>Facilitaci\u00f3n de Tr\u00e1mites, asistencia en la modificaci\u00f3n de documentos acad\u00e9micos<br>como cambios de nombre y pronombres; Colaboraci\u00f3n Institucional es el trabajo con<br>organizaciones y eventos para promover la inclusi\u00f3n y la visibilidad de las personas<br>trans y no binarias; Acceso a recursos, informaci\u00f3n clara sobre procesos legales,<br>apoyo psicol\u00f3gico y servicios para la comunidad LGBTIQ+.<\/p>\n\n\n\n<p>\u201cHoy nos encontramos en este recinto porque no podemos en unitario, necesitamos<br>la colaboraci\u00f3n de todas, todos y todes, mi m\u00e1s profundo agradecimiento al rector, el<br>maestro ingeniero Jes\u00fas Octavio Pimentel Mart\u00ednez, por siempre darnos su<br>acompa\u00f1amiento pues \u00e9l es el impulsor de los proyectos de igualdad de g\u00e9nero, de<br>igualdad sustantiva y de inclusi\u00f3n\u201d, afirm\u00f3 Medina Bocanegra.<\/p>\n\n\n\n<p>El Rector por su parte, dijo a todos los involucrados \u201cgracias por ayudarme a<br>entender y a poner en marcha algo que es importante y necesario, ya basta de tanta<br>violencia, pues todos tenemos los mismos derechos y entre todos y todas debemos<br>contribuir a que estas acciones funcionen, y que por omisi\u00f3n, por ignorancia, muchas<br>veces cometemos errores que violentan a las personas, por ello debemos ser<br>referente estatal y nacional en erradicar la discriminaci\u00f3n, a trav\u00e9s de la atenci\u00f3n y la<br>prevenci\u00f3n con herramientas educativas de informaci\u00f3n y de comunicaci\u00f3n\u201d.<\/p>\n\n\n\n<p>Se\u00f1al\u00f3 que, entre la Universidad, el Gobierno del Estado a trav\u00e9s de la Secretar\u00eda de<br>Inclusi\u00f3n y Desarrollo Social, los Colectivos y Colectivas podemos trabajar de la<br>mano, en equipo por un mismo objetivo, con una operatividad, con procesos<br>medibles, y la \u00fanica manera en que podemos construir un mejor entorno es con la<br>formaci\u00f3n de j\u00f3venes comprometidos, con herramientas que les permitan edificar<br>una sociedad de paz, de respeto y de inclusi\u00f3n para todas las personas.<\/p>\n\n\n\n<p>El titular de la Secretar\u00eda de Inclusi\u00f3n y Desarrollo Social, Enrique Mart\u00ednez y<br>Morales, destac\u00f3 que Coahuila tiene desarrollo econ\u00f3mico, empleo, condiciones<br>\u00f3ptimas de seguridad, entidad en donde se respeta el estado de derecho, atractivos<br>tur\u00edsticos, y a lo cual tienen derecho todas las personas, por ello la importancia de<br>sumar a todos los grupos que han sido vulnerabilizados a trav\u00e9s de los a\u00f1os, que<br>ahora no lo sean, que disfruten del \u00e9xito que est\u00e1 teniendo nuestro estado.<\/p>\n\n\n\n<p>\u201cPor eso me da mucho gusto que la universidad se haya sumado, sea una promotora<br>al respeto a la diversidad sexual y, que desde hace algunos meses promovamos de<\/p>\n\n\n\n<p>manera conjunta estos temas, estas capacitaciones para que no haya distinci\u00f3n,<br>pues todos somos seres humanos y todos tenemos los mismos derechos y las<br>mismas aspiraciones\u201d, dijo Mart\u00ednez y Morales.<\/p>\n\n\n\n<p>La presentaci\u00f3n del Gu\u00eda y Oficina Virtual, el Dr. Brandon de Jes\u00fas Centeno<br>Alvarado, imparti\u00f3 la capacitaci\u00f3n a tutores y facilitadores de las dependencias<br>universitarias de la Unidad Sureste, la capacitaci\u00f3n tambi\u00e9n por parte de la<br>Secretar\u00eda de Inclusi\u00f3n y Desarrollo Social por la titular de la direcci\u00f3n para<br>Promover la Igualdad y Prevenir la Discriminaci\u00f3n en Coahuila, Patricia Yeverino<br>Mayola y del Tribunal Universitario, su titular Nadia Libertad Salas Carrillo.<\/p>\n","protected":false},"excerpt":{"rendered":"<p>SALTILLO, Coahuila. 20 de febrero de 2025. Como herramienta fundamental paragarantizar que todas las personas, sin distinci\u00f3n, puedan desarrollarse en unambiente acad\u00e9mico y social libre de discriminaci\u00f3n, violencia o exclusi\u00f3n, laUniversidad Aut\u00f3noma de Coahuila a trav\u00e9s de la Coordinaci\u00f3n de G\u00e9nero y delTribunal Universitario, present\u00f3 la Gu\u00eda Integral de Atenci\u00f3n y Prevenci\u00f3n a laDiscriminaci\u00f3n y Violencia de Identidad de G\u00e9nero y Orientaci\u00f3n Sexual y la OficinaVirtual de Inclusi\u00f3n y Diversidad&#8230;<\/p>\n","protected":false},"author":1,"featured_media":24758,"comment_status":"closed","ping_status":"closed","sticky":false,"template":"","format":"standard","meta":{"footnotes":""},"categories":[2],"tags":[],"class_list":["post-24757","post","type-post","status-publish","format-standard","has-post-thumbnail","hentry","category-uadec","wpcat-2-id"],"_links":{"self":[{"href":"https:\/\/www.aquilaguna.com\/index.php\/wp-json\/wp\/v2\/posts\/24757","targetHints":{"allow":["GET"]}}],"collection":[{"href":"https:\/\/www.aquilaguna.com\/index.php\/wp-json\/wp\/v2\/posts"}],"about":[{"href":"https:\/\/www.aquilaguna.com\/index.php\/wp-json\/wp\/v2\/types\/post"}],"author":[{"embeddable":true,"href":"https:\/\/www.aquilaguna.com\/index.php\/wp-json\/wp\/v2\/users\/1"}],"replies":[{"embeddable":true,"href":"https:\/\/www.aquilaguna.com\/index.php\/wp-json\/wp\/v2\/comments?post=24757"}],"version-history":[{"count":1,"href":"https:\/\/www.aquilaguna.com\/index.php\/wp-json\/wp\/v2\/posts\/24757\/revisions"}],"predecessor-version":[{"id":24759,"href":"https:\/\/www.aquilaguna.com\/index.php\/wp-json\/wp\/v2\/posts\/24757\/revisions\/24759"}],"wp:featuredmedia":[{"embeddable":true,"href":"https:\/\/www.aquilaguna.com\/index.php\/wp-json\/wp\/v2\/media\/24758"}],"wp:attachment":[{"href":"https:\/\/www.aquilaguna.com\/index.php\/wp-json\/wp\/v2\/media?parent=24757"}],"wp:term":[{"taxonomy":"category","embeddable":true,"href":"https:\/\/www.aquilaguna.com\/index.php\/wp-json\/wp\/v2\/categories?post=24757"},{"taxonomy":"post_tag","embeddable":true,"href":"https:\/\/www.aquilaguna.com\/index.php\/wp-json\/wp\/v2\/tags?post=24757"}],"curies":[{"name":"wp","href":"https:\/\/api.w.org\/{rel}","templated":true}]}}