{"id":24763,"date":"2025-02-20T19:23:24","date_gmt":"2025-02-21T01:23:24","guid":{"rendered":"https:\/\/www.aquilaguna.com\/?p=24763"},"modified":"2025-02-20T19:23:24","modified_gmt":"2025-02-21T01:23:24","slug":"roman-alberto-cepeda-gonzalez-toma-protesta-a-nuevos-consejeros-del-implan","status":"publish","type":"post","link":"https:\/\/www.aquilaguna.com\/index.php\/2025\/02\/20\/roman-alberto-cepeda-gonzalez-toma-protesta-a-nuevos-consejeros-del-implan\/","title":{"rendered":"Rom\u00e1n Alberto Cepeda Gonz\u00e1lez toma protesta a nuevos consejeros del IMPLAN."},"content":{"rendered":"\n<p>Torre\u00f3n, Coahuila. A 20 de febrero de 2025.<\/p>\n\n\n\n<p>Este jueves, el alcalde Rom\u00e1n Alberto Cepeda Gonz\u00e1lez presidi\u00f3 la primera y<br>segunda sesi\u00f3n de 2025 del Consejo del Instituto Municipal de Planeaci\u00f3n y<br>Competitividad de Torre\u00f3n (IMPLAN), en donde tom\u00f3 protesta a los nuevos<br>consejeros y se aprob\u00f3 la propuesta del Comit\u00e9 de Adquisiciones.<\/p>\n\n\n\n<p>El Alcalde funge como Presidente del Consejo, y como secretario t\u00e9cnico Jes\u00fas<br>H\u00e9ctor De La Garza Acosta, director del IMPLAN.<\/p>\n\n\n\n<p>Durante la primera sesi\u00f3n se integraron al Consejo: Ximena Villarreal Blake, Omar<br>Morales Rodr\u00edguez, Luis Alberto Ortiz Zorrilla, Gustavo Mu\u00f1oz L\u00f3pez, Jos\u00e9<br>Eleazar Pi\u00f1a \u00c1lvarez, Guadalupe Estrada Villarreal, Fernando Trevi\u00f1o Sep\u00falveda,<br>Jes\u00fas Ra\u00fal Villareal G\u00f3mez, Javier Ramos Salas y Roberto Garc\u00eda Ruenes.<\/p>\n\n\n\n<p>Como parte de la orden del d\u00eda, Cepeda Gonz\u00e1lez realiz\u00f3 diversas propuestas a<br>los integrantes del Consejo del IMPLAN, para que el trabajo del organismo est\u00e9<br>alineado al Plan Municipal de Desarrollo, mismo que ser\u00e1 presentado el pr\u00f3ximo<br>mes de marzo.<\/p>\n\n\n\n<p>\u201cEs importante empatar los trabajos del IMPLAN con los proyectos que tiene la<br>Administraci\u00f3n en funci\u00f3n de las necesidades recabadas durante la pasada<br>gesti\u00f3n, y con la informaci\u00f3n que se tiene actualmente y que se vierte tambi\u00e9n en<br>estas sesiones\u201d, mencion\u00f3 el edil.<\/p>\n\n\n\n<p>En ese sentido, la primera propuesta de Cepeda Gonz\u00e1lez fue alinear las acciones<br>del IMPLAN al Plan Municipal de Desarrollo 2025-2027; adem\u00e1s de revisar el<br>proyecto t\u00e9cnico-econ\u00f3mico para formalizar planteamientos de obras de<br>conectividad de Torre\u00f3n y de La Laguna.<\/p>\n\n\n\n<p>\u201cTorre\u00f3n es la ciudad con mayor n\u00famero de habitantes en La Laguna, y concentra<br>el mayor n\u00famero de poblaci\u00f3n flotante con cerca de 300 mil personas que nos<br>visitan diariamente, y se requiere para el crecimiento de la regi\u00f3n en el corto,<br>mediano y largo plazo, plantear propuestas de car\u00e1cter regional conjuntamente<br>con el Estado, a nivel federal\u201d, explic\u00f3.<\/p>\n\n\n\n<p>Dijo que este tema es importante dado que la zona de La Laguna es el cruce<br>transversal del norte del pa\u00eds, y no hay hasta el momento, un proyecto de<\/p>\n\n\n\n<p>conectividad ni de modernizaci\u00f3n carretero contemplado desde la Federaci\u00f3n para<br>Torre\u00f3n ni para la regi\u00f3n.<\/p>\n\n\n\n<p>Otro tema que el Alcalde puso en la mesa, fue el de la modernizaci\u00f3n del<br>transporte p\u00fablico de Torre\u00f3n, en funci\u00f3n de las rutas intermunicipales y la<br>renovaci\u00f3n de camiones, entre otros aspectos.<\/p>\n\n\n\n<p>Dijo que la modernizaci\u00f3n del transporte p\u00fablico iniciar\u00e1 este mismo a\u00f1o en<br>Torre\u00f3n, y se buscar\u00e1 el mejor mecanismo para llevarlo a cabo, de ah\u00ed la<br>importancia de conjuntar estudios y esfuerzos para la modernizaci\u00f3n de las<br>unidades.<\/p>\n\n\n\n<p>Adem\u00e1s, el edil expuso la importancia de robustecer y coordinar acciones para<br>fortalecer la infraestructura de parques industriales; y por \u00faltimo habl\u00f3 del trabajo<br>para la actualizaci\u00f3n del Plan Desarrollo Urbano, pues vienen inversiones<br>importantes de infraestructura vial y obras p\u00fablicas que se deben alinear al mismo.<\/p>\n\n\n\n<p>Sobre la reuni\u00f3n, Jes\u00fas H\u00e9ctor De La Garza Acosta, director del IMPLAN, explic\u00f3<br>que se presentaron los objetivos, atribuciones y facultades del organismo, para el<br>conocimiento de los nuevos consejeros.<\/p>\n\n\n\n<p>\u201cSe dieron a conocer los resultados de las comisiones que trabajaron el a\u00f1o<br>pasado, y presentamos una radiograf\u00eda de avances y planes que est\u00e1n en tuber\u00eda<br>para su desahogo este a\u00f1o, como son los programas parciales y el banco de<br>proyectos del IMPLAN\u201d, se\u00f1al\u00f3.<\/p>\n\n\n\n<p>Durante la segunda sesi\u00f3n del Consejo se aprob\u00f3 por unanimidad la propuesta del<br>Comit\u00e9 de Adquisiciones, el cual se encarga de aprobar los concursos de<br>enajenaci\u00f3n o adjudicaciones de contratos, analiza y discute la recisi\u00f3n o<br>terminaci\u00f3n de contratos celebrados por proveedores y prestadores de servicio.<\/p>\n\n\n\n<p>Dicho comit\u00e9 qued\u00f3 integrado por: Jes\u00fas H\u00e9ctor De La Garza Acosta, por parte<br>del IMPLAN; Gustavo Eduardo Flores Morales, coordinador administrativo;<br>Gustavo Mu\u00f1oz L\u00f3pez, titular de Desarrollo Urbano; Ximena Villarreal Blake,<br>presidenta de la comisi\u00f3n de Obras P\u00fablicas e Infraestructura; y en representaci\u00f3n<br>ciudadana a Jes\u00fas Ra\u00fal Villarreal G\u00f3mez, Donato Guti\u00e9rrez Guti\u00e9rrez y Mario<br>Alberto Talam\u00e1s Murra.<\/p>\n","protected":false},"excerpt":{"rendered":"<p>Torre\u00f3n, Coahuila. A 20 de febrero de 2025. Este jueves, el alcalde Rom\u00e1n Alberto Cepeda Gonz\u00e1lez presidi\u00f3 la primera ysegunda sesi\u00f3n de 2025 del Consejo del Instituto Municipal de Planeaci\u00f3n yCompetitividad de Torre\u00f3n (IMPLAN), en donde tom\u00f3 protesta a los nuevosconsejeros y se aprob\u00f3 la propuesta del Comit\u00e9 de Adquisiciones. El Alcalde funge como Presidente del Consejo, y como secretario t\u00e9cnico Jes\u00fasH\u00e9ctor De La Garza Acosta, director del IMPLAN. Durante&#8230;<\/p>\n","protected":false},"author":1,"featured_media":24764,"comment_status":"closed","ping_status":"closed","sticky":false,"template":"","format":"standard","meta":{"footnotes":""},"categories":[5,28,7],"tags":[],"class_list":["post-24763","post","type-post","status-publish","format-standard","has-post-thumbnail","hentry","category-coahuila","category-la-laguna","category-torreon","wpcat-5-id","wpcat-28-id","wpcat-7-id"],"_links":{"self":[{"href":"https:\/\/www.aquilaguna.com\/index.php\/wp-json\/wp\/v2\/posts\/24763","targetHints":{"allow":["GET"]}}],"collection":[{"href":"https:\/\/www.aquilaguna.com\/index.php\/wp-json\/wp\/v2\/posts"}],"about":[{"href":"https:\/\/www.aquilaguna.com\/index.php\/wp-json\/wp\/v2\/types\/post"}],"author":[{"embeddable":true,"href":"https:\/\/www.aquilaguna.com\/index.php\/wp-json\/wp\/v2\/users\/1"}],"replies":[{"embeddable":true,"href":"https:\/\/www.aquilaguna.com\/index.php\/wp-json\/wp\/v2\/comments?post=24763"}],"version-history":[{"count":1,"href":"https:\/\/www.aquilaguna.com\/index.php\/wp-json\/wp\/v2\/posts\/24763\/revisions"}],"predecessor-version":[{"id":24765,"href":"https:\/\/www.aquilaguna.com\/index.php\/wp-json\/wp\/v2\/posts\/24763\/revisions\/24765"}],"wp:featuredmedia":[{"embeddable":true,"href":"https:\/\/www.aquilaguna.com\/index.php\/wp-json\/wp\/v2\/media\/24764"}],"wp:attachment":[{"href":"https:\/\/www.aquilaguna.com\/index.php\/wp-json\/wp\/v2\/media?parent=24763"}],"wp:term":[{"taxonomy":"category","embeddable":true,"href":"https:\/\/www.aquilaguna.com\/index.php\/wp-json\/wp\/v2\/categories?post=24763"},{"taxonomy":"post_tag","embeddable":true,"href":"https:\/\/www.aquilaguna.com\/index.php\/wp-json\/wp\/v2\/tags?post=24763"}],"curies":[{"name":"wp","href":"https:\/\/api.w.org\/{rel}","templated":true}]}}