{"id":24766,"date":"2025-02-20T19:27:03","date_gmt":"2025-02-21T01:27:03","guid":{"rendered":"https:\/\/www.aquilaguna.com\/?p=24766"},"modified":"2025-02-20T19:27:03","modified_gmt":"2025-02-21T01:27:03","slug":"festival-del-vino-la-gastronomia-y-el-arte-promueve-el-desarrollo-turistico-de-la-region","status":"publish","type":"post","link":"https:\/\/www.aquilaguna.com\/index.php\/2025\/02\/20\/festival-del-vino-la-gastronomia-y-el-arte-promueve-el-desarrollo-turistico-de-la-region\/","title":{"rendered":"Festival del Vino, la Gastronom\u00eda y el Arte promueve el desarrollo tur\u00edstico de la regi\u00f3n."},"content":{"rendered":"\n<p>Torre\u00f3n, Coahuila a 20 de febrero de 2025.<\/p>\n\n\n\n<p>Este a\u00f1o se celebrar\u00e1 la quinta edici\u00f3n del Festival del Vino, la Gastronom\u00eda y el<br>Arte en Torre\u00f3n, mismo que se llevar\u00e1 a cabo el 4 y 5 de abril en la Vin\u00edcola<br>Cuatro \u00c1ngeles.<\/p>\n\n\n\n<p>La directora de Turismo Municipal, Natalia Hoyos Guerrero, acudi\u00f3 en<br>representaci\u00f3n del alcalde Rom\u00e1n Alberto Cepeda Gonz\u00e1lez, a la rueda de prensa<br>donde se present\u00f3 este festival.<\/p>\n\n\n\n<p>Destac\u00f3 que una de las visiones del edil, es consolidar a Torre\u00f3n como un destino<br>atractivo para los amantes del vino y la buena mesa, por lo que, a trav\u00e9s de la<br>dependencia, ha apostado por iniciativas que promueven el desarrollo del turismo<br>enol\u00f3gico y gastron\u00f3mico.<\/p>\n\n\n\n<p>\u201cPor ello tenemos que seguir colaborando entre autoridades, productores y la<br>comunidad para generar eventos que impulsen la econom\u00eda local, preserven<br>nuestras tradiciones y proyecten a Torre\u00f3n en el mapa tur\u00edstico nacional e<br>internacional\u201d, dijo la funcionaria.<\/p>\n\n\n\n<p>Hoyos Guerrero, inform\u00f3 que el Festival del Vino, la Gastronom\u00eda y el Arte es una<br>oportunidad \u00fanica para que locales y visitantes se sumerjan en la cultura enol\u00f3gica<br>de nuestra regi\u00f3n.<\/p>\n\n\n\n<p>Por su parte, \u00c1ngel Morales Morales, fundador de la vin\u00edcola Cuatro \u00c1ngeles,<br>destac\u00f3 que este ha sido un escenario en donde los nuevos valores art\u00edsticos han<br>manifestado distintos tipos de arte, mismo que los ha colocado en el puntero de<br>sus carreras.<\/p>\n\n\n\n<p>\u201cEn cuanto a la gastronom\u00eda y el vino, tendremos un concurso muy importante<br>porque es la primera vez que lo realizamos referente a las tapas, para hacer una<br>degustaci\u00f3n a ciegas\u201d, afirm\u00f3.<\/p>\n\n\n\n<p>En este Festival se convoca a universidades de gastronom\u00eda, chefs y personas<br>con gusto por la cocina, a participar en dicho concurso de tapas, como parte de la<br>muestra gastron\u00f3mica donde los ganadores del primer lugar ser\u00e1n acreedores a 6<br>mil pesos, el segundo lugar a 4 mil pesos y el tercer lugar a dos mil pesos.<\/p>\n\n\n\n<p>Las inscripciones al concurso est\u00e1n abiertas en el tel\u00e9fono 870 145 64 00.<br>Cabe destacar que este evento es con causa a beneficio de la fundaci\u00f3n \u201cA\u00fan hay<br>mucho por ver\u201d A.C., por ello la degustaci\u00f3n a ciegas, con el fin de enriquecer la<br>experiencia sensorial.<\/p>\n\n\n\n<p>En la rueda de prensa estuvieron presentes adem\u00e1s: la subsecretaria de Turismo<br>de la Regi\u00f3n Laguna, Mar\u00eda Eugenia Villarreal y el director de Vin\u00edcola Cuatro<br>\u00c1ngeles, \u00c1ngel Morales Salazar.<\/p>\n","protected":false},"excerpt":{"rendered":"<p>Torre\u00f3n, Coahuila a 20 de febrero de 2025. Este a\u00f1o se celebrar\u00e1 la quinta edici\u00f3n del Festival del Vino, la Gastronom\u00eda y elArte en Torre\u00f3n, mismo que se llevar\u00e1 a cabo el 4 y 5 de abril en la Vin\u00edcolaCuatro \u00c1ngeles. La directora de Turismo Municipal, Natalia Hoyos Guerrero, acudi\u00f3 enrepresentaci\u00f3n del alcalde Rom\u00e1n Alberto Cepeda Gonz\u00e1lez, a la rueda de prensadonde se present\u00f3 este festival. Destac\u00f3 que una de&#8230;<\/p>\n","protected":false},"author":1,"featured_media":24767,"comment_status":"closed","ping_status":"closed","sticky":false,"template":"","format":"standard","meta":{"footnotes":""},"categories":[5,28,7],"tags":[],"class_list":["post-24766","post","type-post","status-publish","format-standard","has-post-thumbnail","hentry","category-coahuila","category-la-laguna","category-torreon","wpcat-5-id","wpcat-28-id","wpcat-7-id"],"_links":{"self":[{"href":"https:\/\/www.aquilaguna.com\/index.php\/wp-json\/wp\/v2\/posts\/24766","targetHints":{"allow":["GET"]}}],"collection":[{"href":"https:\/\/www.aquilaguna.com\/index.php\/wp-json\/wp\/v2\/posts"}],"about":[{"href":"https:\/\/www.aquilaguna.com\/index.php\/wp-json\/wp\/v2\/types\/post"}],"author":[{"embeddable":true,"href":"https:\/\/www.aquilaguna.com\/index.php\/wp-json\/wp\/v2\/users\/1"}],"replies":[{"embeddable":true,"href":"https:\/\/www.aquilaguna.com\/index.php\/wp-json\/wp\/v2\/comments?post=24766"}],"version-history":[{"count":1,"href":"https:\/\/www.aquilaguna.com\/index.php\/wp-json\/wp\/v2\/posts\/24766\/revisions"}],"predecessor-version":[{"id":24768,"href":"https:\/\/www.aquilaguna.com\/index.php\/wp-json\/wp\/v2\/posts\/24766\/revisions\/24768"}],"wp:featuredmedia":[{"embeddable":true,"href":"https:\/\/www.aquilaguna.com\/index.php\/wp-json\/wp\/v2\/media\/24767"}],"wp:attachment":[{"href":"https:\/\/www.aquilaguna.com\/index.php\/wp-json\/wp\/v2\/media?parent=24766"}],"wp:term":[{"taxonomy":"category","embeddable":true,"href":"https:\/\/www.aquilaguna.com\/index.php\/wp-json\/wp\/v2\/categories?post=24766"},{"taxonomy":"post_tag","embeddable":true,"href":"https:\/\/www.aquilaguna.com\/index.php\/wp-json\/wp\/v2\/tags?post=24766"}],"curies":[{"name":"wp","href":"https:\/\/api.w.org\/{rel}","templated":true}]}}