{"id":24781,"date":"2025-02-21T21:36:38","date_gmt":"2025-02-22T03:36:38","guid":{"rendered":"https:\/\/www.aquilaguna.com\/?p=24781"},"modified":"2025-02-21T21:36:38","modified_gmt":"2025-02-22T03:36:38","slug":"impartiran-talleres-de-costura-diseno-de-moda-fotopose-y-modelaje","status":"publish","type":"post","link":"https:\/\/www.aquilaguna.com\/index.php\/2025\/02\/21\/impartiran-talleres-de-costura-diseno-de-moda-fotopose-y-modelaje\/","title":{"rendered":"Impartir\u00e1n talleres de costura, dise\u00f1o de moda, fotopose y modelaje."},"content":{"rendered":"\n<p>La pr\u00f3xima semana dar\u00e1n inicio dos talleres en el Zagu\u00e1n 255, un espacio colaborativo (coworking)<br>dedicado a la creatividad y al desarrollo de proyectos art\u00edsticos y culturales de emprendimientos o<br>colectivos locales. El nombre est\u00e1 inspirado en el legado po\u00e9tico del escritor argentino Jorge Luis<br>Borges y en las espacialidades propias del recinto ubicado en avenida Allende 255 poniente, en el<br>Centro de Torre\u00f3n.<\/p>\n\n\n\n<p>Por un lado, se impartir\u00e1 el Taller de Modelaje y Fotopose, a cargo de Eduardo Guerrero. El<br>objetivo general del taller es proporcionar a los alumnos los conocimientos y habilidades b\u00e1sicas<br>para posar frente a una c\u00e1mara en diferentes proyectos en el mundo del modelaje, a trav\u00e9s de<br>din\u00e1micas y trabajos en clases con las cuales aprender\u00e1n a desenvolverse esc\u00e9nicamente por<br>medio de un lenguaje corporal integral con presencia y seguridad. Inicio: 24 de febrero. 12<br>sesiones: lunes y mi\u00e9rcoles de 17:30 a 19:00 horas. Costo: 900 pesos. Mayores informes:<br>8717844929.<\/p>\n\n\n\n<p>El temario se divide en cuatro m\u00f3dulos. El primero es una introducci\u00f3n y definici\u00f3n del concepto<br>general de la fotopose y la fotograf\u00eda de moda, al tiempo que se realizar\u00e1n din\u00e1micas de<br>integraci\u00f3n grupal. En la segunda parte se abordar\u00e1 la historia y evoluci\u00f3n del modelaje, el<br>concepto de moda, los procesos de la industria de la moda desde sus or\u00edgenes hasta nuestros d\u00edas<br>y un repaso por las pasarelas m\u00e1s ic\u00f3nicas en el mundo.<\/p>\n\n\n\n<p>Para el tercer m\u00f3dulo, el alumno explorar\u00e1 algunas de las mejores t\u00e9cnicas y consejos para<br>modelos que buscan perfeccionar su posado, basadas en din\u00e1micas que potenciar\u00e1n su expresi\u00f3n<br>corporal, la relaci\u00f3n entre el tiempo y el movimiento, la respiraci\u00f3n, la conexi\u00f3n con la m\u00fasica, la<br>energ\u00eda y el efecto espejo. En cuestiones m\u00e1s t\u00e9cnicas, se desarrollar\u00e1n aspectos como el modelo<br>frente a la c\u00e1mara, planos y niveles en la fotograf\u00eda, posici\u00f3n individual e interacci\u00f3n grupal,<br>expresi\u00f3n facial y corporal.<\/p>\n\n\n\n<p>Por \u00faltimo, el taller ofrecer\u00e1 un amplio panorama acerca de los estilos y tipos de fotograf\u00eda de<br>moda, con el prop\u00f3sito de que los alumnos adquieran la seguridad y profesionalismo para<br>desenvolverse en una pasarela o en una sesi\u00f3n fotogr\u00e1fica; desde la fotograf\u00eda de moda street<br>style, pasando por la fotograf\u00eda comercial\/publicitaria, hasta llegar a la fotograf\u00eda de moda<br>editorial.<\/p>\n\n\n\n<p>Eduardo Guerrero (Zacatecas, 1998) es licenciado en Arquitectura por la Facultad de Ingenier\u00eda,<br>Ciencias y Arquitectura de la UJED. A partir de los 16 a\u00f1os de edad, empez\u00f3 a participar en obras<br>de teatro en diversos grupos. En \u00e9pocas recientes, asisti\u00f3 a una master class de doblaje con el<br>actor Humberto V\u00e9lez (voz de Homero Simpson) e ingres\u00f3 a clases de actuaci\u00f3n en Plasma en<br>Corto-Centro Cinematogr\u00e1fico de La Laguna, en donde particip\u00f3 en dos cortometrajes laguneros:<\/p>\n\n\n\n<p>&#8220;El \u00daltimo Cordero&#8221;, de Pato Rivera y en &#8220;Luces en la Arena&#8221; (en desarrollo) por Proyecto en Cine.<br>Desde 2020 forma parte de Models LMAC Academy &amp; Agency, primero como modelo, despu\u00e9s<br>como instructor de las materias de fotopose, fotomodelaje, fotodrama y actuaci\u00f3n teatral.<br>Asimismo, particip\u00f3 en sesiones fotogr\u00e1ficas comerciales y de alta costura, como Expo Bodas,<br>Cosmo Belleza Internacional, IESMODI, UAD, UNID, y para la dise\u00f1adora \u00c1ngel Jacquez con la<br>marca Thercka en los espect\u00e1culos Cinema Pasarela (2023) y Ederlezi (2024).<\/p>\n\n\n\n<p>Por otra parte, se realizar\u00e1 el Taller de Costura y Dise\u00f1o de Moda, bajo la conducci\u00f3n de la<br>reconocida dise\u00f1adora \u00c1ngel Jacquez, creadora del concepto Thercka. Inicio: 25 de febrero.<br>Sesiones: martes y jueves de 18:00 a 20:00 horas. Costo: 800 pesos mensuales. Lista de materiales:<br>cinta m\u00e9trica de modista, hojas de papel bond o caple, greda o l\u00e1piz de cera, tijeras, regla L,<br>cuaderno, pluma y\/o l\u00e1piz. Mayores informes: 8717844929.<\/p>\n\n\n\n<p>En el M\u00f3dulo 1 se introducir\u00e1 a los alumnos desde los conceptos b\u00e1sicos como tomar medidas, el<br>manejo de m\u00e1quinas de coser (recta y sobre hiladora), la elaboraci\u00f3n de prendas de vestir<br>sencillas para practicar costura recta (cojines, manteles, cortinas, mandiles), la realizaci\u00f3n de<br>puntadas b\u00e1sicas a mano (ojales, dobladillos, hilv\u00e1n) y la teor\u00eda b\u00e1sica de tipos de telas, modo de<br>planchado e hilos de telas (corte sesgado, horizontal y vertical). Para el M\u00f3dulo 2 se centrar\u00e1 en la<br>elaboraci\u00f3n de patrones, el armado de piezas, blusas, y vestidos sencillos, corte y confecci\u00f3n de<br>prendas y su modificaci\u00f3n (composturas y ajustes).<\/p>\n\n\n\n<p>El M\u00f3dulo 3 se enfocar\u00e1 en la elaboraci\u00f3n de vestidos de fiesta con acabados profesionales, la<br>ense\u00f1anza de procesos de control de calidad en el dise\u00f1o de prendas y el aprendizaje de distintas<br>metodolog\u00edas de trabajo. En el M\u00f3dulo 4 se realizar\u00e1n ejercicios de definici\u00f3n de conceptos para el<br>dise\u00f1o de una colecci\u00f3n original, la construcci\u00f3n de un estilo propio o l\u00ednea de ropa y finalmente,<br>el proceso para el montaje de una pasarela profesional o un espect\u00e1culo art\u00edstico con elementos<br>de dise\u00f1o de moda.<\/p>\n\n\n\n<p>\u00c1ngel Jacquez (Torre\u00f3n, 1975) es una dise\u00f1adora de moda con 25 a\u00f1os de trayectoria en la escena<br>de la alta costura. Fue alumna del Instituto de Estudios Superiores en Moda y Dise\u00f1o (IESMODI) y<br>del Instituto de Estudios Superiores de Moda en Casa Francia (IESMODACF). Tambi\u00e9n estudi\u00f3 Arte<br>Dram\u00e1tico en el Centro Nacional de las Artes (CENART) y recientemente, en el Taller de Actuaci\u00f3n<br>Cinematogr\u00e1fica, impartido en Plasma en Corto Centro Cinematogr\u00e1fico de La Laguna, y en el taller<br>Imaginarios esc\u00e9nicos. Semillero de creaci\u00f3n teatral, dirigido por Mace Medina Barajas, en el<br>Teatro Alfonso Garibay.<\/p>\n\n\n\n<p>En mayo de 2023 present\u00f3 Cinema Pasarela, un concepto inspirado en la est\u00e9tica del cine de los<br>cuarenta y cincuenta, por medio de un espect\u00e1culo que fusion\u00f3 danza contempor\u00e1nea, m\u00fasica y<br>dise\u00f1o de moda, realizado en Casa La Morelos, edificio hist\u00f3rico de Torre\u00f3n que data de 1935. En<br>marzo de 2024, mont\u00f3 Ederlezi\u2026 A finales de invierno, un nuevo ejercicio esc\u00e9nico inspirado en la<br>m\u00fasica de Goran Bregovi\u0107 y en el que combin\u00f3 performance, danza contempor\u00e1nea y una<br>pasarela con claras referencias a la tradici\u00f3n gitana de los Balcanes. En ambos proyectos cont\u00f3 con<br>la participaci\u00f3n de las bailarinas Sara Ovalle y Berenice Ovalle \u2013maestras de la Escuela Municipal<br>de Danza Contempor\u00e1nea de Torre\u00f3n (ESDACONT) e integrantes de la Compa\u00f1\u00eda Mezquite Danza<br>Contempor\u00e1nea\u2013, el DJ Titi Sans (Amauri Sol\u00eds), el acordeonista y bandoneonista Ra\u00fal J\u00e1quez, las<\/p>\n\n\n\n<p>agencias de modelos LMAC y Manu Sosa, y la direcci\u00f3n esc\u00e9nica de Mace Medina Barajas,<br>reconocido actor de teatro y cine.<\/p>\n","protected":false},"excerpt":{"rendered":"<p>La pr\u00f3xima semana dar\u00e1n inicio dos talleres en el Zagu\u00e1n 255, un espacio colaborativo (coworking)dedicado a la creatividad y al desarrollo de proyectos art\u00edsticos y culturales de emprendimientos ocolectivos locales. El nombre est\u00e1 inspirado en el legado po\u00e9tico del escritor argentino Jorge LuisBorges y en las espacialidades propias del recinto ubicado en avenida Allende 255 poniente, en elCentro de Torre\u00f3n. Por un lado, se impartir\u00e1 el Taller de Modelaje y&#8230;<\/p>\n","protected":false},"author":1,"featured_media":0,"comment_status":"closed","ping_status":"closed","sticky":false,"template":"","format":"standard","meta":{"footnotes":""},"categories":[5,12,28,7],"tags":[],"class_list":["post-24781","post","type-post","status-publish","format-standard","hentry","category-coahuila","category-cultura","category-la-laguna","category-torreon","wpcat-5-id","wpcat-12-id","wpcat-28-id","wpcat-7-id"],"_links":{"self":[{"href":"https:\/\/www.aquilaguna.com\/index.php\/wp-json\/wp\/v2\/posts\/24781","targetHints":{"allow":["GET"]}}],"collection":[{"href":"https:\/\/www.aquilaguna.com\/index.php\/wp-json\/wp\/v2\/posts"}],"about":[{"href":"https:\/\/www.aquilaguna.com\/index.php\/wp-json\/wp\/v2\/types\/post"}],"author":[{"embeddable":true,"href":"https:\/\/www.aquilaguna.com\/index.php\/wp-json\/wp\/v2\/users\/1"}],"replies":[{"embeddable":true,"href":"https:\/\/www.aquilaguna.com\/index.php\/wp-json\/wp\/v2\/comments?post=24781"}],"version-history":[{"count":1,"href":"https:\/\/www.aquilaguna.com\/index.php\/wp-json\/wp\/v2\/posts\/24781\/revisions"}],"predecessor-version":[{"id":24782,"href":"https:\/\/www.aquilaguna.com\/index.php\/wp-json\/wp\/v2\/posts\/24781\/revisions\/24782"}],"wp:attachment":[{"href":"https:\/\/www.aquilaguna.com\/index.php\/wp-json\/wp\/v2\/media?parent=24781"}],"wp:term":[{"taxonomy":"category","embeddable":true,"href":"https:\/\/www.aquilaguna.com\/index.php\/wp-json\/wp\/v2\/categories?post=24781"},{"taxonomy":"post_tag","embeddable":true,"href":"https:\/\/www.aquilaguna.com\/index.php\/wp-json\/wp\/v2\/tags?post=24781"}],"curies":[{"name":"wp","href":"https:\/\/api.w.org\/{rel}","templated":true}]}}