{"id":24783,"date":"2025-02-21T21:39:13","date_gmt":"2025-02-22T03:39:13","guid":{"rendered":"https:\/\/www.aquilaguna.com\/?p=24783"},"modified":"2025-02-21T21:39:14","modified_gmt":"2025-02-22T03:39:14","slug":"roman-alberto-cepeda-gonzalez-toma-protesta-a-jose-antonio-gutierrez-jardon-como-gerente-general-del-sistema-intermunicipal-de-aguas-y-saneamiento-torreon-matamoros-coahuila","status":"publish","type":"post","link":"https:\/\/www.aquilaguna.com\/index.php\/2025\/02\/21\/roman-alberto-cepeda-gonzalez-toma-protesta-a-jose-antonio-gutierrez-jardon-como-gerente-general-del-sistema-intermunicipal-de-aguas-y-saneamiento-torreon-matamoros-coahuila\/","title":{"rendered":"Rom\u00e1n Alberto Cepeda Gonz\u00e1lez toma protesta a Jos\u00e9 Antonio Guti\u00e9rrez Jard\u00f3n como gerente general del Sistema Intermunicipal de Aguas y Saneamiento Torre\u00f3n-Matamoros Coahuila."},"content":{"rendered":"\n<p>Torre\u00f3n, Coahuila A 21 de febrero de 2025.<\/p>\n\n\n\n<p>La tarde de este viernes, durante la Segunda Sesi\u00f3n Ordinaria del Consejo<br>Directivo del Sistema Intermunicipal de Aguas y Saneamiento Torre\u00f3n-Matamoros<br>Coahuila, el alcalde Rom\u00e1n Alberto Cepeda Gonz\u00e1lez tom\u00f3 protesta a Jos\u00e9<br>Antonio Guti\u00e9rrez Jard\u00f3n como gerente general y a Raymundo Rodr\u00edguez de la<br>Torre como gerente t\u00e9cnico del organismo operador.<\/p>\n\n\n\n<p>En un primer asunto del orden del d\u00eda, se present\u00f3 la terna propuesta por los<br>alcaldes de Torre\u00f3n y Matamoros, para elegir al gerente general del Sistema<br>Intermunicipal, ante la renuncia de Hugo Ibarra G\u00f3mez, de la cual result\u00f3 electo<br>Jos\u00e9 Antonio Guti\u00e9rrez Jard\u00f3n.<\/p>\n\n\n\n<p>El alcalde de Torre\u00f3n y presidente del Consejo Directivo, Rom\u00e1n Alberto Cepeda<br>Gonz\u00e1lez, tom\u00f3 Protesta al nuevo gerente general del organismo operador.<\/p>\n\n\n\n<p>En otro punto, el Consejo aprob\u00f3 otorgar a Jos\u00e9 Antonio Guti\u00e9rrez Jard\u00f3n los<br>poderes generales y especiales, as\u00ed como las facultades que implica su<br>nombramiento, como es en pleitos y cobranzas, para actos de administraci\u00f3n,<br>amparos y querellas, entre otros, de conformidad en lo dispuesto en los art\u00edculos<br>28 fracci\u00f3n V de la Ley de Aguas para los Municipios del estado de Coahuila de<br>Zaragoza, y art\u00edculo 9 fracci\u00f3n VI del Decreto de creaci\u00f3n del Organismo.<\/p>\n\n\n\n<p>Adem\u00e1s, se design\u00f3 a Raymundo Rodr\u00edguez de la Torre, como gerente t\u00e9cnico del<br>Consejo del Sistema Intermunicipal de Aguas y Saneamiento Torre\u00f3n-Matamoros,<br>Coahuila, a quien el Alcalde le tom\u00f3 protesta.<\/p>\n\n\n\n<p>Se inform\u00f3 a los consejeros sobre la recepci\u00f3n de la propuesta de la Presidencia<br>Municipal de Viesca para incorporarse de manera legal y oficial al sistema<br>Intermunicipal de Aguas y Saneamiento de Torre\u00f3n y Matamoros; se aprob\u00f3 enviar<br>la iniciativa de reforma de Decreto de creaci\u00f3n al Congreso del Estado.<\/p>\n\n\n\n<p>Por otra parte, se aprob\u00f3 autorizar al Sistema Intermunicipal de Aguas y<br>Saneamiento Torre\u00f3n-Matamoros Coahuila para que suscriba un convenio con la<br>Comisi\u00f3n Estatal de Aguas y Saneamiento de Coahuila para recibir asistencia<br>t\u00e9cnica, administrativa para eficientar los servicios de agua potable, alcantarillado<br>y saneamiento.<\/p>\n\n\n\n<p>La sesi\u00f3n que fue dirigida por Jos\u00e9 El\u00edas Ganem Guerrero, secretario del<br>Ayuntamiento de Torre\u00f3n, la cual cont\u00f3 con quorum legal.<\/p>\n\n\n\n<p>Adem\u00e1s de los integrantes del Consejo, estuvieron presentes Miguel \u00c1ngel<br>Ram\u00edrez L\u00f3pez, presidente Municipal de Matamoros; Lauro Villarreal, director<br>general de la Comisi\u00f3n Estatal de Aguas y Saneamiento del Estado de Coahuila; y<br>Luis Jorge Cuerda Serna, primer regidor del Ayuntamiento de Torre\u00f3n.<\/p>\n","protected":false},"excerpt":{"rendered":"<p>Torre\u00f3n, Coahuila A 21 de febrero de 2025. La tarde de este viernes, durante la Segunda Sesi\u00f3n Ordinaria del ConsejoDirectivo del Sistema Intermunicipal de Aguas y Saneamiento Torre\u00f3n-MatamorosCoahuila, el alcalde Rom\u00e1n Alberto Cepeda Gonz\u00e1lez tom\u00f3 protesta a Jos\u00e9Antonio Guti\u00e9rrez Jard\u00f3n como gerente general y a Raymundo Rodr\u00edguez de laTorre como gerente t\u00e9cnico del organismo operador. En un primer asunto del orden del d\u00eda, se present\u00f3 la terna propuesta por losalcaldes&#8230;<\/p>\n","protected":false},"author":1,"featured_media":24784,"comment_status":"closed","ping_status":"closed","sticky":false,"template":"","format":"standard","meta":{"footnotes":""},"categories":[32,5,28,7],"tags":[],"class_list":["post-24783","post","type-post","status-publish","format-standard","has-post-thumbnail","hentry","category-agua","category-coahuila","category-la-laguna","category-torreon","wpcat-32-id","wpcat-5-id","wpcat-28-id","wpcat-7-id"],"_links":{"self":[{"href":"https:\/\/www.aquilaguna.com\/index.php\/wp-json\/wp\/v2\/posts\/24783","targetHints":{"allow":["GET"]}}],"collection":[{"href":"https:\/\/www.aquilaguna.com\/index.php\/wp-json\/wp\/v2\/posts"}],"about":[{"href":"https:\/\/www.aquilaguna.com\/index.php\/wp-json\/wp\/v2\/types\/post"}],"author":[{"embeddable":true,"href":"https:\/\/www.aquilaguna.com\/index.php\/wp-json\/wp\/v2\/users\/1"}],"replies":[{"embeddable":true,"href":"https:\/\/www.aquilaguna.com\/index.php\/wp-json\/wp\/v2\/comments?post=24783"}],"version-history":[{"count":1,"href":"https:\/\/www.aquilaguna.com\/index.php\/wp-json\/wp\/v2\/posts\/24783\/revisions"}],"predecessor-version":[{"id":24785,"href":"https:\/\/www.aquilaguna.com\/index.php\/wp-json\/wp\/v2\/posts\/24783\/revisions\/24785"}],"wp:featuredmedia":[{"embeddable":true,"href":"https:\/\/www.aquilaguna.com\/index.php\/wp-json\/wp\/v2\/media\/24784"}],"wp:attachment":[{"href":"https:\/\/www.aquilaguna.com\/index.php\/wp-json\/wp\/v2\/media?parent=24783"}],"wp:term":[{"taxonomy":"category","embeddable":true,"href":"https:\/\/www.aquilaguna.com\/index.php\/wp-json\/wp\/v2\/categories?post=24783"},{"taxonomy":"post_tag","embeddable":true,"href":"https:\/\/www.aquilaguna.com\/index.php\/wp-json\/wp\/v2\/tags?post=24783"}],"curies":[{"name":"wp","href":"https:\/\/api.w.org\/{rel}","templated":true}]}}