{"id":24815,"date":"2025-02-24T19:07:30","date_gmt":"2025-02-25T01:07:30","guid":{"rendered":"https:\/\/www.aquilaguna.com\/?p=24815"},"modified":"2025-02-24T19:07:30","modified_gmt":"2025-02-25T01:07:30","slug":"nuevo-frente-frio-generara-vientos-fuertes-y-lluvias-aisladas-en-coahuila","status":"publish","type":"post","link":"https:\/\/www.aquilaguna.com\/index.php\/2025\/02\/24\/nuevo-frente-frio-generara-vientos-fuertes-y-lluvias-aisladas-en-coahuila\/","title":{"rendered":"NUEVO FRENTE FR\u00cdO GENERAR\u00c1 VIENTOS FUERTES Y LLUVIAS AISLADAS EN COAHUILA."},"content":{"rendered":"\n<p>Saltillo, Coahuila de Zaragoza; a 24 de febrero de 2025.- La Secretar\u00eda de Gobierno, a trav\u00e9s de la Subsecretar\u00eda de Protecci\u00f3n Civil Estatal, informa que el mi\u00e9rcoles 26 de febrero un nuevo frente fr\u00edo se aproximar\u00e1 e ingresar\u00e1 a la frontera norte de M\u00e9xico, propiciando rachas fuertes de viento, as\u00ed como lluvias aisladas en Coahuila.<\/p>\n\n\n\n<p>Por las ma\u00f1anas, se prev\u00e9n bancos de niebla en el estado y un ambiente fr\u00edo con temperaturas de 0 a 5 \u00b0C en las zonas altas de Coahuila.<\/p>\n\n\n\n<p><strong>TEMPERATURAS ESPERADAS:<\/strong><\/p>\n\n\n\n<p><strong>REGI\u00d3N NORTE:<\/strong><\/p>\n\n\n\n<p>* Lunes: M\u00e1xima 29\u00b0C \/ M\u00ednima 8\u00b0C<\/p>\n\n\n\n<p>* Martes: M\u00e1xima 30\u00b0C \/ M\u00ednima 9\u00b0C<\/p>\n\n\n\n<p>* Mi\u00e9rcoles: M\u00e1xima 28\u00b0C \/ M\u00ednima 13\u00b0C<\/p>\n\n\n\n<p>* Jueves: M\u00e1xima 25\u00b0C \/ M\u00ednima 8\u00b0C<\/p>\n\n\n\n<p>* Viernes: M\u00e1xima 26\u00b0C \/ M\u00ednima 10\u00b0C<\/p>\n\n\n\n<p><strong>REGI\u00d3N CARBON\u00cdFERA:<\/strong><\/p>\n\n\n\n<p>* Lunes: M\u00e1xima 31\u00b0C \/ M\u00ednima 9\u00b0C<\/p>\n\n\n\n<p>* Martes: M\u00e1xima 33\u00b0C \/ M\u00ednima 11\u00b0C<\/p>\n\n\n\n<p>* Mi\u00e9rcoles: M\u00e1xima 30\u00b0C \/ M\u00ednima 14\u00b0C<\/p>\n\n\n\n<p>* Jueves: M\u00e1xima 23\u00b0C \/ M\u00ednima 8\u00b0C<\/p>\n\n\n\n<p>* Viernes: M\u00e1xima 25\u00b0C \/ M\u00ednima 9\u00b0C<\/p>\n\n\n\n<p><strong>REGI\u00d3N CENTRO:<\/strong><\/p>\n\n\n\n<p>* Lunes: M\u00e1xima 31\u00b0C \/ M\u00ednima 13\u00b0C<\/p>\n\n\n\n<p>* Martes: M\u00e1xima 34\u00b0C \/ M\u00ednima 14\u00b0C<\/p>\n\n\n\n<p>* Mi\u00e9rcoles: M\u00e1xima 33\u00b0C \/ M\u00ednima 12\u00b0C<\/p>\n\n\n\n<p>* Jueves: M\u00e1xima 20\u00b0C \/ M\u00ednima 10\u00b0C<\/p>\n\n\n\n<p>* Viernes: M\u00e1xima 24\u00b0C \/ M\u00ednima 10\u00b0C<\/p>\n\n\n\n<p><strong>REGI\u00d3N LAGUNA:<\/strong><\/p>\n\n\n\n<p>* Lunes: M\u00e1xima 29\u00b0C \/ M\u00ednima 7\u00b0C<\/p>\n\n\n\n<p>* Martes: M\u00e1xima 39\u00b0C \/ M\u00ednima 12\u00b0C<\/p>\n\n\n\n<p>* Mi\u00e9rcoles: M\u00e1xima 29\u00b0C \/ M\u00ednima 10\u00b0C<\/p>\n\n\n\n<p>* Jueves: M\u00e1xima 24\u00b0C \/ M\u00ednima 7\u00b0C<\/p>\n\n\n\n<p>* Viernes: M\u00e1xima 27\u00b0C \/ M\u00ednima 10\u00b0C<\/p>\n\n\n\n<p><strong>REGI\u00d3N SURESTE:<\/strong><\/p>\n\n\n\n<p>* Lunes: M\u00e1xima 25\u00b0C \/ M\u00ednima 9\u00b0C<\/p>\n\n\n\n<p>* Martes: M\u00e1xima 29\u00b0C \/ M\u00ednima 12\u00b0C<\/p>\n\n\n\n<p>* Mi\u00e9rcoles: M\u00e1xima 29\u00b0C \/ M\u00ednima 10\u00b0C<\/p>\n\n\n\n<p>* Jueves: M\u00e1xima 14\u00b0C \/ M\u00ednima 7\u00b0C<\/p>\n\n\n\n<p>* Viernes: M\u00e1xima 21\u00b0C \/ M\u00ednima 8\u00b0C<\/p>\n\n\n\n<p><strong>OTRAS CONDICIONES:<\/strong><\/p>\n\n\n\n<p>Viento de 10 a 25 km\/h con rachas de 30 a 50 km\/h en las regiones Norte, Carbon\u00edfera y Centro.<\/p>\n\n\n\n<p><strong>RECOMENDACIONES:<\/strong><\/p>\n\n\n\n<p>* Abr\u00edgate bien, especialmente en las ma\u00f1anas y las noches.<\/p>\n\n\n\n<p>* Evita salir si hay vientos fuertes o lluvias intensas.<\/p>\n\n\n\n<p>* Maneja con precauci\u00f3n, ya que la lluvia y el viento pueden dificultar la visibilidad.<\/p>\n\n\n\n<p>* Mantente informado a trav\u00e9s de los avisos oficiales del Servicio Meteorol\u00f3gico Nacional y de Protecci\u00f3n Civil.<\/p>\n\n\n\n<p>El Sistema Estatal de Protecci\u00f3n Civil est\u00e1 atento a las condiciones del clima. Si es necesario, se enviar\u00e1n alertas y se brindar\u00e1 ayuda a la poblaci\u00f3n.<\/p>\n\n\n\n<p><strong>EN TU VIVIENDA<\/strong>:<\/p>\n\n\n\n<p>* Cierra y asegura puertas, ventanas o toldos.<\/p>\n\n\n\n<p>* Retira todos aquellos objetos que puedan caer a la calle y provocar un accidente.<\/p>\n\n\n\n<p>* Si los vidrios de las ventanas no son resistentes, coloca cinta adhesiva transparente en la parte interior para evitar que al romperse provoquen da\u00f1os.<\/p>\n\n\n\n<p>* Evita salir de casa si no es necesario.<\/p>\n\n\n\n<p><strong>EN LA CALLE O EN EL CAMPO:<\/strong><\/p>\n\n\n\n<p>* Al\u00e9jate de cornisas, muros o \u00e1rboles que puedan desprenderse.<\/p>\n\n\n\n<p>* Toma precauciones frente a edificaciones en construcci\u00f3n o en mal estado.<\/p>\n\n\n\n<p>* Abstente de subir a andamios sin las adecuadas medidas de protecci\u00f3n.<\/p>\n\n\n\n<p>* No te resguardes del viento en zonas cercanas a muros, \u00e1rboles o edificios en mal estado o en construcci\u00f3n.<\/p>\n\n\n\n<p><strong>SI EST\u00c1S CONDUCIENDO:<\/strong><\/p>\n\n\n\n<p>* Evita manejar por \u00e1reas inundadas y por agua estancada.<\/p>\n\n\n\n<p>* Ten precauci\u00f3n, ya que son frecuentes los cortes en v\u00edas debido a la ca\u00edda de \u00e1rboles y cables el\u00e9ctricos.<\/p>\n\n\n\n<p>* Conduce con cuidado, ya que puede haber formaci\u00f3n de nubes de polvo.<\/p>\n\n\n\n<p>* Si tu auto se ve afectado por la fuerza del viento, evita los rebases y ten precauci\u00f3n en los cruces y puentes.<\/p>\n\n\n\n<p>* Conduce con precauci\u00f3n, disminuyendo la velocidad y con las luces encendidas si la visibilidad es escasa.<\/p>\n\n\n\n<p>* Ten precauci\u00f3n al adelantar veh\u00edculos de carga pesada, ya que pueden hacer movimientos imprevistos.<\/p>\n\n\n\n<p>* Localiza con anticipaci\u00f3n los Refugios Temporales habilitados por las autoridades en la p\u00e1gina&nbsp;<a href=\"http:\/\/proteccioncivil.sfpcoahuila.gob.mx\/modulo22.php?opcion=8\" target=\"_blank\" rel=\"noreferrer noopener\">http:\/\/proteccioncivil.sfpcoahuila.gob.mx\/modulo22.php?opcion=8<\/a>.<\/p>\n\n\n\n<p><strong>PARA LAS ZONAS ALTAS DEL ESTADO, DONDE HABR\u00c1 DESCENSO EN LAS TEMPERATURAS:<\/strong><\/p>\n\n\n\n<p>* Evita intoxicaciones por el uso de carb\u00f3n, le\u00f1a y gas como fuentes de calefacci\u00f3n en el interior de las casas.<\/p>\n\n\n\n<p>* Verifica que tu casa no tenga filtraciones de aire. Sella puertas y ventanas con cinta adhesiva u otros materiales similares.<\/p>\n\n\n\n<p>* Abr\u00edgate con ropa adecuada (gorro, bufanda, tapabocas, guantes, chamarra, etc.) y permanece, en lo posible, en lugares cerrados.<\/p>\n\n\n\n<p>* Bebe l\u00edquidos calientes y consume alimentos ricos en carbohidratos (energ\u00eda), como pan, tortillas, chocolates y grasas, as\u00ed como vitaminas \u201cC\u201d (c\u00edtricos, ciruelas, guayaba, pi\u00f1a, etc.).<\/p>\n\n\n\n<p>* Si los materiales con los que est\u00e1 construida tu casa son l\u00e1minas, madera o cart\u00f3n, identifica el Refugio Temporal m\u00e1s cercano y, en caso de necesidad, trasl\u00e1dalo hacia \u00e9l.<\/p>\n\n\n\n<p>* Informa a las autoridades competentes y procura especial cuidado a los grupos o personas vulnerables (menores de edad, adultos mayores, enfermos, personas con discapacidades y en situaci\u00f3n de calle) para su atenci\u00f3n.<\/p>\n\n\n\n<p>* Si padeces enfermedades respiratorias o cardiacas, evita las corrientes de aire fr\u00edo y no salgas a zonas fr\u00edas.<\/p>\n\n\n\n<p>* Ubica con anticipaci\u00f3n los Refugios Temporales habilitados por las autoridades para estos casos en la p\u00e1gina&nbsp;<a href=\"http:\/\/proteccioncivil.sfpcoahuila.gob.mx\/modulo22.php?opcion=8\" target=\"_blank\" rel=\"noreferrer noopener\">http:\/\/proteccioncivil.sfpcoahuila.gob.mx\/modulo22.php?opcion=8<\/a>.<\/p>\n\n\n\n<p>* \u00a1Evita incendios! No sobrecargues las tomas de corriente el\u00e9ctrica con aparatos el\u00e9ctricos.<\/p>\n\n\n\n<p>Mantente informado por los medios oficiales de comunicaci\u00f3n y atento a los avisos que emita el Servicio Meteorol\u00f3gico Nacional y la Subsecretar\u00eda de Protecci\u00f3n Civil del Estado.<\/p>\n\n\n\n<p>Ante cualquier emergencia, la ciudadan\u00eda puede llamar al 911.<\/p>\n","protected":false},"excerpt":{"rendered":"<p>Saltillo, Coahuila de Zaragoza; a 24 de febrero de 2025.- La Secretar\u00eda de Gobierno, a trav\u00e9s de la Subsecretar\u00eda de Protecci\u00f3n Civil Estatal, informa que el mi\u00e9rcoles 26 de febrero un nuevo frente fr\u00edo se aproximar\u00e1 e ingresar\u00e1 a la frontera norte de M\u00e9xico, propiciando rachas fuertes de viento, as\u00ed como lluvias aisladas en Coahuila. Por las ma\u00f1anas, se prev\u00e9n bancos de niebla en el estado y un ambiente fr\u00edo&#8230;<\/p>\n","protected":false},"author":1,"featured_media":24816,"comment_status":"closed","ping_status":"","sticky":false,"template":"","format":"standard","meta":{"footnotes":""},"categories":[27,5,15,54],"tags":[],"class_list":["post-24815","post","type-post","status-publish","format-standard","has-post-thumbnail","hentry","category-clima","category-coahuila","category-gobierno-de-coahuila","category-proteccion-civil","wpcat-27-id","wpcat-5-id","wpcat-15-id","wpcat-54-id"],"_links":{"self":[{"href":"https:\/\/www.aquilaguna.com\/index.php\/wp-json\/wp\/v2\/posts\/24815","targetHints":{"allow":["GET"]}}],"collection":[{"href":"https:\/\/www.aquilaguna.com\/index.php\/wp-json\/wp\/v2\/posts"}],"about":[{"href":"https:\/\/www.aquilaguna.com\/index.php\/wp-json\/wp\/v2\/types\/post"}],"author":[{"embeddable":true,"href":"https:\/\/www.aquilaguna.com\/index.php\/wp-json\/wp\/v2\/users\/1"}],"replies":[{"embeddable":true,"href":"https:\/\/www.aquilaguna.com\/index.php\/wp-json\/wp\/v2\/comments?post=24815"}],"version-history":[{"count":1,"href":"https:\/\/www.aquilaguna.com\/index.php\/wp-json\/wp\/v2\/posts\/24815\/revisions"}],"predecessor-version":[{"id":24817,"href":"https:\/\/www.aquilaguna.com\/index.php\/wp-json\/wp\/v2\/posts\/24815\/revisions\/24817"}],"wp:featuredmedia":[{"embeddable":true,"href":"https:\/\/www.aquilaguna.com\/index.php\/wp-json\/wp\/v2\/media\/24816"}],"wp:attachment":[{"href":"https:\/\/www.aquilaguna.com\/index.php\/wp-json\/wp\/v2\/media?parent=24815"}],"wp:term":[{"taxonomy":"category","embeddable":true,"href":"https:\/\/www.aquilaguna.com\/index.php\/wp-json\/wp\/v2\/categories?post=24815"},{"taxonomy":"post_tag","embeddable":true,"href":"https:\/\/www.aquilaguna.com\/index.php\/wp-json\/wp\/v2\/tags?post=24815"}],"curies":[{"name":"wp","href":"https:\/\/api.w.org\/{rel}","templated":true}]}}