{"id":24818,"date":"2025-02-24T19:08:43","date_gmt":"2025-02-25T01:08:43","guid":{"rendered":"https:\/\/www.aquilaguna.com\/?p=24818"},"modified":"2025-02-24T19:08:43","modified_gmt":"2025-02-25T01:08:43","slug":"arranca-manolo-programa-mejora-tu-escuela","status":"publish","type":"post","link":"https:\/\/www.aquilaguna.com\/index.php\/2025\/02\/24\/arranca-manolo-programa-mejora-tu-escuela\/","title":{"rendered":"ARRANCA MANOLO PROGRAMA MEJORA TU ESCUELA."},"content":{"rendered":"\n<p>\u00b7&nbsp;&nbsp;&nbsp;&nbsp;&nbsp;&nbsp;<strong><em>Desde Piedras Negras, detona Gobernador del Estado los proyectos \u201cMejora tu Escuela\u201d y \u201cLunes C\u00edvicos\u201d<\/em><\/strong><\/p>\n\n\n\n<p>\u00b7&nbsp;&nbsp;&nbsp;&nbsp;&nbsp;&nbsp;<strong><em>Encabeza Gobernador Manolo Jim\u00e9nez y General Eufemio Alberto Ibarra celebraci\u00f3n del d\u00eda de la Bandera<\/em><\/strong><\/p>\n\n\n\n<p>Piedras Negras, Coahuila de Zaragoza; a 24 de febrero de 2025.- Desde Piedras Negras, al presidir la ceremonia del D\u00eda de la Bandera, evento que se llev\u00f3 a cabo de manera simult\u00e1nea en los 38 municipios de Coahuila y en todas las entidades federativas del Pa\u00eds, y en el que estuvo acompa\u00f1ado por el General Eufemio Alberto Ibarra Flores, Comandante de la XI Regi\u00f3n Militar, el gobernador Manolo Jim\u00e9nez Salinas reiter\u00f3 su compromiso con la educaci\u00f3n de las ni\u00f1as, ni\u00f1os y j\u00f3venes de todo el estado, as\u00ed como en los temas de seguridad, desarrollo econ\u00f3mico y migraci\u00f3n.&nbsp;<\/p>\n\n\n\n<p>&#8220;\u00a1Nuestra hermosa bandera que ondea en el asta m\u00e1s grande de M\u00e9xico, orgullosamente est\u00e1 en Coahuila! Desde Piedras Negras, hoy celebramos nuestros s\u00edmbolos patrios con el izamiento de este majestuoso l\u00e1baro, que representa la esperanza, la unidad y la lucha de todos los mexicanos. Este gran evento c\u00edvico lo replicamos en los 38 municipios, donde adem\u00e1s anunciamos el gran programa \u201cMejora tu Escuela\u201d, destac\u00f3.<\/p>\n\n\n\n<p>Dio a conocer que, con el proyecto \u201cMejora tu Escuela&#8221;, se estar\u00e1n realizando obras de infraestructura, fortaleciendo el apoyo con material deportivo, pintura, limpieza, mobiliario y, sobre todo, para fortalecer la cercan\u00eda de su gobierno con las y los maestros, con los directivos, y con quienes, dijo, son el alma de cualquier plantel educativo: las y los estudiantes.<\/p>\n\n\n\n<p>Tambi\u00e9n anunci\u00f3 la implementaci\u00f3n de los \u201cLunes C\u00edvicos\u201d, con el cual,&nbsp;&nbsp;permanentemente \u00e9l y los integrantes de su equipo de trabajo estar\u00e1n en escuelas de todos los municipios de nuestro estado para fortalecer estos valores patrios.<\/p>\n\n\n\n<p>Record\u00f3 que ambos proyectos son parte del gran programa Impulso Educativo, con el cual se busca fortalecer la educaci\u00f3n en Coahuila, porque, asegur\u00f3, la educaci\u00f3n es una de las herramientas m\u00e1s poderosas que le podemos dar a nuestras ni\u00f1as, ni\u00f1os, j\u00f3venes y adolescentes para que puedan salir adelante.&nbsp;<\/p>\n\n\n\n<p>\u201cHoy en este D\u00eda de la Bandera, reiteramos nuestro compromiso con la educaci\u00f3n del presente y futuro de Coahuila, nuestras ni\u00f1as, ni\u00f1os, j\u00f3venes y adolescentes\u201d, enfatiz\u00f3.<\/p>\n\n\n\n<p>Manolo Jim\u00e9nez se\u00f1al\u00f3 que la seguridad es un tema prioritario para las y los coahuilenses, tema que ayuda para mandar un mensaje de unidad, voluntad y coordinaci\u00f3n entre el estado, las fuerzas armadas, los poderes del estado, la fiscal\u00eda, los municipios, la sociedad civil, \u201cestamos presentes todas y todos quienes hacemos frente para blindar a Coahuila\u201d.<\/p>\n\n\n\n<p>De la misma manera, indic\u00f3 que se estar\u00e1n fortaleciendo los proyectos de desarrollo econ\u00f3mico, los empleos y las obras.<\/p>\n\n\n\n<p>\u201cEl tema de la migraci\u00f3n es algo que vamos a seguir fortaleciendo y colaborando con el Gobierno Federal para fortalecer la soberan\u00eda de nuestro pa\u00eds y para fortalecer la relaci\u00f3n comercial con nuestro vecino de Estados Unidos, y de esta manera, entre todas y todos seguir fortaleciendo la grandeza de Coahuila\u201d, manifest\u00f3 el gobernador Manolo Jim\u00e9nez Salinas.<\/p>\n\n\n\n<p>En esta ceremonia, de manera remota y simult\u00e1nea, Claudia Sheinbaum Pardo, presidenta de los Estados Unidos Mexicanos, realiz\u00f3 la jura de bandera en las ciudades capitales de las entidades federativas, desde el Cerro del Tehuehue, en Iguala, Guerrero.<\/p>\n\n\n\n<p>En esta ceremonia acompa\u00f1aron al gobernador, adem\u00e1s, Luz Elena Morales N\u00fa\u00f1ez, diputada presidenta de la Junta de Gobierno del H. Congreso local; Miguel Felipe Mery Ayup, magistrado presidente del Tribunal Superior de Justicia; Carlos Jacobo Rodr\u00edguez Gonz\u00e1lez, presidente municipal de Piedras Negras; Guillermo Ruiz Guerra, diputado local;&nbsp;<\/p>\n\n\n\n<p>General Brigadier de Estado Mayor Jos\u00e9 Luis Cruz Aguilar, comandante de la 47 Zona Militar; Federico Fern\u00e1ndez Monta\u00f1ez, fiscal general del Estado de Coahuila de Zaragoza; Hugo Eduardo Guti\u00e9rrez Rodr\u00edguez, secretario de Seguridad P\u00fablica; General de Brigada DEM Jos\u00e9 Luis Sedano Ram\u00edrez, Comisario y Coordinador General de Guardia Nacional; Emanuel Garza Fishburn, secretario de Educaci\u00f3n; Sonia Villarreal P\u00e9rez, subsecretaria de Gobierno en la regi\u00f3n Norte.<\/p>\n","protected":false},"excerpt":{"rendered":"<p>\u00b7&nbsp;&nbsp;&nbsp;&nbsp;&nbsp;&nbsp;Desde Piedras Negras, detona Gobernador del Estado los proyectos \u201cMejora tu Escuela\u201d y \u201cLunes C\u00edvicos\u201d \u00b7&nbsp;&nbsp;&nbsp;&nbsp;&nbsp;&nbsp;Encabeza Gobernador Manolo Jim\u00e9nez y General Eufemio Alberto Ibarra celebraci\u00f3n del d\u00eda de la Bandera Piedras Negras, Coahuila de Zaragoza; a 24 de febrero de 2025.- Desde Piedras Negras, al presidir la ceremonia del D\u00eda de la Bandera, evento que se llev\u00f3 a cabo de manera simult\u00e1nea en los 38 municipios de Coahuila y en&#8230;<\/p>\n","protected":false},"author":1,"featured_media":24819,"comment_status":"closed","ping_status":"","sticky":false,"template":"","format":"standard","meta":{"footnotes":""},"categories":[5,9,15],"tags":[],"class_list":["post-24818","post","type-post","status-publish","format-standard","has-post-thumbnail","hentry","category-coahuila","category-educacion","category-gobierno-de-coahuila","wpcat-5-id","wpcat-9-id","wpcat-15-id"],"_links":{"self":[{"href":"https:\/\/www.aquilaguna.com\/index.php\/wp-json\/wp\/v2\/posts\/24818","targetHints":{"allow":["GET"]}}],"collection":[{"href":"https:\/\/www.aquilaguna.com\/index.php\/wp-json\/wp\/v2\/posts"}],"about":[{"href":"https:\/\/www.aquilaguna.com\/index.php\/wp-json\/wp\/v2\/types\/post"}],"author":[{"embeddable":true,"href":"https:\/\/www.aquilaguna.com\/index.php\/wp-json\/wp\/v2\/users\/1"}],"replies":[{"embeddable":true,"href":"https:\/\/www.aquilaguna.com\/index.php\/wp-json\/wp\/v2\/comments?post=24818"}],"version-history":[{"count":1,"href":"https:\/\/www.aquilaguna.com\/index.php\/wp-json\/wp\/v2\/posts\/24818\/revisions"}],"predecessor-version":[{"id":24820,"href":"https:\/\/www.aquilaguna.com\/index.php\/wp-json\/wp\/v2\/posts\/24818\/revisions\/24820"}],"wp:featuredmedia":[{"embeddable":true,"href":"https:\/\/www.aquilaguna.com\/index.php\/wp-json\/wp\/v2\/media\/24819"}],"wp:attachment":[{"href":"https:\/\/www.aquilaguna.com\/index.php\/wp-json\/wp\/v2\/media?parent=24818"}],"wp:term":[{"taxonomy":"category","embeddable":true,"href":"https:\/\/www.aquilaguna.com\/index.php\/wp-json\/wp\/v2\/categories?post=24818"},{"taxonomy":"post_tag","embeddable":true,"href":"https:\/\/www.aquilaguna.com\/index.php\/wp-json\/wp\/v2\/tags?post=24818"}],"curies":[{"name":"wp","href":"https:\/\/api.w.org\/{rel}","templated":true}]}}