{"id":24825,"date":"2025-02-25T19:12:55","date_gmt":"2025-02-26T01:12:55","guid":{"rendered":"https:\/\/www.aquilaguna.com\/?p=24825"},"modified":"2025-02-25T19:12:55","modified_gmt":"2025-02-26T01:12:55","slug":"celebra-aidh-de-la-uadec-10-anos-de-contribuir-a-mejorar-los-mecanismos-de-proteccion-y-acceso-a-la-justicia-con-respeto-a-los-derechos-humanos","status":"publish","type":"post","link":"https:\/\/www.aquilaguna.com\/index.php\/2025\/02\/25\/celebra-aidh-de-la-uadec-10-anos-de-contribuir-a-mejorar-los-mecanismos-de-proteccion-y-acceso-a-la-justicia-con-respeto-a-los-derechos-humanos\/","title":{"rendered":"Celebra AIDH de la UAdeC 10 A\u00f1os de Contribuir a Mejorar los Mecanismos de Protecci\u00f3n y Acceso a la Justicia con Respeto a los Derechos Humanos."},"content":{"rendered":"\n<p>ARTEAGA, Coahuila. 25 de febrero de 2025. La Academia Interamericana de<br>Derechos Humanos de la Universidad Aut\u00f3noma de Coahuila, celebra su D\u00e9cimo<br>Aniversario de ser referente nacional e internacional para mejorar los mecanismos de<br>protecci\u00f3n y acceso a la justicia para grupos vulnerables, las mujeres, los ni\u00f1os, los<br>migrantes, adultos mayores, los pueblos ind\u00edgenas y de contribuir a crear una<br>sociedad m\u00e1s sensible, solidaria, emp\u00e1tica y justa a trav\u00e9s de la educaci\u00f3n.<\/p>\n\n\n\n<p>En la casa morada de la AIDH fue la ceremonia de aniversario, encabezada en<br>representaci\u00f3n del gobernador del estado, Manolo Jim\u00e9nez Salinas, por el jefe de<br>Gabinete y Proyectos Estrat\u00e9gicos, Blas Jos\u00e9 Flores Gonz\u00e1lez; el fundador de la<br>Academia, el magistrado Luis Efr\u00e9n R\u00edos Vega y la directora general, Irene Spigno,<br>En su mensaje, Irene Spigno agradeci\u00f3 la presencia de los representantes de<br>instituciones que, dijo, han sido aliadas con la Academia desde distintas trincheras y<br>por formar parte del Comit\u00e9 de Festejos Conmemorativos de los 10 a\u00f1os de la AIDH,<br>la primera d\u00e9cada de una historia de gran transformaci\u00f3n, trabajo incansable desde<br>la el \u00e1rea acad\u00e9mica para construir una sociedad en la que los derechos humanos<br>sean una realidad.<\/p>\n\n\n\n<p>Inform\u00f3 que a lo largo de este a\u00f1o tendr\u00e1n varias actividades que buscan involucrar<br>tanto a la comunidad acad\u00e9mica y universitaria, como a la sociedad en general, con<br>el objetivo de difundir m\u00e1s la cultura de los derechos humanos y fortalecer la<br>presencia de nuestra instituci\u00f3n y de la Universidad Aut\u00f3noma de Coahuila en el<br>contexto local, pero tambi\u00e9n con una mirada m\u00e1s amplia a nivel global.<\/p>\n\n\n\n<p>Entre las actividades a realizar ser\u00e1 un congreso internacional sobre pasado,<br>presente y futuro de los derechos humanos, una competencia interamericana de<br>debate sobre derechos humanos, un concurso de investigaci\u00f3n jur\u00eddica, la difusi\u00f3n<br>de un libro sobre los 10 a\u00f1os de la academia, un podcast donde se abordar\u00e1n temas<br>actuales de derechos humanos y la publicaci\u00f3n del primer n\u00famero y, tambi\u00e9n de las<br>siguientes ediciones de la revista estudiantil.<\/p>\n\n\n\n<p>Dijo adem\u00e1s una semana cultural y deportiva en la que realizar\u00e1n varios eventos<br>deportivos como torneos de f\u00fatbol, boliche, p\u00e1del, una campa\u00f1a p\u00fablica de<br>reforestaci\u00f3n, una carrera deportiva y otras actividades art\u00edsticas como baile, canto,<br>teatro, cine, pintura, y habr\u00e1 m\u00e1s actividades y sorpresas.<\/p>\n\n\n\n<p>\u201cSi queremos escribir nuestra mejor historia, necesitamos fuerza, disciplina,<br>honestidad, empat\u00eda y compromiso, valores que nos permitan superar los<br>obst\u00e1culos, adversidades y desaf\u00edos que se crucen en nuestro camino, esto es lo<br>que ha hecho la academia en estos primeros 10 a\u00f1os, nuestro objetivo desde el<br>principio ha sido claro: crear nuevas formas de entender, ense\u00f1ar y aprender el<\/p>\n\n\n\n<p>derecho y los derechos humanos no solo de fomentar la profesionalizaci\u00f3n,<br>especializaci\u00f3n y alta calidad acad\u00e9mica, sino tambi\u00e9n de conseguir el derecho<br>como una medicina social con la capacidad de mejorar la calidad de vida de las<br>personas y la salud de nuestras sociedades\u201d, afirm\u00f3 Irene Spigno.<\/p>\n\n\n\n<p>La directora de la AIDH, destac\u00f3 el compromiso de la academia, que es seguir<br>transformando a la realidad social, con la herramienta m\u00e1s poderosa que es la<br>educaci\u00f3n y en especial la educaci\u00f3n jur\u00eddica, que permite fortalecer una<br>institucionalidad s\u00f3lida y democr\u00e1tica, comprometida con los derechos humanos de<br>todas las personas, \u201cFormamos agentes de cambios social que luchan para que la<br>dignidad de todas las personas sea respetada y protegida, con profesionales del<br>derecho emp\u00e1ticos, solidarios, sensibles, con la conciencia de que los juristas son<br>los arquitectos de la transformaci\u00f3n social\u201d.<\/p>\n\n\n\n<p>La investigadora Ad Vitam de la AIDH, la doctora Olga Mar\u00eda del Carmen S\u00e1nchez<br>Cordero envi\u00f3 un mensaje de felicitaci\u00f3n y destac\u00f3 el an\u00e1lisis riguroso de la<br>Academia para buscar soluciones a los grandes problemas de nuestras<br>comunidades, \u201cA lo largo de mi vida p\u00fablica he procurado impulsar la progresividad<br>de nuestros derechos, sobre todo de los derechos de las minor\u00edas, los derechos de<br>las mujeres, los derechos de la ni\u00f1ez y la protecci\u00f3n de estos\u201d.<\/p>\n\n\n\n<p>El Magistrado Luis Efr\u00e9n R\u00edos Vega, fundador de la Academia se\u00f1al\u00f3 que son pocos<br>los a\u00f1os, pero han sido suficientes para consolidar el camino de esta gran<br>Instituci\u00f3n, gracias a las autoridades de la universidad, de gobierno estatal y de la<br>sociedad civil, por el apoyo para el debido funcionamiento de este hogar<br>universitario.<\/p>\n\n\n\n<p>Dijo que durante todo este periodo de tiempo, la Universidad Aut\u00f3noma de Coahuila<br>ha sido calve en la construcci\u00f3n de las bases institucionales para implementar un<br>gran proyecto de estado, la educaci\u00f3n, la investigaci\u00f3n del derecho con perspectiva<br>en derechos humanos, que sin duda, se ha convertido en una gran instituci\u00f3n<br>educativa con reconocimiento nacional e internacional, es adem\u00e1s la principal<br>garant\u00eda de transformaci\u00f3n social que establece la carta de derechos civiles de<br>nuestra entidad, para asegurar los fines de la sociedad democr\u00e1tica, m\u00e1s libertad,<br>igualdad y fraternidad de nuestra comunidad.<\/p>\n\n\n\n<p>Por su parte Blas Jos\u00e9 Flores Gonz\u00e1lez, jefe de Gabinete y Proyectos Estrat\u00e9gicos el<br>Gobierno del estado de Coahuila, felicit\u00f3 a la comunidad de la AIDH por 10 a\u00f1os de<br>esfuerzo y de constante Innovaci\u00f3n, pero sobre todo por atreverse a poner en la<br>agenda p\u00fablica y como una prioridad a los Derechos humanos, un tema de alto<br>sentido social, \u201cEste Centro de investigaciones naci\u00f3 con un prop\u00f3sito claro,<br>acompa\u00f1ar a la sociedad en su lucha por defender y salvaguardar los derechos<br>fundamentales, educar, formar futuros profesionistas con un alto sentido humano y<br>sensibles a las necesidades de nuestra sociedad\u201d, afirm\u00f3.<\/p>\n\n\n\n<p>Durante el evento anunciaron que lograron un acuerdo la Universidad Aut\u00f3noma de<br>Coahuila, con el Gobierno del Estado, y la academia interamericana de Derechos<br>humanos para la firma del convenio que permitir\u00e1 la construcci\u00f3n de las \u00e1reas<br>recreativas del edificio de Derechos Humanos Siglo 21.<\/p>\n\n\n\n<p>Al finalizar la ceremonia inauguraron la galer\u00eda de fotograf\u00edas \u201cLa era morada 2015<br>2025\u201d, que muestra en im\u00e1genes el desarrollo de la academia durante una d\u00e9cada.<\/p>\n","protected":false},"excerpt":{"rendered":"<p>ARTEAGA, Coahuila. 25 de febrero de 2025. La Academia Interamericana deDerechos Humanos de la Universidad Aut\u00f3noma de Coahuila, celebra su D\u00e9cimoAniversario de ser referente nacional e internacional para mejorar los mecanismos deprotecci\u00f3n y acceso a la justicia para grupos vulnerables, las mujeres, los ni\u00f1os, losmigrantes, adultos mayores, los pueblos ind\u00edgenas y de contribuir a crear unasociedad m\u00e1s sensible, solidaria, emp\u00e1tica y justa a trav\u00e9s de la educaci\u00f3n. En la casa&#8230;<\/p>\n","protected":false},"author":1,"featured_media":24826,"comment_status":"closed","ping_status":"","sticky":false,"template":"","format":"standard","meta":{"footnotes":""},"categories":[2],"tags":[],"class_list":["post-24825","post","type-post","status-publish","format-standard","has-post-thumbnail","hentry","category-uadec","wpcat-2-id"],"_links":{"self":[{"href":"https:\/\/www.aquilaguna.com\/index.php\/wp-json\/wp\/v2\/posts\/24825","targetHints":{"allow":["GET"]}}],"collection":[{"href":"https:\/\/www.aquilaguna.com\/index.php\/wp-json\/wp\/v2\/posts"}],"about":[{"href":"https:\/\/www.aquilaguna.com\/index.php\/wp-json\/wp\/v2\/types\/post"}],"author":[{"embeddable":true,"href":"https:\/\/www.aquilaguna.com\/index.php\/wp-json\/wp\/v2\/users\/1"}],"replies":[{"embeddable":true,"href":"https:\/\/www.aquilaguna.com\/index.php\/wp-json\/wp\/v2\/comments?post=24825"}],"version-history":[{"count":1,"href":"https:\/\/www.aquilaguna.com\/index.php\/wp-json\/wp\/v2\/posts\/24825\/revisions"}],"predecessor-version":[{"id":24827,"href":"https:\/\/www.aquilaguna.com\/index.php\/wp-json\/wp\/v2\/posts\/24825\/revisions\/24827"}],"wp:featuredmedia":[{"embeddable":true,"href":"https:\/\/www.aquilaguna.com\/index.php\/wp-json\/wp\/v2\/media\/24826"}],"wp:attachment":[{"href":"https:\/\/www.aquilaguna.com\/index.php\/wp-json\/wp\/v2\/media?parent=24825"}],"wp:term":[{"taxonomy":"category","embeddable":true,"href":"https:\/\/www.aquilaguna.com\/index.php\/wp-json\/wp\/v2\/categories?post=24825"},{"taxonomy":"post_tag","embeddable":true,"href":"https:\/\/www.aquilaguna.com\/index.php\/wp-json\/wp\/v2\/tags?post=24825"}],"curies":[{"name":"wp","href":"https:\/\/api.w.org\/{rel}","templated":true}]}}