{"id":24851,"date":"2025-02-26T18:05:35","date_gmt":"2025-02-27T00:05:35","guid":{"rendered":"https:\/\/www.aquilaguna.com\/?p=24851"},"modified":"2025-02-26T18:05:35","modified_gmt":"2025-02-27T00:05:35","slug":"celebra-noveno-aniversario-la-infoteca-arteaga-de-la-uadec","status":"publish","type":"post","link":"https:\/\/www.aquilaguna.com\/index.php\/2025\/02\/26\/celebra-noveno-aniversario-la-infoteca-arteaga-de-la-uadec\/","title":{"rendered":"Celebra Noveno Aniversario la Infoteca Arteaga de la UAdeC."},"content":{"rendered":"\n<p>ARTEAGA, Coahuila. 26 de febrero de 2025. Para celebrar su noveno aniversario, la<br>Infoteca Arteaga de la Universidad Aut\u00f3noma de Coahuila, llev\u00f3 a cabo la<br>Premiaci\u00f3n del Quinto Concurso de Fotograf\u00eda \u201cEdificios y Espacios de la UAdeC\u201d,<br>as\u00ed como el Conversatorio \u201c30 a\u00f1os de Rock Ind\u00edgena\u201d, la inauguraci\u00f3n de la<br>exposici\u00f3n \u201cClopedia\u201d y la exhibici\u00f3n de Sumo de Robots.<\/p>\n\n\n\n<p>En la ceremonia se cont\u00f3 con la presencia del rector de la m\u00e1xima casa de estudios,<br>Octavio Pimentel Mart\u00ednez, el oficial mayor, Josu\u00e9 Garza Carrales, la coordinadora<br>de Unidad Sureste, Eva Kerena Hern\u00e1ndez Mart\u00ednez, la directora de Asuntos<br>Acad\u00e9micos, Adriana Centeno Aranda y la coordinadora general de Administraci\u00f3n<br>Patrimonial y de Servicios, Paulette Sece\u00f1as V\u00e1zquez.<\/p>\n\n\n\n<p>Adem\u00e1s, el coordinador del Sistema de Infotecas Centrales, Salvador Zamora Trujillo<br>y la subcoordinadora de la Infoteca Arteaga, Patricia Gonz\u00e1lez S\u00e1nchez, as\u00ed como,<br>directores de las diversas Escuelas y Facultades del Campus Arteaga, alumnos y<br>docentes.<\/p>\n\n\n\n<p>En su mensaje, el Rector, coment\u00f3 que estos nueve a\u00f1os de historia de la Infoteca<br>Arteaga se han logrado gracias al esfuerzo y dedicaci\u00f3n de muchos universitarios<br>quienes han fortalecido esta \u00e1rea, por ello, solicit\u00f3 que para el d\u00e9cimo aniversario se<br>forme un comit\u00e9 que organice actividades acad\u00e9micas y culturales que fomenten el<br>di\u00e1logo para construir una mejor sociedad.<\/p>\n\n\n\n<p>Durante la ceremonia se llev\u00f3 a cabo la Premiaci\u00f3n del Quinto Concurso de<br>Fotograf\u00eda \u201cEdificios y Espacios de la UAdeC\u201d, los ganadores de esta edici\u00f3n son:<br>Primer lugar, Daniela L\u00f3pez Mendoza de la Facultad de Artes Pl\u00e1sticas; segundo<br>lugar, Juan Pacheco Flores de la Facultad de Arquitectura y tercer lugar, C\u00e9sar<br>C\u00e1rdenas Santana de la Facultad de Artes Pl\u00e1sticas.<\/p>\n\n\n\n<p>Tambi\u00e9n se reconoci\u00f3 con menciones especiales a Sof\u00eda Valero de la Facultad de<br>Arquitectura y a Dariana Lucio de la Facultad de Artes Pl\u00e1sticas, as\u00ed como a los<br>alumnos de la Facultad de Artes Pl\u00e1sticas que participaron en la creaci\u00f3n del logo<br>del noveno aniversario, Renata Berlanga Blanco, Jacob Alcantar Casta\u00f1eda y con el<br>logo elegido, Valeria Arriaga Montenegro.<\/p>\n\n\n\n<p>As\u00ed mismo, se reconoci\u00f3 al jurado calificador conformado por la coordinadora general<br>de Administraci\u00f3n Patrimonial y de Servicios, Paulette Sece\u00f1as V\u00e1zquez, el director<br>de la Facultad de Artes Pl\u00e1sticas, Dar\u00edo Aguill\u00f3n y el director de la Facultad de<br>Arquitectura, Jes\u00fas Alberto Padilla; en el evento se cont\u00f3 con la participaci\u00f3n musical<br>del Ensamble Marlom Music conformado por estudiantes de la Escuela Superior de<br>M\u00fasica.<\/p>\n","protected":false},"excerpt":{"rendered":"<p>ARTEAGA, Coahuila. 26 de febrero de 2025. Para celebrar su noveno aniversario, laInfoteca Arteaga de la Universidad Aut\u00f3noma de Coahuila, llev\u00f3 a cabo laPremiaci\u00f3n del Quinto Concurso de Fotograf\u00eda \u201cEdificios y Espacios de la UAdeC\u201d,as\u00ed como el Conversatorio \u201c30 a\u00f1os de Rock Ind\u00edgena\u201d, la inauguraci\u00f3n de laexposici\u00f3n \u201cClopedia\u201d y la exhibici\u00f3n de Sumo de Robots. En la ceremonia se cont\u00f3 con la presencia del rector de la m\u00e1xima casa de&#8230;<\/p>\n","protected":false},"author":1,"featured_media":24852,"comment_status":"closed","ping_status":"","sticky":false,"template":"","format":"standard","meta":{"footnotes":""},"categories":[2],"tags":[],"class_list":["post-24851","post","type-post","status-publish","format-standard","has-post-thumbnail","hentry","category-uadec","wpcat-2-id"],"_links":{"self":[{"href":"https:\/\/www.aquilaguna.com\/index.php\/wp-json\/wp\/v2\/posts\/24851","targetHints":{"allow":["GET"]}}],"collection":[{"href":"https:\/\/www.aquilaguna.com\/index.php\/wp-json\/wp\/v2\/posts"}],"about":[{"href":"https:\/\/www.aquilaguna.com\/index.php\/wp-json\/wp\/v2\/types\/post"}],"author":[{"embeddable":true,"href":"https:\/\/www.aquilaguna.com\/index.php\/wp-json\/wp\/v2\/users\/1"}],"replies":[{"embeddable":true,"href":"https:\/\/www.aquilaguna.com\/index.php\/wp-json\/wp\/v2\/comments?post=24851"}],"version-history":[{"count":1,"href":"https:\/\/www.aquilaguna.com\/index.php\/wp-json\/wp\/v2\/posts\/24851\/revisions"}],"predecessor-version":[{"id":24853,"href":"https:\/\/www.aquilaguna.com\/index.php\/wp-json\/wp\/v2\/posts\/24851\/revisions\/24853"}],"wp:featuredmedia":[{"embeddable":true,"href":"https:\/\/www.aquilaguna.com\/index.php\/wp-json\/wp\/v2\/media\/24852"}],"wp:attachment":[{"href":"https:\/\/www.aquilaguna.com\/index.php\/wp-json\/wp\/v2\/media?parent=24851"}],"wp:term":[{"taxonomy":"category","embeddable":true,"href":"https:\/\/www.aquilaguna.com\/index.php\/wp-json\/wp\/v2\/categories?post=24851"},{"taxonomy":"post_tag","embeddable":true,"href":"https:\/\/www.aquilaguna.com\/index.php\/wp-json\/wp\/v2\/tags?post=24851"}],"curies":[{"name":"wp","href":"https:\/\/api.w.org\/{rel}","templated":true}]}}